{"id":47269,"date":"2012-01-22T20:22:09","date_gmt":"2012-01-22T18:22:09","guid":{"rendered":"http:\/\/www.korhanyilmaz.com\/?p=47269"},"modified":"2012-01-22T22:34:33","modified_gmt":"2012-01-22T20:34:33","slug":"turkiyeye-elestiri-inandiriciligini-yitiriyor","status":"publish","type":"post","link":"http:\/\/www.korhanyilmaz.com\/?p=47269","title":{"rendered":"T\u00fcrkiye&#8217;ye ele\u015ftiri: \u0130nand\u0131r\u0131c\u0131l\u0131\u011f\u0131n\u0131 yitiriyor"},"content":{"rendered":"<p style=\"text-align: center;\"><a href=\"http:\/\/www.korhanyilmaz.com\/wp-content\/uploads\/2012\/01\/9373.jpg\"  class=\"lightview\"><img loading=\"lazy\" decoding=\"async\" class=\"aligncenter  wp-image-47270\" src=\"http:\/\/www.korhanyilmaz.com\/wp-content\/uploads\/2012\/01\/9373.jpg\" alt=\"\" width=\"384\" height=\"220\" \/><\/a><\/p>\n<p style=\"text-align: justify;\">\u0130nsan Haklar\u0131 \u0130zleme \u00d6rg\u00fct\u00fcn\u00fcn geleneksel raporunda, gazetecilerin, K\u00fcrt politikac\u0131lar\u0131n ve h\u00fck\u00fcmeti ele\u015ftirenlerin cezaevinde olmas\u0131na i\u015faret edildi.<\/p>\n<p style=\"text-align: justify;\">\u0130nsan Haklar\u0131 \u0130zleme \u00d6rg\u00fct\u00fcn\u00fcn y\u0131ll\u0131k raporunda T\u00fcrkiye&#8217;ye ele\u015ftiriler y\u00f6neltildi.<\/p>\n<p style=\"text-align: justify;\">AK Parti&#8217;nin \u00fc\u00e7\u00fcnc\u00fc d\u00f6nem iktidara gelmesiyle \u00fclkedeki haklar\u0131n k\u0131s\u0131tland\u0131\u011f\u0131 yorumu yap\u0131lan raporda, buna, ifade \u00f6zg\u00fcrl\u00fc\u011f\u00fcyle dernek kurma \u00f6zg\u00fcrl\u00fc\u011f\u00fcn\u00fc s\u0131n\u0131rlayan, h\u00fck\u00fcmeti ele\u015ftirenleri de aylarca cezaevinde kalmalar\u0131n\u0131 sa\u011flayan yasalar \u00f6rnek g\u00f6steriliyor.\u00a0<!--more--><\/p>\n<p style=\"text-align: justify;\">Raporda, gazetecilerle \u015fiddete bula\u015fmam\u0131\u015f politikac\u0131lar\u0131n cezaevine g\u00f6nderilmesine de i\u015faret edilidi ve &#8220;Bu uygulamalar, T\u00fcrkiye&#8217;nin b\u00f6lgede y\u00fckselen g\u00fc\u00e7 olarak uluslararas\u0131 g\u00fcvenilirli\u011fini zedeliyor&#8221; denildi.<\/p>\n<p style=\"text-align: justify;\">Tutuklanan gazeteci say\u0131s\u0131ndaki art\u0131\u015fa dikkat \u00e7ekilen raporda, Ahmet I\u015f\u0131k ve Nedim \u015eener&#8217;in tutuklanmas\u0131nda \u015fiddet i\u00e7ermeyen yaz\u0131lar\u0131n\u0131n neden g\u00f6sterildi\u011fi belirtildi.<\/p>\n<p style=\"text-align: justify;\">T\u00fcrkiye&#8217;nin demokratik tavsiyelerle b\u00f6lgede rol oynamaya \u00e7al\u0131\u015ft\u0131\u011f\u0131 kaydedilirken, b\u00f6lgesel rol\u00fcn\u00fc geli\u015ftirmek i\u00e7in ise evinde reform yapmas\u0131 gerekti\u011fi vurguland\u0131.<\/p>\n<p style=\"text-align: justify;\">Raporda T\u00fcrkiye&#8217;de kad\u0131na y\u00f6nelik \u015fiddet ve PKK ile m\u00fccadelede artan sivil kayba da dikkat \u00e7ekildi.<\/p>\n<p style=\"text-align: justify;\">\u0130nsan Haklar\u0131 \u0130zleme \u00d6rg\u00fct\u00fcn\u00fcn raporunda, bat\u0131l\u0131 \u00fclkeleri, Arap Bahar\u0131&#8217;ndaki tutumlar\u0131 nedeniyle \u00e7ifte standart uygulamakla su\u00e7land\u0131. Bu \u00fclkelerin Libya konusunda g\u00f6sterdi\u011fi kararl\u0131l\u0131\u011f\u0131, Bahreyn, Yemen ve Suriye gibi \u00fclkelerde g\u00f6stermedi\u011fine i\u015faret edildi.<\/p>\n<p style=\"text-align: justify;\">Raporda ayr\u0131ca, Irak&#8217;\u0131n polis devletine d\u00f6n\u00fc\u015ft\u00fc\u011f\u00fc, \u015eii y\u00f6netimin Arap Bahar\u0131yla birlikte \u00fclke i\u00e7indeki muhalif gruplara y\u00f6nelik sert tedbirler ald\u0131\u011f\u0131 da kaydedildi.<\/p>\n<p style=\"text-align: justify;\"><a href=\"http:\/\/www.ntvmsnbc.com\/id\/25315899\" target=\"_blank\">Kaynak : NTVMSNBC<\/a><\/p>\n","protected":false},"excerpt":{"rendered":"<p style=\"text-align: center;\">\n<p style=\"text-align: justify;\">\u0130nsan Haklar\u0131 \u0130zleme \u00d6rg\u00fct\u00fcn\u00fcn geleneksel raporunda, gazetecilerin, K\u00fcrt politikac\u0131lar\u0131n ve h\u00fck\u00fcmeti ele\u015ftirenlerin cezaevinde olmas\u0131na i\u015faret edildi.<\/p>\n<p style=\"text-align: justify;\">\u0130nsan Haklar\u0131 \u0130zleme \u00d6rg\u00fct\u00fcn\u00fcn y\u0131ll\u0131k raporunda T\u00fcrkiye&#8217;ye ele\u015ftiriler y\u00f6neltildi.<\/p>\n<p style=\"text-align: justify;\">AK Parti&#8217;nin \u00fc\u00e7\u00fcnc\u00fc d\u00f6nem iktidara gelmesiyle \u00fclkedeki haklar\u0131n k\u0131s\u0131tland\u0131\u011f\u0131 yorumu yap\u0131lan raporda, buna, ifade \u00f6zg\u00fcrl\u00fc\u011f\u00fcyle dernek kurma \u00f6zg\u00fcrl\u00fc\u011f\u00fcn\u00fc s\u0131n\u0131rlayan, h\u00fck\u00fcmeti ele\u015ftirenleri <\/p>\n","protected":false},"author":1,"featured_media":0,"comment_status":"open","ping_status":"open","sticky":false,"template":"","format":"standard","meta":{"footnotes":""},"categories":[105],"tags":[],"class_list":["post-47269","post","type-post","status-publish","format-standard","hentry","category-gundem","odd"],"_links":{"self":[{"href":"http:\/\/www.korhanyilmaz.com\/index.php?rest_route=\/wp\/v2\/posts\/47269","targetHints":{"allow":["GET"]}}],"collection":[{"href":"http:\/\/www.korhanyilmaz.com\/index.php?rest_route=\/wp\/v2\/posts"}],"about":[{"href":"http:\/\/www.korhanyilmaz.com\/index.php?rest_route=\/wp\/v2\/types\/post"}],"author":[{"embeddable":true,"href":"http:\/\/www.korhanyilmaz.com\/index.php?rest_route=\/wp\/v2\/users\/1"}],"replies":[{"embeddable":true,"href":"http:\/\/www.korhanyilmaz.com\/index.php?rest_route=%2Fwp%2Fv2%2Fcomments&post=47269"}],"version-history":[{"count":0,"href":"http:\/\/www.korhanyilmaz.com\/index.php?rest_route=\/wp\/v2\/posts\/47269\/revisions"}],"wp:attachment":[{"href":"http:\/\/www.korhanyilmaz.com\/index.php?rest_route=%2Fwp%2Fv2%2Fmedia&parent=47269"}],"wp:term":[{"taxonomy":"category","embeddable":true,"href":"http:\/\/www.korhanyilmaz.com\/index.php?rest_route=%2Fwp%2Fv2%2Fcategories&post=47269"},{"taxonomy":"post_tag","embeddable":true,"href":"http:\/\/www.korhanyilmaz.com\/index.php?rest_route=%2Fwp%2Fv2%2Ftags&post=47269"}],"curies":[{"name":"wp","href":"https:\/\/api.w.org\/{rel}","templated":true}]}}