{"id":47257,"date":"2012-01-20T07:58:03","date_gmt":"2012-01-20T05:58:03","guid":{"rendered":"http:\/\/www.korhanyilmaz.com\/?p=47257"},"modified":"2012-01-22T17:45:03","modified_gmt":"2012-01-22T15:45:03","slug":"turkiyede-adalet-bazilarina-yok","status":"publish","type":"post","link":"http:\/\/www.korhanyilmaz.com\/?p=47257","title":{"rendered":"&#8216;T\u00fcrkiye&#8217;de adalet: Baz\u0131lar\u0131na yok&#8217;"},"content":{"rendered":"<p style=\"text-align: center;\"><a href=\"http:\/\/www.korhanyilmaz.com\/wp-content\/uploads\/2012\/01\/9368.jpg\"  class=\"lightview\"><img loading=\"lazy\" decoding=\"async\" class=\"aligncenter  wp-image-47258\" src=\"http:\/\/www.korhanyilmaz.com\/wp-content\/uploads\/2012\/01\/9368.jpg\" alt=\"\" width=\"347\" height=\"195\" \/><\/a><\/p>\n<p style=\"text-align: justify;\">Economist dergisi son say\u0131s\u0131nda be\u015f y\u0131l \u00f6nce \u00f6ld\u00fcr\u00fclen gazeteci Hrant Dink&#8217;in cinayet davas\u0131ndan \u00e7\u0131kan kararlar\u0131 yorumlayan bir yaz\u0131ya yer verdi.<\/p>\n<p style=\"text-align: justify;\">&#8220;T\u00fcrkiye&#8217;de Adalet-Baz\u0131lar\u0131 i\u00e7in yok&#8221; ba\u015fl\u0131kl\u0131 makale, &#8220;Hi\u00e7bir zaman ger\u00e7ek bir adalet beklemediler. Ama Hrant Dink&#8217;in tart\u0131\u015fmal\u0131 davas\u0131ndan karar \u00e7\u0131kt\u0131\u011f\u0131nda Dink&#8217;in ailesi ve avukatlar\u0131 hala \u015fokta&#8221; sat\u0131rlar\u0131yla ba\u015fl\u0131yor.<!--more--><\/p>\n<p style=\"text-align: justify;\"><strong>&#8216;Ermeniler me\u015fru hedef mesaj\u0131&#8217;<\/strong><\/p>\n<p style=\"text-align: justify;\">Davadan \u00e7\u0131kan kararlar\u0131 \u00f6zetleyen dergi, Dink ailesinin avukat\u0131 ve yak\u0131n dostu Fethiye \u00c7etin&#8217;in, &#8220;Ba\u015ftan sona komediydi. Ama en b\u00fcy\u00fck \u015fakalar\u0131n\u0131 sona saklad\u0131lar&#8221; \u015feklindeki s\u00f6zlerini aktar\u0131yor. Dergi \u015f\u00f6yle devam ediyor;<\/p>\n<p style=\"text-align: justify;\">&#8220;1915&#8217;te 1,5 milyon Ermeni&#8217;nin Osmanl\u0131 T\u00fcrkleri taraf\u0131ndan katledilmesi etraf\u0131ndaki mitleri y\u0131kan Dink, olan bitene soyk\u0131r\u0131m dedi\u011finde yetkililerle ters d\u00fc\u015ft\u00fc. T\u00fcrkl\u00fc\u011fe hakaret etti\u011fi gerek\u00e7esiyle a\u00e7\u0131lan davalarla tokatland\u0131. Bir ba\u015fka su\u00e7u da, Atat\u00fcrk&#8217;\u00fcn manevi k\u0131z\u0131 ve T\u00fcrkiye&#8217;nin ilk kad\u0131n pilotu Sabiha G\u00f6k\u00e7en&#8217;in Ermeni k\u00f6kenlerini ortaya \u00e7\u0131kartmakt\u0131. Dink, yetkililerin yapt\u0131\u011f\u0131 \u00e7izgiyi a\u015fmama uyar\u0131s\u0131ndan sonra, trajik sonunu tahmin eden bir ka\u00e7 yaz\u0131 da kaleme ald\u0131.&#8221;<\/p>\n<p style=\"text-align: justify;\">Economist, davan\u0131n Adalet ve Kalk\u0131nma Partisi i\u00e7in hukukun \u00fcst\u00fcnl\u00fc\u011f\u00fcne ba\u011fl\u0131l\u0131k s\u0131nav\u0131 olarak g\u00f6r\u00fcld\u00fc\u011f\u00fcn\u00fc s\u00f6yl\u00fcyor. &#8220;T\u00fcrkiye&#8217;de ya\u015fayan 60 bin Ermeni i\u00e7in de ge\u00e7mi\u015fin ac\u0131s\u0131n\u0131 dindirebilirdi&#8221; diyen dergi, Ermeni bir i\u015fadam\u0131n\u0131n, &#8220;Bu karar Ermenilerin me\u015fru bir hedef oldu\u011funu s\u00f6yleyen a\u00e7\u0131k bir mesaj g\u00f6nderiyor&#8221; \u015feklindeki s\u00f6zlerine de yer veriyor.<\/p>\n<p style=\"text-align: justify;\">Dergi, Ba\u015fbakan Recep Tayyip Erdo\u011fan&#8217;\u0131n karar\u0131n kamu vicdan\u0131n\u0131 rahats\u0131z etti\u011fi ve yarg\u0131 s\u00fcrecinde sona gelinmedi\u011fi y\u00f6n\u00fcndeki a\u00e7\u0131klamalar\u0131n\u0131 da hat\u0131rlat\u0131yor ve yaz\u0131 \u015f\u00f6yle devam ediyor;<\/p>\n<p style=\"text-align: justify;\"><strong>&#8216;Devlet insan haklar\u0131n\u0131n \u00f6n\u00fcnde&#8217;<\/strong><\/p>\n<p style=\"text-align: justify;\">&#8220;M\u00fcttefikleri bile, T\u00fcrkiye&#8217;nin yarg\u0131 sisteminden kayg\u0131l\u0131. Avrupa Konseyi&#8217;nin \u0130nsan Haklar\u0131&#8217;ndan Sorumlu Komisyon \u00dcyesi Thomas Hammarberg Dink davas\u0131n\u0131 \u00f6rnek g\u00f6stererek T\u00fcrk savc\u0131 ve h\u00e2kimleri, devletin korunmas\u0131n\u0131, insan haklar\u0131n\u0131n korunmas\u0131ndan \u00f6nde tutmakla su\u00e7lad\u0131. 10 y\u0131l\u0131 bulabilen yarg\u0131lama \u00f6ncesi tutukluluk s\u00fcrelerini ele\u015ftirdi. Eski Genelkurmay Ba\u015fkan\u0131 \u0130lker Ba\u015fbu\u011f da, ge\u00e7ti\u011fimiz g\u00fcnlerde, yarg\u0131lama \u00f6ncesi g\u00f6zalt\u0131nda tutulan generallerin aras\u0131na kat\u0131ld\u0131. Adalet Bakan\u0131 Sadullah Ergin, hapisteki PKK lideri Abdullah \u00d6calan&#8217;\u0131 \u00f6vmek gibi ter\u00f6r su\u00e7u diye tan\u0131mlanan su\u00e7lara \u00f6ng\u00f6r\u00fclen cezalar\u0131 azaltan ve \u015f\u00fcphelileri g\u00f6zalt\u0131na almak i\u00e7in gerekli kan\u0131t \u00e7\u0131tas\u0131n\u0131 y\u00fckselten reformlar a\u00e7\u0131klad\u0131. Bunlar az olsa da, memnuniyet verici ad\u0131mlard\u0131. Ama halen parmakl\u0131klar\u0131n ard\u0131nda olan \u00e7ok say\u0131da gazeteci, y\u00fczlerce \u00f6\u011frenci ve binlerce K\u00fcrt siyaset\u00e7i ve eylemci i\u00e7in \u00e7ok ge\u00e7.&#8221;<\/p>\n<p style=\"text-align: justify;\"><a href=\"http:\/\/www.bbc.co.uk\/turkce\/haberler\/2012\/01\/120120_economist_dink.shtml\" target=\"_blank\">Kaynak : BBC T\u00fcrk\u00e7e<\/a><\/p>\n","protected":false},"excerpt":{"rendered":"<p style=\"text-align: center;\">\n<p style=\"text-align: justify;\">Economist dergisi son say\u0131s\u0131nda be\u015f y\u0131l \u00f6nce \u00f6ld\u00fcr\u00fclen gazeteci Hrant Dink&#8217;in cinayet davas\u0131ndan \u00e7\u0131kan kararlar\u0131 yorumlayan bir yaz\u0131ya yer verdi.<\/p>\n<p style=\"text-align: justify;\">&#8220;T\u00fcrkiye&#8217;de Adalet-Baz\u0131lar\u0131 i\u00e7in yok&#8221; ba\u015fl\u0131kl\u0131 makale, &#8220;Hi\u00e7bir zaman ger\u00e7ek bir adalet beklemediler. Ama Hrant Dink&#8217;in tart\u0131\u015fmal\u0131 davas\u0131ndan karar \u00e7\u0131kt\u0131\u011f\u0131nda Dink&#8217;in ailesi ve avukatlar\u0131 hala \u015fokta&#8221; sat\u0131rlar\u0131yla ba\u015fl\u0131yor.<\/p>\n","protected":false},"author":1,"featured_media":0,"comment_status":"open","ping_status":"open","sticky":false,"template":"","format":"standard","meta":{"footnotes":""},"categories":[3],"tags":[],"class_list":["post-47257","post","type-post","status-publish","format-standard","hentry","category-dunya","odd"],"_links":{"self":[{"href":"http:\/\/www.korhanyilmaz.com\/index.php?rest_route=\/wp\/v2\/posts\/47257","targetHints":{"allow":["GET"]}}],"collection":[{"href":"http:\/\/www.korhanyilmaz.com\/index.php?rest_route=\/wp\/v2\/posts"}],"about":[{"href":"http:\/\/www.korhanyilmaz.com\/index.php?rest_route=\/wp\/v2\/types\/post"}],"author":[{"embeddable":true,"href":"http:\/\/www.korhanyilmaz.com\/index.php?rest_route=\/wp\/v2\/users\/1"}],"replies":[{"embeddable":true,"href":"http:\/\/www.korhanyilmaz.com\/index.php?rest_route=%2Fwp%2Fv2%2Fcomments&post=47257"}],"version-history":[{"count":0,"href":"http:\/\/www.korhanyilmaz.com\/index.php?rest_route=\/wp\/v2\/posts\/47257\/revisions"}],"wp:attachment":[{"href":"http:\/\/www.korhanyilmaz.com\/index.php?rest_route=%2Fwp%2Fv2%2Fmedia&parent=47257"}],"wp:term":[{"taxonomy":"category","embeddable":true,"href":"http:\/\/www.korhanyilmaz.com\/index.php?rest_route=%2Fwp%2Fv2%2Fcategories&post=47257"},{"taxonomy":"post_tag","embeddable":true,"href":"http:\/\/www.korhanyilmaz.com\/index.php?rest_route=%2Fwp%2Fv2%2Ftags&post=47257"}],"curies":[{"name":"wp","href":"https:\/\/api.w.org\/{rel}","templated":true}]}}