{"id":47220,"date":"2012-01-22T14:10:48","date_gmt":"2012-01-22T12:10:48","guid":{"rendered":"http:\/\/www.korhanyilmaz.com\/?p=47220"},"modified":"2012-01-22T15:01:36","modified_gmt":"2012-01-22T13:01:36","slug":"allah-buyuktur-sloganiyla-infaz","status":"publish","type":"post","link":"http:\/\/www.korhanyilmaz.com\/?p=47220","title":{"rendered":"&#8220;Allah b\u00fcy\u00fckt\u00fcr&#8221; slogan\u0131yla infaz"},"content":{"rendered":"<p style=\"text-align: center;\"><a href=\"http:\/\/www.korhanyilmaz.com\/wp-content\/uploads\/2012\/01\/9361.jpg\"  class=\"lightview\"><img loading=\"lazy\" decoding=\"async\" class=\"aligncenter  wp-image-47221\" src=\"http:\/\/www.korhanyilmaz.com\/wp-content\/uploads\/2012\/01\/9361.jpg\" alt=\"\" width=\"338\" height=\"195\" \/><\/a><\/p>\n<p style=\"text-align: justify;\">Taliban&#8217;\u0131n Pakistan&#8217;daki kolu ge\u00e7ti\u011fimiz y\u0131l 23 Aral\u0131k&#8217;ta ka\u00e7\u0131rd\u0131\u011f\u0131 Pakistan askerlerini infaz etti\u011fi g\u00f6r\u00fcnt\u00fcleri yay\u0131nlad\u0131.<\/p>\n<p style=\"text-align: justify;\">G\u00f6r\u00fcnt\u00fclerde g\u00f6zleri ba\u011fl\u0131 ve birbirine kelep\u00e7elenmi\u015f askerler, &#8220;Allah b\u00fcy\u00fckt\u00fcr&#8221; sloganlar\u0131 e\u015flinde kala\u015fnikof silah\u0131yla kur\u015funa dizilirken g\u00f6r\u00fcl\u00fcyor.<\/p>\n<p style=\"text-align: justify;\">Taliban&#8217;\u0131n Pakistan&#8217;da faaliyet g\u00f6steren kolu, ge\u00e7ti\u011fimiz y\u0131l 23 Aral\u0131k&#8217;ta ka\u00e7\u0131rd\u0131\u011f\u0131 15 Pakistanl\u0131 askeri kur\u015funa dizdi\u011fini 2 Ocak tarihinde a\u00e7\u0131klam\u0131\u015ft\u0131.\u00a0<!--more--><\/p>\n<p style=\"text-align: justify;\">A\u00e7\u0131klamada infaz g\u00f6r\u00fcnt\u00fclerinin yak\u0131nda yay\u0131nlanaca\u011f\u0131 belirtilmi\u015fti. Taliban dedi\u011fini d\u00fcn yapt\u0131 ve korkun\u00e7 g\u00f6r\u00fcnt\u00fcleri internet arac\u0131l\u0131\u011f\u0131yla yay\u0131nlad\u0131.<\/p>\n<p style=\"text-align: justify;\">A\u015firet b\u00f6lgesindeki karargahlar\u0131na operasyonlar d\u00fczenleyen Pakistan ordusunu uyaran Taliban, \u00e7a\u011fr\u0131da bulunarak operasyonlar\u0131n durmamas\u0131 halinde bu t\u00fcr eylemlerine devam edece\u011fi tehdidinde bulundu.<\/p>\n<p style=\"text-align: justify;\">Pakistanl\u0131 15 asker AK-47 kala\u015fnikofla infaz edilmeden \u00f6nce konu\u015fma yapan bir Taliban militan\u0131, &#8220;Hyber b\u00f6lgesinde 12 arkada\u015f\u0131m\u0131z ku\u015fat\u0131ld\u0131ktan sonra amans\u0131z bi\u00e7imde \u015fehit edildi&#8221; dedi.<\/p>\n<p style=\"text-align: justify;\"><strong>&#8220;Pakistan h\u00fck\u00fcmetini uyarm\u0131\u015ft\u0131k&#8221;\u00a0<\/strong><\/p>\n<p style=\"text-align: justify;\">&#8220;Kad\u0131nlar\u0131m\u0131z hedef al\u0131nd\u0131&#8221; diyen Taliban militan\u0131 s\u00f6zlerini \u015f\u00f6yle s\u00fcrd\u00fcr\u00fcyor: &#8220;Arkada\u015flar\u0131m\u0131z\u0131n intikam\u0131n\u0131 almak i\u00e7in bu askerleri \u00f6ld\u00fcrece\u011fiz. Pakistan h\u00fck\u00fcmetine, arkada\u015flar\u0131m\u0131z\u0131 \u00f6ld\u00fcrmeye son vermemeleri halinde, hepsinin sonunun bu askerler gibi olaca\u011f\u0131 uyar\u0131s\u0131nda bulunmu\u015ftuk.&#8221;<\/p>\n<p style=\"text-align: justify;\"><strong>Askerler sessizce infas\u0131 bekliyor\u00a0<\/strong><\/p>\n<p style=\"text-align: justify;\">\u0130nfaz edilmeden \u00f6nce Pakistanl\u0131 bir asker, Taliban militanlar\u0131 taraf\u0131ndan nas\u0131l ele ge\u00e7irildiklerini anlat\u0131yor.<\/p>\n<p style=\"text-align: justify;\">G\u00f6r\u00fcnt\u00fclerde daha sonra s\u0131ra Pakistanl\u0131 askerlerin kur\u015funa dizilmesine geliyor. Askerler sessizce bir noktada dururken, Taliban militanlar\u0131n\u0131n sesi duyuluyor: &#8220;Sizin intikam\u0131n\u0131z\u0131 almak i\u00e7in varolan t\u00fcm g\u00fcc\u00fcm\u00fcz\u00fc kullanaca\u011f\u0131z.&#8221;<\/p>\n<p style=\"text-align: justify;\">Sonra militanlardan biri t\u00fcfe\u011fiyle birka\u00e7 askeri ensesinden vururken, militanlar hep bir a\u011f\u0131zdan &#8220;Allah b\u00fcy\u00fckt\u00fcr&#8221; sloganlar\u0131 at\u0131yor.<\/p>\n<p style=\"text-align: justify;\"><a href=\"http:\/\/www.ntvmsnbc.com\/id\/25315848\/\" target=\"_blank\">Kaynak : NTVMSNBC<\/a><\/p>\n<p style=\"text-align: justify;\">\n","protected":false},"excerpt":{"rendered":"<p style=\"text-align: center;\">\n<p style=\"text-align: justify;\">Taliban&#8217;\u0131n Pakistan&#8217;daki kolu ge\u00e7ti\u011fimiz y\u0131l 23 Aral\u0131k&#8217;ta ka\u00e7\u0131rd\u0131\u011f\u0131 Pakistan askerlerini infaz etti\u011fi g\u00f6r\u00fcnt\u00fcleri yay\u0131nlad\u0131.<\/p>\n<p style=\"text-align: justify;\">G\u00f6r\u00fcnt\u00fclerde g\u00f6zleri ba\u011fl\u0131 ve birbirine kelep\u00e7elenmi\u015f askerler, &#8220;Allah b\u00fcy\u00fckt\u00fcr&#8221; sloganlar\u0131 e\u015flinde kala\u015fnikof silah\u0131yla kur\u015funa dizilirken g\u00f6r\u00fcl\u00fcyor.<\/p>\n<p style=\"text-align: justify;\">Taliban&#8217;\u0131n Pakistan&#8217;da faaliyet g\u00f6steren kolu, ge\u00e7ti\u011fimiz y\u0131l 23 Aral\u0131k&#8217;ta ka\u00e7\u0131rd\u0131\u011f\u0131 15 Pakistanl\u0131 askeri kur\u015funa dizdi\u011fini 2 <\/p>\n","protected":false},"author":1,"featured_media":0,"comment_status":"open","ping_status":"open","sticky":false,"template":"","format":"standard","meta":{"footnotes":""},"categories":[3],"tags":[],"class_list":["post-47220","post","type-post","status-publish","format-standard","hentry","category-dunya","odd"],"_links":{"self":[{"href":"http:\/\/www.korhanyilmaz.com\/index.php?rest_route=\/wp\/v2\/posts\/47220","targetHints":{"allow":["GET"]}}],"collection":[{"href":"http:\/\/www.korhanyilmaz.com\/index.php?rest_route=\/wp\/v2\/posts"}],"about":[{"href":"http:\/\/www.korhanyilmaz.com\/index.php?rest_route=\/wp\/v2\/types\/post"}],"author":[{"embeddable":true,"href":"http:\/\/www.korhanyilmaz.com\/index.php?rest_route=\/wp\/v2\/users\/1"}],"replies":[{"embeddable":true,"href":"http:\/\/www.korhanyilmaz.com\/index.php?rest_route=%2Fwp%2Fv2%2Fcomments&post=47220"}],"version-history":[{"count":0,"href":"http:\/\/www.korhanyilmaz.com\/index.php?rest_route=\/wp\/v2\/posts\/47220\/revisions"}],"wp:attachment":[{"href":"http:\/\/www.korhanyilmaz.com\/index.php?rest_route=%2Fwp%2Fv2%2Fmedia&parent=47220"}],"wp:term":[{"taxonomy":"category","embeddable":true,"href":"http:\/\/www.korhanyilmaz.com\/index.php?rest_route=%2Fwp%2Fv2%2Fcategories&post=47220"},{"taxonomy":"post_tag","embeddable":true,"href":"http:\/\/www.korhanyilmaz.com\/index.php?rest_route=%2Fwp%2Fv2%2Ftags&post=47220"}],"curies":[{"name":"wp","href":"https:\/\/api.w.org\/{rel}","templated":true}]}}