{"id":4722,"date":"2009-03-09T16:58:36","date_gmt":"2009-03-09T14:58:36","guid":{"rendered":"http:\/\/www.korhanyilmaz.com\/?p=4722"},"modified":"2009-03-09T16:58:36","modified_gmt":"2009-03-09T14:58:36","slug":"18-bin-secmenli-tunceli%e2%80%99nin-sirri","status":"publish","type":"post","link":"http:\/\/www.korhanyilmaz.com\/?p=4722","title":{"rendered":"18 bin se\u00e7menli Tunceli\u2019nin s\u0131rr\u0131"},"content":{"rendered":"<p style=\"text-align: center;\"><img loading=\"lazy\" decoding=\"async\" class=\"aligncenter size-full wp-image-4723\" title=\"18 bin se\u00e7menli Tunceli\u2019nin s\u0131rr\u0131 \" src=\"http:\/\/www.korhanyilmaz.com\/wp-content\/uploads\/2009\/03\/100320090928520706038.jpg\" alt=\"18 bin se\u00e7menli Tunceli\u2019nin s\u0131rr\u0131 \" width=\"376\" height=\"240\" \/><\/p>\n<p style=\"text-align: justify;\">\n<p style=\"text-align: justify;\"><strong>Vatan yerel se\u00e7imlerin en tart\u0131\u015fmal\u0131 ili Tunceli&#8217;de nab\u0131z tuttu<\/strong>.<\/p>\n<p style=\"text-align: justify;\">ABD&#8217;L\u0130 \u00fcnl\u00fc Bloomberg Haber Ajans\u0131 muhabiri Ben Holland&#8217;\u0131n Tunceli izlenimlerini d\u00fcnya medyas\u0131na ta\u015f\u0131mas\u0131ndan sonra bizim i\u00e7in de &#8220;Tunceli&#8217;nin s\u0131rr\u0131n\u0131&#8221; Vatan okurlar\u0131 i\u00e7in \u00e7\u00f6zmek farz oldu. Foto muhabiri arkada\u015f\u0131m \u0130lker Akg\u00fcng\u00f6r&#8217;le gitti\u011fimiz Tunceli&#8217;de, n\u00fcfusu 25 bin 100 g\u00f6steren tabelay\u0131 arabam\u0131zla arkada b\u0131rakt\u0131\u011f\u0131m\u0131zda, ilk g\u00f6zlemimiz siyasetle beslenip, siyasetle nefes alan bir kentle kar\u015f\u0131la\u015fmak oldu.<\/p>\n<p style=\"text-align: justify;\"><strong>AKP&#8217;nin vekil \u00e7\u0131karamad\u0131\u011f\u0131 tek il<\/strong><\/p>\n<p style=\"text-align: justify;\">Tunceli&#8217;y\u0130 81 ilden farkl\u0131 k\u0131lan iki \u00f6zelli\u011fi vard\u0131. 22 Temmuz genel se\u00e7imlerinde AKP 81 il i\u00e7inde sadece Tunceli&#8217;den milletvekili \u00e7\u0131karamad\u0131. \u0130kincisi Tunceli az say\u0131daki DTP&#8217;li belediyeden biriydi. Oysa 18 bin 500 se\u00e7meni olan, bug\u00fcne kadar sand\u0131\u011fa gitme oran\u0131 y\u00fczde 65&#8217;i ge\u00e7meyen, ge\u00e7erli oy say\u0131s\u0131n\u0131n 13 bin dolay\u0131nda kalmas\u0131 beklenen Tunceli&#8217;nin merkezinde DTP sadece 3 bin 792 oy alarak belediye ba\u015fkanl\u0131\u011f\u0131n\u0131 kazanm\u0131\u015ft\u0131. <!--more-->Vali Mustafa Yaman 5 \u015eubat&#8217;ta &#8220;3 bin 300 aileye 5 milyon 6 bin 888 TL tutar\u0131nda e\u015fya da\u011f\u0131tmaya ba\u015flad\u0131klar\u0131n\u0131&#8221; a\u00e7\u0131klad\u0131\u011f\u0131 zaman, Tunceli&#8217;de b\u00fct\u00fcn dengelerin alt\u00fcst olmas\u0131 ka\u00e7\u0131n\u0131lmazd\u0131. E\u015fyalar &#8220;se\u00e7im r\u00fc\u015fveti&#8221; olarak de\u011ferlendirildi ve sokaklar &#8220;Tunceli halk\u0131 sat\u0131l\u0131k de\u011fildir&#8221; afi\u015fleriyle donat\u0131ld\u0131. Muhalefet partileri, Vali&#8217;nin &#8220;AKP il ba\u015fkan\u0131 gibi hareket etti\u011fini&#8221; iddia etti.<br \/>\n<strong><br \/>\nBelediyenin b\u00fct\u00e7esi 8.5 milyon TL<\/strong>\n<\/p>\n<p style=\"text-align: justify;\">Tuncel\u0130 halk\u0131 da\u011f\u0131t\u0131lan her e\u015fyan\u0131n oy olarak geri d\u00f6nmesi halinde belediye ba\u015fkanl\u0131\u011f\u0131n\u0131n 5 milyon TL&#8217;ye mal olaca\u011f\u0131n\u0131 konu\u015fuyordu. Haks\u0131z say\u0131lmazlard\u0131. \u00c7\u00fcnk\u00fc Tunceli belediyesinin y\u0131ll\u0131k b\u00fct\u00e7esi 8 milyon 500 bin TL., bunun i\u00e7indeki personel harcamalar\u0131n\u0131n pay\u0131 ise y\u00fczde 52 idi. Yol-su-kanalizasyon gibi belediye hizmetleri i\u00e7in belediyeye kalan para Vali&#8217;nin bir ayda da\u011f\u0131tt\u0131\u011f\u0131 paradan daha d\u00fc\u015f\u00fckt\u00fc. Da\u011f\u0131t\u0131lan e\u015fya aras\u0131nda 881 buzdolab\u0131, 475 \u00e7ama\u015f\u0131r makinesi , 887 kanepe, 414 ocakl\u0131 f\u0131r\u0131n, 191 televizyon ve uydu cihaz\u0131, 42 elektrik s\u00fcp\u00fcrgesi, 61 hal\u0131, 56 bilgisayar, 8 \u015fofben ve 5 bula\u015f\u0131k makinesi bulunuyordu. Adrese dayal\u0131 n\u00fcfus kay\u0131t sistemi verilerine g\u00f6re Tunceli&#8217;nin 2008 y\u0131l\u0131 toplam n\u00fcfusu 86 bin 449 \u00e7\u0131kt\u0131. Maliye Bakanl\u0131\u011f\u0131 verilerine g\u00f6re ge\u00e7en y\u0131l genel b\u00fct\u00e7eden Tunceli&#8217;ye 310 milyon 935 bin TL harcama yap\u0131ld\u0131\u011f\u0131 dikkate al\u0131n\u0131rsa, Tuncelili ba\u015f\u0131na 3 bin 597 TL harcama yap\u0131ld\u0131. Bu hesapla T\u00fcrkiye&#8217;de ki\u015fi ba\u015f\u0131na en \u00e7ok b\u00fct\u00e7e harcamas\u0131 yap\u0131lan il Tunceli. Oysa Tunceli&#8217;nin b\u00fct\u00e7eye katk\u0131s\u0131 2008 y\u0131l\u0131nda sadece 36.1 milyon TL d\u00fczeyinde.<\/p>\n<p style=\"text-align: justify;\"><strong>\u0130\u015fte Tuncelili se\u00e7menin profili<\/strong><\/p>\n<p style=\"text-align: justify;\">\nY\u00fcksek Se\u00e7im Kurulu, 7 \u015eubat&#8217;taki uyar\u0131 genelgesini dikkate almayan Vali Mustafa Yaman i\u00e7in 4 Mart g\u00fcn\u00fc \u015fu karar\u0131 ald\u0131: &#8220;Tunceli Valisinin YSK&#8217;n\u0131n se\u00e7im d\u00fczenine ve d\u00fcr\u00fcstl\u00fc\u011f\u00fcne ili\u015fkin kararlar\u0131n\u0131 uygulamakta g\u00f6sterdi\u011fi duyars\u0131zl\u0131\u011f\u0131n, idari disiplin y\u00f6n\u00fcnden gere\u011finin takdir ve ifas\u0131 iste\u011fi ile \u0130\u00e7i\u015fleri Bakanl\u0131\u011f\u0131&#8217;na bildirilmesi&#8230;&#8221;\n<\/p>\n<p style=\"text-align: justify;\">Bakanl\u0131k iki m\u00fclkiye m\u00fcfetti\u015fini Tunceli&#8217;ye g\u00f6nderdi. Tunceli&#8217;nin 7 il\u00e7esinden \u00fc\u00e7\u00fcnde (\u00c7emi\u015fkezek, Mazgirt, Ovac\u0131k) ve iki beldede (Akpazar ve Dar\u0131kent) AKP belediyeleri vard\u0131. Tunceli&#8217;deki bilek g\u00fcre\u015fi belli ki b\u00fcy\u00fck\u015fehir belediyesi i\u00e7indi. \u0130\u015fte \u00fc\u00e7 g\u00fcn boyunca gezdi\u011fimiz sokaklar\u0131, konu\u015ftu\u011fumuz insanlar\u0131 ve g\u00f6r\u00fc\u015ft\u00fc\u011f\u00fcm\u00fcz ba\u015fkan adaylar\u0131yla Tunceli ger\u00e7e\u011fi&#8230;<\/p>\n<p style=\"text-align: justify;\"><strong>Tunceli&#8217;de herkes devrimci-demokrat<\/strong><\/p>\n<p style=\"text-align: justify;\">Hang\u0130 partiye oy verirse versin, Tuncelili kendisini &#8220;devrimci-demokrat&#8221; olarak tan\u0131ml\u0131yor. Vali Mustafa Yaman&#8217;\u0131 AKP il ba\u015fkan\u0131 gibi davranmakla su\u00e7luyor, se\u00e7imin DTP ile CHP aras\u0131nda ge\u00e7ece\u011fine inan\u0131yor. 1990 y\u0131l\u0131nda 133 bin 584 olan Tunceli n\u00fcfusu, 1997&#8217;de ter\u00f6r\u00fcn etkisiyle 82 bin 215&#8217;e gerilemi\u015f. 2000&#8217;de ise 93 bin 584 olmu\u015f. Kamu sekt\u00f6r\u00fc d\u0131\u015f\u0131nda hemen hi\u00e7bir istihdam alan\u0131 yok. PKK ter\u00f6r \u00f6rg\u00fct\u00fcn\u00fcn g\u00f6lgesi hala \u015fehrin \u00fczerinde. CHP&#8217;li Mazlum Arslan&#8217;dan sonra DTP&#8217;li Song\u00fcl Erol Abdil belediye ba\u015fkan\u0131 se\u00e7ilmesini yerel sol \u00f6rg\u00fctlerle &#8220;g\u00fc\u00e7birli\u011fine&#8221; bor\u00e7lu. Ancak bu y\u0131l yerel sol \u00f6rg\u00fctlerin ba\u011f\u0131ms\u0131z aday g\u00f6stermesiyle DTP&#8217;nin &#8220;g\u00fc\u00e7&#8221; durumda kalaca\u011f\u0131 ileri s\u00fcr\u00fcl\u00fcyor. Tunceli&#8217;de se\u00e7imin kaderini belirleyecek \u00fc\u00e7 dinamik var.<\/p>\n<p style=\"text-align: justify;\"><strong>A\u015e\u0130RET:<\/strong> Birincisi, Tunceli&#8217;de 46 a\u015firet var. En kalabal\u0131k ve etkili olanlar Kurey\u015fhan, Yusufhan ve Alan a\u015firetleri. Her birinin 2 biner \u00fcyesi oldu\u011fu tahmin ediliyor. Bin ki\u015fi ve daha alt\u0131nda mensubu olan a\u015firetlerden baz\u0131lar\u0131 ise \u015f\u00f6yle: Pilvenkler, Demelhan, Haydarhan, Arey ve Lolan a\u015firetleri.<\/p>\n<p style=\"text-align: justify;\"><strong>ASKER-POL\u0130S YAN\u0130 YABANCI:<\/strong> \u0130kincisi, Tunceli&#8217;ye d\u0131\u015fardan gelen asker-polis ve di\u011fer memurlar. Bunlara halk aras\u0131nda &#8220;yabanc\u0131&#8221; deniyor. E\u015fleriyle birlikte toplam say\u0131lar\u0131n\u0131n 2400 oldu\u011fu tahmin ediliyor. 1700&#8217;\u00fc TSK, 700&#8217;\u00fc ise Emniyet mensubu ve e\u015finden olu\u015fuyor.<\/p>\n<p style=\"text-align: justify;\"><strong>YERL\u0130 HALK: <\/strong>\u0130\u015fte kendisini devrimci-demokrat olarak tan\u0131mlayan kesim de bu. Tunceli&#8217;de okulla\u015fma oran\u0131 \u00e7ok y\u00fcksek. S\u0131n\u0131flar 20-25 ki\u015filik. \u0130ki \u00f6zel okulu var. Ama 4 ay \u00f6nce \u015fehrin tek sinemas\u0131 kapanm\u0131\u015f. Potemkin Z\u0131rhl\u0131s\u0131 gibi politik sinema \u00f6rnekleri \u00fcstelik bedava g\u00f6sterime kondu\u011fu halde kimse gitmeyince sinemaya kilit vurulmu\u015f.<\/p>\n<p style=\"text-align: justify;\"><strong>Sanayi ve istihdam i\u00e7ler ac\u0131s\u0131<\/strong><\/p>\n<p style=\"text-align: justify;\">Tuncel\u0130 ilinde bulunan sanayi tesislerinin say\u0131s\u0131 bir elin parmaklar\u0131n\u0131 ge\u00e7miyor. AKP aday\u0131 Cihan A\u00e7\u0131kg\u00f6z ve ailesinin sahip oldu\u011fu un fabrikas\u0131nda 10 ki\u015fi \u00e7al\u0131\u015f\u0131yor. Feni\u015f Ticaret&#8217;e ait Tu\u011fla fabrikas\u0131 in\u015faat sezonunda \u00e7al\u0131\u015f\u0131yor ve 15 ki\u015fi istihdam ediyor. Bal paketleme fabrikas\u0131yla, Munzur Su \u015fi\u015feleme tesisinde de 10&#8217;ar ki\u015fi \u00e7al\u0131\u015f\u0131yor. K\u00fc\u00e7\u00fck sanayi sitesi de en \u00e7ok 2-3 ki\u015finin \u00e7al\u0131\u015ft\u0131\u011f\u0131 at\u00f6lyelerle dolu. Bu durumdaki Tunceli&#8217;nin Sanayi ve Ticaret Odas\u0131n\u0131n 650 \u00fcyesi var. Ba\u015fkan\u0131 ise beyaz e\u015fya bayii Yusuf Cengiz.<\/p>\n<p style=\"text-align: justify;\"><strong>YARIN:<\/strong> AKP&#8217;li, CHP&#8217;li, DTP&#8217;li ve ba\u011f\u0131ms\u0131z belediye ba\u015fkan adaylar\u0131 anlat\u0131yor&#8230; t AKP&#8217;li ba\u015fkan aday\u0131 niye Vali&#8217;den \u015fikayet\u00e7i? t Da\u011f\u0131t\u0131lan yard\u0131mlar AKP oylar\u0131n\u0131 nas\u0131l etkiler? t DTP belediye ba\u015fkanl\u0131\u011f\u0131n\u0131 yeniden kazan\u0131r m\u0131? t CHP hangi ko\u015fulda tekrar belediye ba\u015fkanl\u0131\u011f\u0131n\u0131 kazan\u0131r?<\/p>\n<p style=\"text-align: justify;\"><span style=\"color: #888888;\">Kaynak : Vatan Gazetesi<\/span><\/p>\n","protected":false},"excerpt":{"rendered":"<p style=\"text-align: center;\">\n<p style=\"text-align: justify;\">\n<p style=\"text-align: justify;\">Vatan yerel se\u00e7imlerin en tart\u0131\u015fmal\u0131 ili Tunceli&#8217;de nab\u0131z tuttu.<\/p>\n<p style=\"text-align: justify;\">ABD&#8217;L\u0130 \u00fcnl\u00fc Bloomberg Haber Ajans\u0131 muhabiri Ben Holland&#8217;\u0131n Tunceli izlenimlerini d\u00fcnya medyas\u0131na ta\u015f\u0131mas\u0131ndan sonra bizim i\u00e7in de &#8220;Tunceli&#8217;nin s\u0131rr\u0131n\u0131&#8221; Vatan okurlar\u0131 i\u00e7in \u00e7\u00f6zmek farz oldu. Foto muhabiri arkada\u015f\u0131m \u0130lker Akg\u00fcng\u00f6r&#8217;le gitti\u011fimiz Tunceli&#8217;de, n\u00fcfusu 25 bin 100 <\/p>\n","protected":false},"author":1,"featured_media":0,"comment_status":"open","ping_status":"closed","sticky":false,"template":"","format":"standard","meta":{"footnotes":""},"categories":[105],"tags":[],"class_list":["post-4722","post","type-post","status-publish","format-standard","hentry","category-gundem","odd"],"_links":{"self":[{"href":"http:\/\/www.korhanyilmaz.com\/index.php?rest_route=\/wp\/v2\/posts\/4722","targetHints":{"allow":["GET"]}}],"collection":[{"href":"http:\/\/www.korhanyilmaz.com\/index.php?rest_route=\/wp\/v2\/posts"}],"about":[{"href":"http:\/\/www.korhanyilmaz.com\/index.php?rest_route=\/wp\/v2\/types\/post"}],"author":[{"embeddable":true,"href":"http:\/\/www.korhanyilmaz.com\/index.php?rest_route=\/wp\/v2\/users\/1"}],"replies":[{"embeddable":true,"href":"http:\/\/www.korhanyilmaz.com\/index.php?rest_route=%2Fwp%2Fv2%2Fcomments&post=4722"}],"version-history":[{"count":0,"href":"http:\/\/www.korhanyilmaz.com\/index.php?rest_route=\/wp\/v2\/posts\/4722\/revisions"}],"wp:attachment":[{"href":"http:\/\/www.korhanyilmaz.com\/index.php?rest_route=%2Fwp%2Fv2%2Fmedia&parent=4722"}],"wp:term":[{"taxonomy":"category","embeddable":true,"href":"http:\/\/www.korhanyilmaz.com\/index.php?rest_route=%2Fwp%2Fv2%2Fcategories&post=4722"},{"taxonomy":"post_tag","embeddable":true,"href":"http:\/\/www.korhanyilmaz.com\/index.php?rest_route=%2Fwp%2Fv2%2Ftags&post=4722"}],"curies":[{"name":"wp","href":"https:\/\/api.w.org\/{rel}","templated":true}]}}