{"id":47213,"date":"2012-01-22T09:50:42","date_gmt":"2012-01-22T07:50:42","guid":{"rendered":"http:\/\/www.korhanyilmaz.com\/?p=47213"},"modified":"2012-01-22T14:50:37","modified_gmt":"2012-01-22T12:50:37","slug":"vanda-yine-cadir-yangini","status":"publish","type":"post","link":"http:\/\/www.korhanyilmaz.com\/?p=47213","title":{"rendered":"Van&#8217;da yine \u00e7ad\u0131r yang\u0131n\u0131"},"content":{"rendered":"<p style=\"text-align: center;\"><a href=\"http:\/\/www.korhanyilmaz.com\/wp-content\/uploads\/2012\/01\/9359.jpg\"  class=\"lightview\"><img loading=\"lazy\" decoding=\"async\" class=\"aligncenter  wp-image-47214\" src=\"http:\/\/www.korhanyilmaz.com\/wp-content\/uploads\/2012\/01\/9359.jpg\" alt=\"\" width=\"307\" height=\"236\" \/><\/a><\/p>\n<p style=\"text-align: justify;\">Hava s\u0131cakl\u0131\u011f\u0131n\u0131n s\u0131f\u0131r\u0131n alt\u0131nda 20 derecelere kadar d\u00fc\u015ft\u00fc\u011f\u00fc deprem b\u00f6lgesi Van&#8217;da \u00e7ad\u0131r yang\u0131nlar\u0131n\u0131n \u00f6n\u00fcne ge\u00e7ilemiyor. So\u011fuktan korunmak i\u00e7in \u00e7ad\u0131rda soba yakan bir depremzede aile daha \u00e7\u0131kan yang\u0131ndan son anda kurtuldu.<\/p>\n<p style=\"text-align: justify;\">Demir ailesinin Selimbey Mahallesi&#8217;ndeki evlerinin \u00f6n\u00fcne kurdu\u011fu \u00e7ad\u0131r, sobadan s\u0131\u00e7rayan k\u0131v\u0131lc\u0131mla bir anda alev topuna d\u00f6nd\u00fc.\u00a0<!--more--><\/p>\n<p style=\"text-align: justify;\">Aile fertleri g\u00fc\u00e7l\u00fckle kendilerini d\u0131\u015far\u0131 atarken, yanan \u00e7ad\u0131r\u0131 \u00e7evreden yeti\u015fen vatanda\u015flar s\u00f6nd\u00fcrmeye \u00e7al\u0131\u015ft\u0131.<\/p>\n<p style=\"text-align: justify;\">\u0130tfaiye ekipleri de k\u0131sa s\u00fcrede olay yerine geldi ancak alevler s\u00f6nd\u00fcr\u00fcld\u00fc\u011f\u00fcnde \u00e7ad\u0131rdan geriye hi\u00e7bir \u015fey kalmam\u0131\u015ft\u0131.<\/p>\n<p style=\"text-align: justify;\">17 ya\u015f\u0131ndaki Ahmet Demir dumandan zehirlendi. \u0130lk m\u00fcdahalesi olay yerine gelen ambulansta yap\u0131lan Demir, daha sonra hastaneye kald\u0131r\u0131ld\u0131.<\/p>\n<p style=\"text-align: justify;\">K\u0131z\u0131lay, \u00e7ad\u0131r\u0131 yanan aileye yeni bir \u00e7ad\u0131r verdi.<\/p>\n<p style=\"text-align: justify;\"><a href=\"http:\/\/www.cnnturk.com\/2012\/turkiye\/01\/22\/vanda.yine.cadir.yangini\/645850.0\/index.html\" target=\"_blank\">Kaynak : CNN T\u00dcRK<\/a><\/p>\n","protected":false},"excerpt":{"rendered":"<p style=\"text-align: center;\">\n<p style=\"text-align: justify;\">Hava s\u0131cakl\u0131\u011f\u0131n\u0131n s\u0131f\u0131r\u0131n alt\u0131nda 20 derecelere kadar d\u00fc\u015ft\u00fc\u011f\u00fc deprem b\u00f6lgesi Van&#8217;da \u00e7ad\u0131r yang\u0131nlar\u0131n\u0131n \u00f6n\u00fcne ge\u00e7ilemiyor. So\u011fuktan korunmak i\u00e7in \u00e7ad\u0131rda soba yakan bir depremzede aile daha \u00e7\u0131kan yang\u0131ndan son anda kurtuldu.<\/p>\n<p style=\"text-align: justify;\">Demir ailesinin Selimbey Mahallesi&#8217;ndeki evlerinin \u00f6n\u00fcne kurdu\u011fu \u00e7ad\u0131r, sobadan s\u0131\u00e7rayan k\u0131v\u0131lc\u0131mla bir anda alev topuna d\u00f6nd\u00fc. <\/p>\n","protected":false},"author":1,"featured_media":0,"comment_status":"open","ping_status":"open","sticky":false,"template":"","format":"standard","meta":{"footnotes":""},"categories":[105],"tags":[],"class_list":["post-47213","post","type-post","status-publish","format-standard","hentry","category-gundem","odd"],"_links":{"self":[{"href":"http:\/\/www.korhanyilmaz.com\/index.php?rest_route=\/wp\/v2\/posts\/47213","targetHints":{"allow":["GET"]}}],"collection":[{"href":"http:\/\/www.korhanyilmaz.com\/index.php?rest_route=\/wp\/v2\/posts"}],"about":[{"href":"http:\/\/www.korhanyilmaz.com\/index.php?rest_route=\/wp\/v2\/types\/post"}],"author":[{"embeddable":true,"href":"http:\/\/www.korhanyilmaz.com\/index.php?rest_route=\/wp\/v2\/users\/1"}],"replies":[{"embeddable":true,"href":"http:\/\/www.korhanyilmaz.com\/index.php?rest_route=%2Fwp%2Fv2%2Fcomments&post=47213"}],"version-history":[{"count":0,"href":"http:\/\/www.korhanyilmaz.com\/index.php?rest_route=\/wp\/v2\/posts\/47213\/revisions"}],"wp:attachment":[{"href":"http:\/\/www.korhanyilmaz.com\/index.php?rest_route=%2Fwp%2Fv2%2Fmedia&parent=47213"}],"wp:term":[{"taxonomy":"category","embeddable":true,"href":"http:\/\/www.korhanyilmaz.com\/index.php?rest_route=%2Fwp%2Fv2%2Fcategories&post=47213"},{"taxonomy":"post_tag","embeddable":true,"href":"http:\/\/www.korhanyilmaz.com\/index.php?rest_route=%2Fwp%2Fv2%2Ftags&post=47213"}],"curies":[{"name":"wp","href":"https:\/\/api.w.org\/{rel}","templated":true}]}}