{"id":47205,"date":"2012-01-22T14:21:41","date_gmt":"2012-01-22T12:21:41","guid":{"rendered":"http:\/\/www.korhanyilmaz.com\/?p=47205"},"modified":"2012-01-22T14:43:01","modified_gmt":"2012-01-22T12:43:01","slug":"eker-19-kisiye-ait-kafatasi-bulundu","status":"publish","type":"post","link":"http:\/\/www.korhanyilmaz.com\/?p=47205","title":{"rendered":"Eker: &#8220;19 ki\u015fiye ait kafatas\u0131 bulundu&#8221;"},"content":{"rendered":"<p style=\"text-align: center;\"><a href=\"http:\/\/www.korhanyilmaz.com\/wp-content\/uploads\/2012\/01\/9357.jpg\"  class=\"lightview\"><img loading=\"lazy\" decoding=\"async\" class=\"aligncenter  wp-image-47207\" src=\"http:\/\/www.korhanyilmaz.com\/wp-content\/uploads\/2012\/01\/9357.jpg\" alt=\"\" width=\"306\" height=\"238\" \/><\/a><\/p>\n<p style=\"text-align: justify;\">G\u0131da, Tar\u0131m ve Hayvanc\u0131l\u0131k Bakan\u0131 Mehmet Mehdi Eker, Diyarbak\u0131r&#8217;daki kaz\u0131larda \u015fu ana kadar 19 ki\u015fiye ait kafatas\u0131 ve kemikler bulundu\u011funu, kemiklerin 4-5 metrekarelik alanda \u00fcst \u00fcste bulundu\u011funu ve dini vecibelere g\u00f6re bir g\u00f6m\u00fclme s\u00f6z konusu olmad\u0131\u011f\u0131n\u0131 s\u00f6yledi.<\/p>\n<p style=\"text-align: justify;\">Beraberinde G\u0131da Tar\u0131m ve Hayvanc\u0131l\u0131k Bakan Yard\u0131mc\u0131s\u0131 Kutbettin Arzu, AK Parti Diyarbak\u0131r Milletvekilleri Galip Ensario\u011flu, Mine L\u00f6k Beyaz, Oya Eronat ve Diyarbak\u0131r Valisi Mustafa Toprak ile birlikte restorasyonu tamamlanan Hazreti S\u00fcleyman Camisini gezen Eker, daha sonra restorasyonu devam eden tarihi yap\u0131larda incelemelerde bulundu.<!--more--><\/p>\n<p style=\"text-align: justify;\">Restorasyon \u00e7al\u0131\u015fmalar\u0131 s\u0131ras\u0131nda insan kafataslar\u0131 ve kemiklerinin bulundu\u011fu b\u00f6lgede de incelemelerde bulunan Eker, gazetecilere yapt\u0131\u011f\u0131 a\u00e7\u0131klamada, \u0130\u00e7kale projesinin, Diyarbak\u0131r&#8217;\u0131n tarihi dokusunun yo\u011fun olarak yer ald\u0131\u011f\u0131 bir b\u00f6lge oldu\u011funu ve buras\u0131n\u0131n \u00f6nemli oldu\u011funu belirtti.<\/p>\n<p style=\"text-align: justify;\">Bu alanda, \u015fu anda 7 ayr\u0131 bina ile ilgili restorasyon \u00e7al\u0131\u015fmalar\u0131 yap\u0131ld\u0131\u011f\u0131n\u0131 ifade eden Eker, \u015f\u00f6yle dedi:<\/p>\n<p style=\"text-align: justify;\">&#8220;Saint George Kilisesi, adliye binalar\u0131, Jandarma Komutanl\u0131\u011f\u0131 binas\u0131, Hazreti S\u00fcleyman Camisi ile birlikte, buras\u0131 Diyarbak\u0131r&#8217;\u0131n tarihi ve k\u00fclt\u00fcr\u00fc a\u00e7\u0131s\u0131ndan \u00e7ok \u00f6nemli bir proje alan\u0131. Hazreti S\u00fcleyman Camisi bu hafta tekrar ibadete a\u00e7\u0131l\u0131yor. Di\u011fer binalar\u0131m\u0131z\u0131n 4 tanesinin 2012 y\u0131l\u0131n\u0131n sonu itibar\u0131yla tamamlan\u0131p hizmete a\u00e7\u0131lmas\u0131 bekleniyor.<\/p>\n<p style=\"text-align: justify;\">Eski cezaevi binas\u0131, eski Jandarma Komutanl\u0131\u011f\u0131 binas\u0131 ve bir di\u011fer binan\u0131n ihalesi yap\u0131lacak. Saint George Kilisesi bir sanat merkezi haline getirilecek. Eski cezaevi daha \u00e7ok tarihi eserlerin muhafaza merkezi, adliye binalar\u0131ndan bir tanesinin \u00fcst k\u0131sm\u0131 Valilik, alt k\u0131sm\u0131 kent m\u00fczesi, di\u011fer adliye ve kolordu binalar\u0131n\u0131n biri esas te\u015fhir ama\u00e7l\u0131 m\u00fcze, biri de cafe olarak de\u011ferlendirilecek.<\/p>\n<p style=\"text-align: justify;\">Jandarma Komutanl\u0131\u011f\u0131 binas\u0131 da yine m\u00fcze te\u015fhir alan\u0131 ve di\u011fer binalarda idari bina olarak tan\u0131mlanm\u0131\u015f. Bunlar\u0131 h\u0131zla bitirmeye \u00e7al\u0131\u015f\u0131yoruz. Hazreti S\u00fcleyman Camisinin \u00f6n\u00fcnde bir kentsel d\u00f6n\u00fc\u015f\u00fcm projesi var. Yine orada Roma d\u00f6neminden kalan bir hamam ve bir anfitiyatro var.<\/p>\n<p style=\"text-align: justify;\">Onlar\u0131n da a\u00e7\u0131\u011fa \u00e7\u0131kmas\u0131yla bu alan diyar\u0131n tarihi ve k\u00fclt\u00fcrel dokusunu zenginli\u011fini ortaya \u00e7\u0131karacak. Artuklu d\u00f6neminden kalan h\u00f6y\u00fckteki kaz\u0131larda burada ka\u00e7 y\u0131ld\u0131r ka\u00e7 medeniyet ya\u015fam\u0131\u015f o konuda bize bilgi verecek.&#8221;<\/p>\n<p style=\"text-align: justify;\"><strong>Kaz\u0131lar s\u0131ras\u0131nda \u00e7\u0131kan insan kemikleri\u00a0<\/strong><\/p>\n<p style=\"text-align: justify;\">Eker, eski cezaevi binas\u0131 ile onun do\u011fu duvar\u0131 ile Saint George Kilisesi aras\u0131ndaki surlara giden yolda, duvar dibine yak\u0131n b\u00f6l\u00fcm\u00fcnde ge\u00e7en g\u00fcnlerdeki kaz\u0131lar esnas\u0131nda insanlara ait gerek kafataslar\u0131, gerek kemikler bulundu\u011funu hat\u0131rlatt\u0131.<\/p>\n<p style=\"text-align: justify;\">Eker, \u015funlar\u0131 s\u00f6yledi:<\/p>\n<p style=\"text-align: justify;\">&#8220;Ald\u0131\u011f\u0131m\u0131z bilgiye g\u00f6re \u015fu ana kadar 19 civar\u0131nda kemik bulundu. Kademe kademe a\u015fa\u011f\u0131ya iniyor. Bunlar hangi d\u00f6neme aittir? Yak\u0131n bir tarihte mi yoksa daha eski bir tarihte mi oldu\u011fu analizler sonucunda ortaya \u00e7\u0131kacak. Ama g\u00f6r\u00fcnen durum, dar bir alanda \u00fcst \u00fcste y\u0131\u011f\u0131lma \u015feklinde g\u00f6r\u00fcl\u00fcyor.<\/p>\n<p style=\"text-align: justify;\">Gittim o alan\u0131 da g\u00f6rd\u00fcm. \u00c7ok geni\u015f bir alan de\u011fil. 4-5 metrekarelik bir alan. O alan kaz\u0131l\u0131rken, 70-80 santimetre de bulunmu\u015f, daha sonra a\u015fa\u011f\u0131 do\u011fru indik\u00e7e her kademede daha fazla bulunmu\u015f. 19 tane \u015fu ana kadar kafatas\u0131 bilinen. Sadece kemikler bulunmu\u015f, bunlara ait bir metal, giysi par\u00e7as\u0131 veya buna benzer bir\u015fey bulunmu\u015f de\u011fil.<\/p>\n<p style=\"text-align: justify;\">Oras\u0131 koruma alt\u0131nda soru\u015fturma inceleme tamamlan\u0131ncaya kadar, netle\u015finceye kadar. Zaten netle\u015fince de gerekli a\u00e7\u0131klamalar yap\u0131lacak. \u015eeffaf bir \u015fekilde vatanda\u015flar\u0131m\u0131za bu bilgiler aktar\u0131lacak. Dini g\u00f6m\u00fclme tarz\u0131 pek g\u00f6r\u00fclm\u00fcyor, izlenimim o. Daha \u00e7ok at\u0131lm\u0131\u015f gibi duruyor.&#8221;<\/p>\n<p style=\"text-align: justify;\"><a href=\"http:\/\/www.cnnturk.com\/2012\/turkiye\/01\/22\/eker.19.kisiye.ait.kafatasi.bulundu\/645865.0\/index.html\" target=\"_blank\">Kaynak : CNN T\u00dcRK<\/a><\/p>\n","protected":false},"excerpt":{"rendered":"<p style=\"text-align: center;\">\n<p style=\"text-align: justify;\">G\u0131da, Tar\u0131m ve Hayvanc\u0131l\u0131k Bakan\u0131 Mehmet Mehdi Eker, Diyarbak\u0131r&#8217;daki kaz\u0131larda \u015fu ana kadar 19 ki\u015fiye ait kafatas\u0131 ve kemikler bulundu\u011funu, kemiklerin 4-5 metrekarelik alanda \u00fcst \u00fcste bulundu\u011funu ve dini vecibelere g\u00f6re bir g\u00f6m\u00fclme s\u00f6z konusu olmad\u0131\u011f\u0131n\u0131 s\u00f6yledi.<\/p>\n<p style=\"text-align: justify;\">Beraberinde G\u0131da Tar\u0131m ve Hayvanc\u0131l\u0131k Bakan Yard\u0131mc\u0131s\u0131 Kutbettin Arzu, AK Parti <\/p>\n","protected":false},"author":1,"featured_media":0,"comment_status":"open","ping_status":"open","sticky":false,"template":"","format":"standard","meta":{"footnotes":""},"categories":[105],"tags":[],"class_list":["post-47205","post","type-post","status-publish","format-standard","hentry","category-gundem","odd"],"_links":{"self":[{"href":"http:\/\/www.korhanyilmaz.com\/index.php?rest_route=\/wp\/v2\/posts\/47205","targetHints":{"allow":["GET"]}}],"collection":[{"href":"http:\/\/www.korhanyilmaz.com\/index.php?rest_route=\/wp\/v2\/posts"}],"about":[{"href":"http:\/\/www.korhanyilmaz.com\/index.php?rest_route=\/wp\/v2\/types\/post"}],"author":[{"embeddable":true,"href":"http:\/\/www.korhanyilmaz.com\/index.php?rest_route=\/wp\/v2\/users\/1"}],"replies":[{"embeddable":true,"href":"http:\/\/www.korhanyilmaz.com\/index.php?rest_route=%2Fwp%2Fv2%2Fcomments&post=47205"}],"version-history":[{"count":0,"href":"http:\/\/www.korhanyilmaz.com\/index.php?rest_route=\/wp\/v2\/posts\/47205\/revisions"}],"wp:attachment":[{"href":"http:\/\/www.korhanyilmaz.com\/index.php?rest_route=%2Fwp%2Fv2%2Fmedia&parent=47205"}],"wp:term":[{"taxonomy":"category","embeddable":true,"href":"http:\/\/www.korhanyilmaz.com\/index.php?rest_route=%2Fwp%2Fv2%2Fcategories&post=47205"},{"taxonomy":"post_tag","embeddable":true,"href":"http:\/\/www.korhanyilmaz.com\/index.php?rest_route=%2Fwp%2Fv2%2Ftags&post=47205"}],"curies":[{"name":"wp","href":"https:\/\/api.w.org\/{rel}","templated":true}]}}