{"id":47197,"date":"2012-01-22T09:58:19","date_gmt":"2012-01-22T07:58:19","guid":{"rendered":"http:\/\/www.korhanyilmaz.com\/?p=47197"},"modified":"2012-01-22T14:34:59","modified_gmt":"2012-01-22T12:34:59","slug":"savciya-kisla-basma-yetkisi","status":"publish","type":"post","link":"http:\/\/www.korhanyilmaz.com\/?p=47197","title":{"rendered":"Savc\u0131ya k\u0131\u015fla basma yetkisi"},"content":{"rendered":"<p style=\"text-align: center;\"><a href=\"http:\/\/www.korhanyilmaz.com\/wp-content\/uploads\/2012\/01\/9355.jpg\"  class=\"lightview\"><img loading=\"lazy\" decoding=\"async\" class=\"aligncenter  wp-image-47198\" src=\"http:\/\/www.korhanyilmaz.com\/wp-content\/uploads\/2012\/01\/9355.jpg\" alt=\"\" width=\"396\" height=\"180\" \/><\/a><\/p>\n<p style=\"text-align: justify;\">Adalet Bakan\u0131 Sadullah Ergin\u2019in yarg\u0131n\u0131n h\u0131zland\u0131r\u0131lmas\u0131 amac\u0131yla haz\u0131rlad\u0131\u011f\u0131 3\u2019\u00fcnc\u00fc pakete son \u015fekli verildi ve \u00f6nceki g\u00fcn Ba\u015fbakanl\u0131\u011fa sevk edildi.<\/p>\n<p style=\"text-align: justify;\">87 maddelik tasar\u0131da idari yarg\u0131da revizyonla, \u00f6zel yetkili savc\u0131lara kararg\u00e2hta do\u011frudan arama yetkisi, medyaya tape, ses ve g\u00f6r\u00fcnt\u00fc yay\u0131nlama izni veriliyor. Tasar\u0131yla, Ergenekon davas\u0131na y\u00f6nelik s\u00f6zleri nedeniyle hakk\u0131nda fezleke haz\u0131rlanan CHP Lideri Kemal K\u0131l\u0131\u00e7daro\u011flu gibi, d\u00fc\u015f\u00fcnce a\u00e7\u0131klama y\u00f6ntemiyle i\u015flenen su\u00e7lara \u015fartl\u0131 af getirildi.<!--more--><\/p>\n<p style=\"text-align: justify;\">Tasar\u0131 \u00f6zetle \u015f\u00f6yle:<\/p>\n<p style=\"text-align: justify;\"><strong>ARAMA YETK\u0130S\u0130<\/strong><\/p>\n<p style=\"text-align: justify;\">H\u00fcrriyet&#8217;in haberine g\u00f6re CMK 251\u2019deki \u2018TSK k\u0131t\u2019a, kararg\u00e2h ve kurumlar\u0131ndan istemde bulunulmas\u0131 halinde istem, yetkili amirlik\u00e7e de\u011ferlendirilerek yerine getirilebilir\u2019 \u015feklindeki 8. maddesi kald\u0131r\u0131ld\u0131. Mevcut uygulamada, \u00f6zel yetkili savc\u0131 soru\u015fturmas\u0131 s\u0131ras\u0131nda askeri b\u00f6lgede arama gibi i\u015flemler komutan iznine ba\u011fl\u0131yd\u0131. Madde kald\u0131r\u0131ld\u0131. B\u00f6ylece \u00f6zel yetkili savc\u0131, askeri b\u00f6lgede ilgili komutan iznine gerek duymadan arama yapt\u0131rabilecek.<\/p>\n<p style=\"text-align: justify;\"><strong>FEZLEKEDEN HAP\u0130S YOK<\/strong><\/p>\n<p style=\"text-align: justify;\">K\u0131l\u0131\u00e7daro\u011flu\u2019na Ergenekon davas\u0131na ili\u015fkin a\u00e7\u0131klamalar\u0131 nedeniyle \u201cAdil yarg\u0131lamay\u0131 etkilemeye te\u015febb\u00fcsten\u201d fezleke haz\u0131rlanan TCK\u2019n\u0131n 288\u2019inci maddesi yeniden d\u00fczenlendi. Tasar\u0131 ile 1-3 y\u0131l hapis cezas\u0131 kald\u0131r\u0131ld\u0131. Bu su\u00e7a art\u0131k 50 g\u00fcnden az olmamak \u00fczere adli para cezas\u0131 verilecek.<\/p>\n<p style=\"text-align: justify;\"><strong>AFTAN DA YARARLANACAK<\/strong><\/p>\n<p style=\"text-align: justify;\">Ge\u00e7ici maddeyle de 31 Aral\u0131k 2011\u2019den \u00f6nce bas\u0131n yoluyla ya da sair d\u00fc\u015f\u00fcnce a\u00e7\u0131klama y\u00f6ntemiyle i\u015flenen su\u00e7lardan dolay\u0131 \u015fartl\u0131 af getirildi. Tasar\u0131 bu haliyle yasala\u015f\u0131rsa, K\u0131l\u0131\u00e7daro\u011flu\u2019nun dokunulmazl\u0131\u011f\u0131 kalksa veya bir sonraki d\u00f6nemde se\u00e7ilemese bile fezlekesine konu olan konu\u015fmas\u0131 31 Aral\u0131k 2011\u2019den \u00f6nce oldu\u011fu i\u00e7in hakk\u0131nda dava a\u00e7\u0131lmas\u0131 5 y\u0131ll\u0131\u011f\u0131na ertelenecek.<\/p>\n<p style=\"text-align: justify;\"><strong>MEDYAYA TAPE \u0130ZN\u0130<\/strong><\/p>\n<p style=\"text-align: justify;\">Tasar\u0131 ile \u201cHaberle\u015fmenin gizlili\u011finin ihlali\u201d, \u201c\u00f6zel hayat\u0131n gizlili\u011fini ihlal\u201d \u201cKi\u015filer aras\u0131ndaki konu\u015fmalar\u0131n dinlenmesi ve kayda al\u0131nmas\u0131\u201d su\u00e7lar\u0131na ili\u015fkin cezalar art\u0131r\u0131ld\u0131. Medyaya g\u00f6r\u00fcnt\u00fc, ses ve tapeleri yay\u0131nlama izni geldi. \u0130ddianameye giren ileti\u015fim tapelerini, ses ve g\u00f6r\u00fcnt\u00fcleri yay\u0131nlamak art\u0131k ihlal su\u00e7unu olu\u015fturmayacak. Bu tip tapelerin yay\u0131n\u0131n\u0131n su\u00e7 olmas\u0131n\u0131 engellemek i\u00e7in ki\u015filerin \u201cr\u0131zas\u0131 olmaks\u0131z\u0131n\u201d ibaresinden sonra \u201chukuka ayk\u0131r\u0131 olarak\u201d haberle\u015fme ihlalinin su\u00e7 olaca\u011f\u0131 eklendi.<\/p>\n<p style=\"text-align: justify;\"><strong>\u0130NTERNETE D\u00dc\u015eEN TAPE<\/strong><\/p>\n<p style=\"text-align: justify;\">\u00d6rne\u011fin 2 ki\u015fi aras\u0131ndaki konu\u015fma bir internet sitesine d\u00fc\u015ft\u00fc\u011f\u00fcnde gazeteci bunu \u201chaber yapma s\u0131n\u0131r\u0131\u201d i\u00e7inde haberle\u015ftirip yay\u0131nlayabilecek. Soru\u015fturma ve kovu\u015fturma i\u015flemlerinin haber verme s\u0131n\u0131rlar\u0131 a\u015f\u0131lmaks\u0131z\u0131n haber konusu yap\u0131lmas\u0131 da art\u0131k su\u00e7 say\u0131lmayaca\u011f\u0131 belirtildi.<\/p>\n<p style=\"text-align: justify;\"><strong>CEZALAR KATLANDI<\/strong><\/p>\n<p style=\"text-align: justify;\">Ki\u015filer aras\u0131ndaki haberle\u015fmenin gizlili\u011fini ihlal eden kimseye \u201c6 ay-2 y\u0131l hapis veya adli para cezas\u0131\u201d yerine 1-3 y\u0131l hapis cezas\u0131 veya adli para cezas\u0131 verilecek. Bu haberle\u015fme i\u00e7eriklerini kaydeden ki\u015fiye verilecek ceza bir kat art\u0131r\u0131lacak 2-6 y\u0131l uygulanacak.<\/p>\n<p style=\"text-align: justify;\"><strong>TELEKULA\u011eA 5 YIL<\/strong><\/p>\n<p style=\"text-align: justify;\">Ki\u015filer aras\u0131ndaki aleni olmayan konu\u015fmalar\u0131n kaydedilmesi suretiyle elde edilen verileri hukuka ayk\u0131r\u0131 olarak if\u015fa eden ki\u015fi, iki y\u0131ldan be\u015f y\u0131la kadar hapis ve d\u00f6rt bin g\u00fcne kadar adli para cezas\u0131 ile cezaland\u0131r\u0131lacak.<\/p>\n<p style=\"text-align: justify;\"><strong>\u00d6ZEL HAYATA 5 YIL<\/strong><\/p>\n<p style=\"text-align: justify;\">Ki\u015filerin \u00f6zel hayat\u0131n\u0131n gizlili\u011fini ihlal eden ki\u015fiye 6 aydan 2 y\u0131la kadar hapis yerine 1 y\u0131ldan 3 y\u0131la kadar hapis verilecek. Ceza bir kat art\u0131r\u0131labilecek. Ki\u015filerin \u00f6zel hayat\u0131na ili\u015fkin g\u00f6r\u00fcnt\u00fc veya sesleri hukuka ayk\u0131r\u0131 olarak, if\u015fa eden ki\u015fiye 1-3 y\u0131l yerine 2-5 y\u0131l hapis verilecek.<\/p>\n<p style=\"text-align: justify;\"><strong>DAVALAR AZALTILDI<\/strong><\/p>\n<p style=\"text-align: justify;\">Dan\u0131\u015ftay\u2019a ilk derece mahkemesi olarak a\u00e7\u0131lan davalar azalt\u0131ld\u0131. Bankac\u0131l\u0131k Elektronik Haberle\u015fme Kanunu, Elektrik Piyasas\u0131 Kanunu, \u015eeker Kanunu, Do\u011fal Gaz Piyasas\u0131 Kanunu, Petrol Piyasas\u0131 Kanunu kapsam\u0131nda, kurullarca verilen idari yapt\u0131r\u0131m kararlar\u0131na kar\u015f\u0131 idare mahkemesinde dava a\u00e7\u0131lacak. Dan\u0131\u015ftay ve idare mahkemeleri kural olarak idarenin savunmas\u0131 al\u0131nd\u0131ktan veya savunma s\u00fcresi ge\u00e7tikten sonra y\u00fcr\u00fctmeyi durdurma karar\u0131 verecek.<\/p>\n<p style=\"text-align: justify;\"><strong>GE\u00c7\u0130C\u0130 DURDURMA<\/strong><\/p>\n<p style=\"text-align: justify;\">Y\u00fcr\u00fctmenin durdurulmas\u0131 talebinin yerinde olmad\u0131\u011f\u0131 dilek\u00e7e ve eklerden anla\u015f\u0131l\u0131rsa, idarenin savunmas\u0131 bile al\u0131nmadan talep reddedilebilecek. Ancak, y\u0131k\u0131m ve s\u0131n\u0131r d\u0131\u015f\u0131 etme gibi uygulanmakla etkisi t\u00fckenecek nitelikteki idari i\u015flemler bak\u0131m\u0131ndan savunma al\u0131nd\u0131ktan sonra yeniden bir karar verilinceye kadar \u201cge\u00e7ici olarak y\u00fcr\u00fctmenin durdurulmas\u0131\u201d verilebilecek. Ayni hukuki sebeplere dayan\u0131larak ikinci kez y\u00fcr\u00fctmeyi durdurma istenemeyecek.<\/p>\n<p style=\"text-align: justify;\"><strong>B\u0130R \u00dcYE \u0130LE D\u00dcZELTME<\/strong><\/p>\n<p style=\"text-align: justify;\">Karar d\u00fczeltme ba\u015fvurusu do\u011frudan daire, kurul ve mahkemece de\u011fil, bir \u00fcye taraf\u0131ndan incelenecek. \u00dcye onay verirse karar d\u00fczeltme talebi incelenecek. \u00dcye talebin reddine de do\u011frudan karar verebilecek.<\/p>\n<p style=\"text-align: justify;\"><strong>TER\u00d6RDE \u00c7A\u011eRI \u0130\u015eYER\u0130NE<\/strong><\/p>\n<p style=\"text-align: justify;\">Ter\u00f6r soru\u015fturmas\u0131nda g\u00f6rev alan kamu g\u00f6revlilerinin soru\u015fturma veya kovu\u015fturma a\u015famas\u0131nda dinlenilmesi gerekti\u011finde i\u015fyerine \u00e7a\u011fr\u0131 ka\u011f\u0131d\u0131 g\u00f6nderilecek. Kolluk taraf\u0131ndan d\u00fczenlenen tutanaklara ilgili g\u00f6revlilerin a\u00e7\u0131k kimlikleri yerine sadece sicil numaralar\u0131 yaz\u0131lacak.<\/p>\n<p style=\"text-align: justify;\"><strong>ADAY ALMADA SINIR<\/strong><\/p>\n<p style=\"text-align: justify;\">\u0130dari yarg\u0131 adayl\u0131\u011f\u0131na, hukuk fak\u00fcltesinden mezun olanlar d\u0131\u015f\u0131ndan al\u0131nacak adaylar i\u00e7in var olan aday say\u0131s\u0131n\u0131n y\u00fczde 20\u2019sini ge\u00e7ememe \u015feklindeki kanuni s\u0131n\u0131rlama da kalkt\u0131. Bu d\u00fczenlemeye, idari yarg\u0131daki, hakim ve savc\u0131 eksikli\u011finin daha k\u0131sa s\u00fcrede giderilebilmesi gerek\u00e7e g\u00f6sterildi.<\/p>\n<p style=\"text-align: justify;\"><a href=\"http:\/\/www.gazeteport.com.tr\/haber\/74914\/savciya_kisla_basma_yetkisi\" target=\"_blank\">Kaynak : GAZETEPORT<\/a><\/p>\n","protected":false},"excerpt":{"rendered":"<p style=\"text-align: center;\">\n<p style=\"text-align: justify;\">Adalet Bakan\u0131 Sadullah Ergin\u2019in yarg\u0131n\u0131n h\u0131zland\u0131r\u0131lmas\u0131 amac\u0131yla haz\u0131rlad\u0131\u011f\u0131 3\u2019\u00fcnc\u00fc pakete son \u015fekli verildi ve \u00f6nceki g\u00fcn Ba\u015fbakanl\u0131\u011fa sevk edildi.<\/p>\n<p style=\"text-align: justify;\">87 maddelik tasar\u0131da idari yarg\u0131da revizyonla, \u00f6zel yetkili savc\u0131lara kararg\u00e2hta do\u011frudan arama yetkisi, medyaya tape, ses ve g\u00f6r\u00fcnt\u00fc yay\u0131nlama izni veriliyor. Tasar\u0131yla, Ergenekon davas\u0131na y\u00f6nelik s\u00f6zleri nedeniyle hakk\u0131nda fezleke <\/p>\n","protected":false},"author":1,"featured_media":0,"comment_status":"open","ping_status":"open","sticky":false,"template":"","format":"standard","meta":{"footnotes":""},"categories":[105],"tags":[],"class_list":["post-47197","post","type-post","status-publish","format-standard","hentry","category-gundem","odd"],"_links":{"self":[{"href":"http:\/\/www.korhanyilmaz.com\/index.php?rest_route=\/wp\/v2\/posts\/47197","targetHints":{"allow":["GET"]}}],"collection":[{"href":"http:\/\/www.korhanyilmaz.com\/index.php?rest_route=\/wp\/v2\/posts"}],"about":[{"href":"http:\/\/www.korhanyilmaz.com\/index.php?rest_route=\/wp\/v2\/types\/post"}],"author":[{"embeddable":true,"href":"http:\/\/www.korhanyilmaz.com\/index.php?rest_route=\/wp\/v2\/users\/1"}],"replies":[{"embeddable":true,"href":"http:\/\/www.korhanyilmaz.com\/index.php?rest_route=%2Fwp%2Fv2%2Fcomments&post=47197"}],"version-history":[{"count":0,"href":"http:\/\/www.korhanyilmaz.com\/index.php?rest_route=\/wp\/v2\/posts\/47197\/revisions"}],"wp:attachment":[{"href":"http:\/\/www.korhanyilmaz.com\/index.php?rest_route=%2Fwp%2Fv2%2Fmedia&parent=47197"}],"wp:term":[{"taxonomy":"category","embeddable":true,"href":"http:\/\/www.korhanyilmaz.com\/index.php?rest_route=%2Fwp%2Fv2%2Fcategories&post=47197"},{"taxonomy":"post_tag","embeddable":true,"href":"http:\/\/www.korhanyilmaz.com\/index.php?rest_route=%2Fwp%2Fv2%2Ftags&post=47197"}],"curies":[{"name":"wp","href":"https:\/\/api.w.org\/{rel}","templated":true}]}}