{"id":4718,"date":"2009-03-09T16:54:49","date_gmt":"2009-03-09T14:54:49","guid":{"rendered":"http:\/\/www.korhanyilmaz.com\/?p=4718"},"modified":"2009-03-09T16:54:49","modified_gmt":"2009-03-09T14:54:49","slug":"%e2%80%98teget%e2%80%99-gecen-kriz-her-yeri-kuruttu-isler-durdu","status":"publish","type":"post","link":"http:\/\/www.korhanyilmaz.com\/?p=4718","title":{"rendered":"\u2018Te\u011fet\u2019 ge\u00e7en kriz her yeri kuruttu, i\u015fler durdu"},"content":{"rendered":"<p style=\"text-align: center;\"><img loading=\"lazy\" decoding=\"async\" class=\"aligncenter size-full wp-image-4719\" title=\"Zorlu Holding Y\u00f6netim Kurulu Ba\u015fkan\u0131 Ahmet Nazif Zorlu\" src=\"http:\/\/www.korhanyilmaz.com\/wp-content\/uploads\/2009\/03\/100320090425415907852.jpg\" alt=\"Zorlu Holding Y\u00f6netim Kurulu Ba\u015fkan\u0131 Ahmet Nazif Zorlu\" width=\"376\" height=\"240\" \/><\/p>\n<p style=\"text-align: justify;\"><strong>T\u00fcrkiye&#8217;nin k\u00fcresel kriz y\u00fcz\u00fcnden \u00f6dedi\u011fi bedel her ge\u00e7en g\u00fcn b\u00fcy\u00fcyor<\/strong><\/p>\n<p style=\"text-align: justify;\">Kapasite kullan\u0131m\u0131, sanayi \u00fcretimi ve ihracattaki d\u00fc\u015f\u00fc\u015f artarak devam ederken h\u00fck\u00fcmet &#8216;can suyu&#8217; kredileri vermenin \u00f6tesine ge\u00e7emedi. Merkez Bankas\u0131&#8217;n\u0131n &#8216;radikal&#8217; faiz indirimi ve kurlarda y\u00fckselme de sanayici ile ihracat\u00e7\u0131n\u0131n derdine \u00e7are olmad\u0131<\/p>\n<p style=\"text-align: justify;\">Fabrikalar birbiri ard\u0131na kapan\u0131p i\u015fsizler ordusuna her g\u00fcn yeni askerler kat\u0131l\u0131rken i\u00e7 t\u00fcketim durma noktas\u0131na geldi. T\u00fcketicinin beyaz e\u015fyadan otomobile kadar pek \u00e7ok ihtiyac\u0131n\u0131 ertelemesi kriz ma\u011fduru sekt\u00f6rlerin yaras\u0131na tuz biber ekti. &#8216;Se\u00e7imden sonra tablo daha da a\u011f\u0131rla\u015facak&#8217; beklentisi ise karamsarl\u0131\u011f\u0131 iyice art\u0131rd\u0131.<!--more--><\/p>\n<p style=\"text-align: justify;\"><strong>\u0130\u00e7 pazarda herkes kast\u0131 ihtiyac\u0131 olan bile alm\u0131yor<\/strong><\/p>\n<p style=\"text-align: justify;\">Zorlu Holding Y\u00f6netim Kurulu Ba\u015fkan\u0131 Ahmet Nazif Zorlu, global krizin etkisinin art\u0131k her sekt\u00f6rde ciddi \u015fekilde ya\u015fand\u0131\u011f\u0131n\u0131 belirterek, &#8220;\u0130yimser olmak istiyorum ama maalesef durum zor. \u0130\u00e7 pazarda sat\u0131\u015flar \u00fc\u00e7te bire kadar geriledi. Dayan\u0131kl\u0131 t\u00fcketim \u00fcr\u00fcnleri \u00fcretenler \u00e7ok hasar g\u00f6rd\u00fc. Otomotiv sekt\u00f6r\u00fc b\u00fcy\u00fck yara ald\u0131. Bizim sat\u0131\u015flar\u0131m\u0131zda da y\u00fczde 10-15 civar\u0131nda d\u00fc\u015f\u00fc\u015f var. Bug\u00fcn i\u00e7 pazarda herkes kendini kast\u0131, al\u0131\u015fveri\u015f yapan yok. \u0130htiyac\u0131 olan bile belirsizlik y\u00fcz\u00fcnden bir \u015fey alm\u0131yor. T\u00fcketici kas\u0131nca her yer kurudu. Hem i\u00e7erde hem d\u0131\u015farda b\u00f6yle durgunluk g\u00f6rmedim. Kiime sorsam i\u015flerin kesatl\u0131\u011f\u0131ndan \u015fikayet ediyor&#8221; diye konu\u015ftu.<\/p>\n<p style=\"text-align: justify;\">Baz\u0131 sekt\u00f6rlerde \u00fcretimin y\u00fczde 30&#8217;lara kadar geriledi\u011fini, bir\u00e7o\u011funda ise y\u00fczde 50 civar\u0131nda d\u00fc\u015f\u00fc\u015fler ya\u015fand\u0131\u011f\u0131n\u0131 kaydeden Zorlu, &#8220;Krizden etkilenmedik diyen yalan konu\u015fur. Kendi kendimize \u00f6ld\u00fck bittik demeyelim ama ger\u00e7ekleri de g\u00f6z ard\u0131 etmeyelim. \u00d6zellikle i\u00e7 pazar odakl\u0131 \u00e7al\u0131\u015fanlar \u00e7ok b\u00fcy\u00fck s\u0131k\u0131nt\u0131 ya\u015f\u0131yor. Fabrika kapatmak zorunda kalanlar var, i\u015fsiz kalanlar var&#8221; de\u011ferlendirmesini yapt\u0131. T\u00fcrkiye&#8217;nin 1994 ve 2001&#8217;de de ciddi krizler ya\u015fad\u0131\u011f\u0131n\u0131 ancak bu kez krizin t\u00fcm d\u00fcnyada ya\u015fand\u0131\u011f\u0131n\u0131 hat\u0131rlatan Zorlu, d\u00fcnya genelinde ya\u015fanan durgunluk ve krizden T\u00fcrkiye&#8217;nin de nasibini ald\u0131\u011f\u0131n\u0131 kaydetti. Ahmet Nazif Zorlu, s\u00f6zlerini \u015f\u00f6yle s\u00fcrd\u00fcrd\u00fc:<\/p>\n<p style=\"text-align: justify;\">&#8220;D\u00fcnyada da elektronikten enerjiye her sekt\u00f6r daral\u0131yor, insanlar i\u015fsiz kal\u0131yor. Maalesef T\u00fcrkiye, i\u015fin ciddiyetini \u00e7ok ge\u00e7 anlad\u0131. Ekim-Kas\u0131m 2008&#8217;den itibaren \u015fartlar iyice a\u011f\u0131rla\u015fmaya ba\u015flad\u0131. Se\u00e7imden sonra \u00e7ok daha zor olacak. Karamsar olmak, k\u00f6t\u00fc d\u00fc\u015f\u00fcnmek istemiyorum ama en k\u00f6t\u00fcs\u00fc olacakm\u0131\u015f gibi bir an \u00f6nce tedbir almam\u0131z laz\u0131m. \u00c7\u00fcnk\u00fc \u015fartlar se\u00e7im sonras\u0131n\u0131n daha zorlu ge\u00e7ece\u011fini g\u00f6steriyor. \u015eimdi hepimize d\u00fc\u015fen bu zor \u015fartlarda dolab\u0131 d\u00f6nd\u00fcrmek.&#8221;<\/p>\n<p style=\"text-align: justify;\"><strong>FIRSATLARI PARAYA \u00c7EV\u0130REN \u0130\u015eADAMI: AHMET NAZ\u0130F ZORLU<\/strong><\/p>\n<p style=\"text-align: justify;\">Zorlu Grubu kriz y\u0131l\u0131 2008&#8217;de 6 milyar dolar ciroya ula\u015ft\u0131.<\/p>\n<p style=\"text-align: justify;\">Tekstil, enerji, gayrimenkul, elektronik ve beyaz e\u015fya sekt\u00f6rlerinde faaliyet g\u00f6steren grupta 28 bin ki\u015fi \u00e7al\u0131\u015f\u0131yor. Grup \u015firketleri 108 \u00fclkeye ihracat yap\u0131yor.<\/p>\n<p style=\"text-align: justify;\">Grup \u015firketlerinden Vestel, Avrupa&#8217;da beyaz e\u015fyada y\u00fczde 25, LCD TV&#8217;de y\u00fczde 11 pazar pay\u0131na sahip. Hedef d\u00fcnyada ilk 3&#8217;e girmek.<\/p>\n<p style=\"text-align: justify;\">Ahmet Nazif Zorlu, i\u015f d\u00fcnyas\u0131n\u0131n en renkli ve ba\u015far\u0131l\u0131 isimlerinden biri&#8230; Bir tabela ve 3 \u015fubeyle 69 milyon dolara ald\u0131\u011f\u0131 Denizbank&#8217;\u0131 2006&#8217;da 2.4 milyar dolara Dexia&#8217;ya satt\u0131.<\/p>\n<p style=\"text-align: justify;\">2007&#8217;de 800 milyon dolara Zincirlikuyu&#8217;daki Karayollar\u0131 arazisini ald\u0131.<\/p>\n<p style=\"text-align: justify;\"><span style=\"color: #888888;\">Kaynak : Vatan Gazetesi<\/span><\/p>\n","protected":false},"excerpt":{"rendered":"<p style=\"text-align: center;\">\n<p style=\"text-align: justify;\">T\u00fcrkiye&#8217;nin k\u00fcresel kriz y\u00fcz\u00fcnden \u00f6dedi\u011fi bedel her ge\u00e7en g\u00fcn b\u00fcy\u00fcyor<\/p>\n<p style=\"text-align: justify;\">Kapasite kullan\u0131m\u0131, sanayi \u00fcretimi ve ihracattaki d\u00fc\u015f\u00fc\u015f artarak devam ederken h\u00fck\u00fcmet &#8216;can suyu&#8217; kredileri vermenin \u00f6tesine ge\u00e7emedi. Merkez Bankas\u0131&#8217;n\u0131n &#8216;radikal&#8217; faiz indirimi ve kurlarda y\u00fckselme de sanayici ile ihracat\u00e7\u0131n\u0131n derdine \u00e7are olmad\u0131<\/p>\n<p style=\"text-align: justify;\">Fabrikalar birbiri ard\u0131na kapan\u0131p <\/p>\n","protected":false},"author":1,"featured_media":0,"comment_status":"open","ping_status":"closed","sticky":false,"template":"","format":"standard","meta":{"footnotes":""},"categories":[7],"tags":[],"class_list":["post-4718","post","type-post","status-publish","format-standard","hentry","category-ekonomi","odd"],"_links":{"self":[{"href":"http:\/\/www.korhanyilmaz.com\/index.php?rest_route=\/wp\/v2\/posts\/4718","targetHints":{"allow":["GET"]}}],"collection":[{"href":"http:\/\/www.korhanyilmaz.com\/index.php?rest_route=\/wp\/v2\/posts"}],"about":[{"href":"http:\/\/www.korhanyilmaz.com\/index.php?rest_route=\/wp\/v2\/types\/post"}],"author":[{"embeddable":true,"href":"http:\/\/www.korhanyilmaz.com\/index.php?rest_route=\/wp\/v2\/users\/1"}],"replies":[{"embeddable":true,"href":"http:\/\/www.korhanyilmaz.com\/index.php?rest_route=%2Fwp%2Fv2%2Fcomments&post=4718"}],"version-history":[{"count":0,"href":"http:\/\/www.korhanyilmaz.com\/index.php?rest_route=\/wp\/v2\/posts\/4718\/revisions"}],"wp:attachment":[{"href":"http:\/\/www.korhanyilmaz.com\/index.php?rest_route=%2Fwp%2Fv2%2Fmedia&parent=4718"}],"wp:term":[{"taxonomy":"category","embeddable":true,"href":"http:\/\/www.korhanyilmaz.com\/index.php?rest_route=%2Fwp%2Fv2%2Fcategories&post=4718"},{"taxonomy":"post_tag","embeddable":true,"href":"http:\/\/www.korhanyilmaz.com\/index.php?rest_route=%2Fwp%2Fv2%2Ftags&post=4718"}],"curies":[{"name":"wp","href":"https:\/\/api.w.org\/{rel}","templated":true}]}}