{"id":47168,"date":"2012-01-20T17:10:34","date_gmt":"2012-01-20T15:10:34","guid":{"rendered":"http:\/\/www.korhanyilmaz.com\/?p=47168"},"modified":"2012-01-22T11:38:11","modified_gmt":"2012-01-22T09:38:11","slug":"aydinlikta-cikan-bu-karikature-erdogan-dava-acti","status":"publish","type":"post","link":"http:\/\/www.korhanyilmaz.com\/?p=47168","title":{"rendered":"Ayd\u0131nl\u0131k&#8217;ta \u00e7\u0131kan bu karikat\u00fcre Erdo\u011fan dava a\u00e7t\u0131"},"content":{"rendered":"<p style=\"text-align: center;\"><a href=\"http:\/\/www.korhanyilmaz.com\/wp-content\/uploads\/2012\/01\/9348.jpg\"  class=\"lightview\"><img loading=\"lazy\" decoding=\"async\" class=\"aligncenter  wp-image-47169\" src=\"http:\/\/www.korhanyilmaz.com\/wp-content\/uploads\/2012\/01\/9348.jpg\" alt=\"\" width=\"389\" height=\"202\" \/><\/a><\/p>\n<p style=\"text-align: justify;\">Tayyip Erdo\u011fan&#8217;\u0131n Ayd\u0131nl\u0131k Gazetesi yazar\u0131 Prof. Dr. Yal\u00e7\u0131n K\u00fc\u00e7\u00fck&#8217;e a\u00e7t\u0131\u011f\u0131 karikat\u00fcr davas\u0131n\u0131n ilk duru\u015fmas\u0131 d\u00fcn g\u00f6r\u00fcld\u00fc. Duru\u015fmada yarg\u0131lama s\u00fcrecinin olduk\u00e7a h\u0131zl\u0131 oldu\u011funu ifade eden K\u00fc\u00e7\u00fck, &#8220;Bu savc\u0131l\u0131k Tayyip Bey&#8217;in \u00f6zel savc\u0131l\u0131\u011f\u0131 m\u0131d\u0131r?\u201d diye sordu.<\/p>\n<p style=\"text-align: justify;\">Ayd\u0131nl\u0131k Gazetesi&#8217;nde yay\u0131mlanan bu karikat\u00fcr Tayyip Erdo\u011fan&#8217;\u0131 rahats\u0131z etti.<!--more--><\/p>\n<p style=\"text-align: justify;\">Erdo\u011fan, 28 Eyl\u00fcl 2011 g\u00fcnl\u00fc gazetede Yal\u00e7\u0131n K\u00fc\u00e7\u00fck&#8217;\u00fcn &#8220;Diktatorya&#8221; ba\u015fl\u0131kl\u0131 yaz\u0131s\u0131nda yer alan karikat\u00fcrden dolay\u0131 dava a\u00e7t\u0131.<\/p>\n<p style=\"text-align: justify;\">Dava&#8217;n\u0131n ilk duru\u015fmas\u0131 bug\u00fcn \u00c7a\u011flayan Adliyesi 2&#8217;inci Asliye Ceza Mahkemesinde g\u00f6r\u00fcld\u00fc. Duru\u015fmada Ayd\u0131nl\u0131k Sorumlu Yaz\u0131 \u0130\u015fleri M\u00fcd\u00fcr\u00fc Mehmet Bozkurt ve Yal\u00e7\u0131n K\u00fc\u00e7\u00fck ifade verdi.<\/p>\n<p style=\"text-align: justify;\">K\u00fc\u00e7\u00fck, Erdo\u011fan&#8217;\u0131n kendi aleyhinde a\u00e7t\u0131\u011f\u0131 7 davan\u0131n da d\u00fc\u015ft\u00fc\u011f\u00fcn\u00fc s\u00f6yledi. Prof. K\u00fc\u00e7\u00fck, yarg\u0131laman\u0131n h\u0131z\u0131na dikkat \u00e7ekti.<\/p>\n<p style=\"text-align: justify;\">14 Ekim&#8217;de su\u00e7 duyurusu yap\u0131lm\u0131\u015f. 24 Ekim&#8217;de ifadem al\u0131n\u0131yor. Yoksa bu savc\u0131l\u0131k Tayyip Bey&#8217;in \u00f6zel savc\u0131l\u0131\u011f\u0131 m\u0131d\u0131r?<\/p>\n<p style=\"text-align: justify;\">Ayd\u0131nl\u0131k Gazetesi Yaz\u0131 \u0130\u015fleri M\u00fcd\u00fcr\u00fc Mehmet Bozkurt ise, resmedilen ki\u015finin Ba\u015fbakan oldu\u011funu iddia etmenin m\u00fcmk\u00fcn olmad\u0131\u011f\u0131n\u0131 belirtti. Bozkurt, hakaret iddilar\u0131n\u0131 kabul etmedi.<\/p>\n<p style=\"text-align: justify;\">Duru\u015fma karara ba\u011flanak \u00fczere 13 Mart g\u00fcn\u00fcne ertelendi.<\/p>\n<p style=\"text-align: justify;\"><span style=\"text-decoration: underline;\">\u0130\u015fte o karikat\u00fcr:<\/span><\/p>\n<p style=\"text-align: center;\"><a href=\"http:\/\/www.korhanyilmaz.com\/wp-content\/uploads\/2012\/01\/93492.jpg\"  class=\"lightview\"><img loading=\"lazy\" decoding=\"async\" class=\"aligncenter  wp-image-47172\" src=\"http:\/\/www.korhanyilmaz.com\/wp-content\/uploads\/2012\/01\/93492.jpg\" alt=\"\" width=\"520\" height=\"719\" \/><\/a><\/p>\n<p style=\"text-align: justify;\"><a href=\"http:\/\/www.ulusalkanal.com.tr\/medya\/aydinlikta-cikan-bu-karikature-erdogan-dava-acti-h560.html\" target=\"_blank\">Kaynak : Ulusalkanal.com.tr<\/a><\/p>\n<p style=\"text-align: justify;\">\n<p style=\"text-align: justify;\">\n","protected":false},"excerpt":{"rendered":"<p style=\"text-align: center;\">\n<p style=\"text-align: justify;\">Tayyip Erdo\u011fan&#8217;\u0131n Ayd\u0131nl\u0131k Gazetesi yazar\u0131 Prof. Dr. Yal\u00e7\u0131n K\u00fc\u00e7\u00fck&#8217;e a\u00e7t\u0131\u011f\u0131 karikat\u00fcr davas\u0131n\u0131n ilk duru\u015fmas\u0131 d\u00fcn g\u00f6r\u00fcld\u00fc. Duru\u015fmada yarg\u0131lama s\u00fcrecinin olduk\u00e7a h\u0131zl\u0131 oldu\u011funu ifade eden K\u00fc\u00e7\u00fck, &#8220;Bu savc\u0131l\u0131k Tayyip Bey&#8217;in \u00f6zel savc\u0131l\u0131\u011f\u0131 m\u0131d\u0131r?\u201d diye sordu.<\/p>\n<p style=\"text-align: justify;\">Ayd\u0131nl\u0131k Gazetesi&#8217;nde yay\u0131mlanan bu karikat\u00fcr Tayyip Erdo\u011fan&#8217;\u0131 rahats\u0131z etti.<\/p>\n","protected":false},"author":1,"featured_media":0,"comment_status":"open","ping_status":"open","sticky":false,"template":"","format":"standard","meta":{"footnotes":""},"categories":[105],"tags":[],"class_list":["post-47168","post","type-post","status-publish","format-standard","hentry","category-gundem","odd"],"_links":{"self":[{"href":"http:\/\/www.korhanyilmaz.com\/index.php?rest_route=\/wp\/v2\/posts\/47168","targetHints":{"allow":["GET"]}}],"collection":[{"href":"http:\/\/www.korhanyilmaz.com\/index.php?rest_route=\/wp\/v2\/posts"}],"about":[{"href":"http:\/\/www.korhanyilmaz.com\/index.php?rest_route=\/wp\/v2\/types\/post"}],"author":[{"embeddable":true,"href":"http:\/\/www.korhanyilmaz.com\/index.php?rest_route=\/wp\/v2\/users\/1"}],"replies":[{"embeddable":true,"href":"http:\/\/www.korhanyilmaz.com\/index.php?rest_route=%2Fwp%2Fv2%2Fcomments&post=47168"}],"version-history":[{"count":0,"href":"http:\/\/www.korhanyilmaz.com\/index.php?rest_route=\/wp\/v2\/posts\/47168\/revisions"}],"wp:attachment":[{"href":"http:\/\/www.korhanyilmaz.com\/index.php?rest_route=%2Fwp%2Fv2%2Fmedia&parent=47168"}],"wp:term":[{"taxonomy":"category","embeddable":true,"href":"http:\/\/www.korhanyilmaz.com\/index.php?rest_route=%2Fwp%2Fv2%2Fcategories&post=47168"},{"taxonomy":"post_tag","embeddable":true,"href":"http:\/\/www.korhanyilmaz.com\/index.php?rest_route=%2Fwp%2Fv2%2Ftags&post=47168"}],"curies":[{"name":"wp","href":"https:\/\/api.w.org\/{rel}","templated":true}]}}