{"id":47143,"date":"2012-01-21T13:37:26","date_gmt":"2012-01-21T11:37:26","guid":{"rendered":"http:\/\/www.korhanyilmaz.com\/?p=47143"},"modified":"2012-01-21T15:21:23","modified_gmt":"2012-01-21T13:21:23","slug":"turkiyede-ilk-yuz-nakli-yapildi","status":"publish","type":"post","link":"http:\/\/www.korhanyilmaz.com\/?p=47143","title":{"rendered":"T\u00fcrkiye&#8217;de ilk y\u00fcz nakli yap\u0131ld\u0131"},"content":{"rendered":"<p style=\"text-align: center;\"><a href=\"http:\/\/www.korhanyilmaz.com\/wp-content\/uploads\/2012\/01\/9343.jpg\"  class=\"lightview\"><img loading=\"lazy\" decoding=\"async\" class=\"aligncenter  wp-image-47144\" src=\"http:\/\/www.korhanyilmaz.com\/wp-content\/uploads\/2012\/01\/9343.jpg\" alt=\"\" width=\"395\" height=\"204\" \/><\/a><\/p>\n<p style=\"text-align: justify;\">T\u00fcrkiye&#8217;nin ilk rahim naklini ger\u00e7ekle\u015ftiren Akdeniz \u00dcniversitesi T\u0131p Fak\u00fcltesi Hastanesi \u015fu s\u0131ralarda ger\u00e7ekle\u015ftirdi\u011fi y\u00fcz nakli ile T\u00fcrk t\u0131p tarihinde bir ilke daha imza att\u0131. U\u015fak\u2019ta tren \u00e7arpmas\u0131 sonucu beyin \u00f6l\u00fcm\u00fc ger\u00e7ekle\u015fen ve ailesi taraf\u0131ndan organlar\u0131 ba\u011f\u0131\u015flanan 38 ya\u015f\u0131ndaki Ahmet Kaya\u2019n\u0131n y\u00fcz\u00fc gece 03.30&#8217;da ba\u015flayan ameliyat ile 19 ya\u015f\u0131ndaki mermer i\u015f\u00e7isi U\u011fur Acar&#8217;a nakledildi. 12.30 itibariyle sona eren operasyonun ard\u0131ndan y\u00fcz nakli yap\u0131lan U\u011fur Acar, hastanenin yo\u011fun bak\u0131m \u00fcnitesinde kendisi i\u00e7in haz\u0131rlanan \u00f6zel b\u00f6l\u00fcme al\u0131nacak.\u00a0<!--more--><\/p>\n<p style=\"text-align: justify;\">Akdeniz \u00dcniversitesi (A\u00dc) Prof.Dr. Tuncer Karpuzo\u011flu Organ Nakli Enstit\u00fcs\u00fc\u2019nde, U\u015fak\u2019ta tren \u00e7arpmas\u0131 sonucu beyin \u00f6l\u00fcm\u00fc ger\u00e7ekle\u015fen ve ailesi taraf\u0131ndan organlar\u0131 ba\u011f\u0131\u015flanan 39 ya\u015f\u0131ndaki Ahmet Kaya\u2019n\u0131n kollar\u0131 ile sa\u011f baca\u011f\u0131 Atilla Kavd\u0131r\u2019a, y\u00fcz\u00fc ise T\u00fcrkiye\u2019de ilk defa yap\u0131lacak ameliyatla U\u011fur Acar\u2019a nakledilmesine ili\u015fkin ameliyat saat 12.30 itibariyle yakla\u015f\u0131k 9 saatte tamamland\u0131. Y\u00fcz naklinin tamamlanmak \u00fczere oldu\u011fu ve 1 saat i\u00e7erisinde hastan\u0131n yo\u011fun bak\u0131m \u00fcnitesinde haz\u0131rlanan odaya al\u0131naca\u011f\u0131, kol ve bacak nakli ameliyat\u0131n\u0131n ise devam etti\u011fi belirtildi.<\/p>\n<p style=\"text-align: justify;\"><strong>&#8220;AHMED\u0130M\u0130N Y\u00dcZ\u00dcN\u00dc G\u00d6RECE\u011e\u0130M&#8221;\u00a0<\/strong><\/p>\n<p style=\"text-align: justify;\">A\u00dc T\u0131p Fak\u00fcltesi Hastanesi Ba\u015fhekimi Do\u00e7.Dr. Abdullah Erdo\u011fan, y\u00fcz naklinin son r\u00f6tu\u015flar\u0131n\u0131n yap\u0131ld\u0131\u011f\u0131n\u0131 ve hasta ile doktorlar hen\u00fcz ameliyathaneden \u00e7\u0131kmad\u0131klar\u0131 i\u00e7in naklin tamamland\u0131\u011f\u0131n\u0131n s\u00f6ylenemeyece\u011fini a\u00e7\u0131klad\u0131.<\/p>\n<p style=\"text-align: justify;\"><strong>T\u00dcRK\u0130YE&#8217;N\u0130N \u0130LK Y\u00dcZ NAKL\u0130 AMEL\u0130YATI<\/strong> :<\/p>\n<p style=\"text-align: justify;\">[flv]http:\/\/hurriyet.cubecdn.net\/Haber\/nakillll_21012012_1144_wmp4.mp4[\/flv]<\/p>\n<p style=\"text-align: justify;\">U\u015fak\u2019ta 13 g\u00fcn \u00f6nce trenin alt\u0131na atlayarak intihar giri\u015fiminde bulunup a\u011f\u0131r yaralanan tekstil i\u015f\u00e7isi, 6 \u00e7ocuk babas\u0131 Ahmet Kaya\u2019n\u0131n beyin \u00f6l\u00fcm\u00fc ger\u00e7ekle\u015fti. Doktorlar\u0131yla g\u00f6r\u00fc\u015fen ailesi, Kaya\u2019n\u0131n t\u00fcm organlar\u0131n\u0131 ba\u011f\u0131\u015flama karar\u0131 verdi. Bunun \u00fczerine Antalya\u2019dan yola \u00e7\u0131kan Akdeniz \u00dcniversitesi (A\u00dc) T\u0131p Fak\u00fcltesi Hastanesi Plastik ve Rekonstr\u00fcktif Cerrahi ve Estetik Anabilim Dal\u0131 \u00f6\u011fretim \u00fcyesi Prof.Dr. \u00d6mer \u00d6zkan ba\u015fkanl\u0131\u011f\u0131ndaki \u00f6zel ekip, Sa\u011fl\u0131k Bakanl\u0131\u011f\u0131 taraf\u0131ndan g\u00f6revlendirilen u\u00e7akla U\u015fak\u2019a ula\u015ft\u0131. U\u015fak Devlet Hastanesi\u2019nde yakla\u015f\u0131k 6 saat s\u00fcren operasyonla vericiden al\u0131nan iki kol, sa\u011f bacak ve y\u00fcz, k\u0131sa s\u00fcrede U\u015fak Havaalan\u0131\u2019na getirildi. Kaya\u2019n\u0131n operasyon s\u0131ras\u0131nda kalbinin durmas\u0131 \u00fczerine i\u00e7 organlar\u0131 i\u015flevini yitirdi, kadavradan al\u0131nan g\u00f6z kornealar\u0131 ise, nakil i\u00e7in \u00f6zel ambulans ile Ege \u00dcniversitesi T\u0131p Fak\u00fcltesi Hastanesi\u2019ne g\u00f6nderildi.<\/p>\n<p style=\"text-align: justify;\">Organlar\u0131 nakletmek i\u00e7in Antalya\u2019dan giden Sa\u011fl\u0131k Bakanl\u0131\u011f\u0131\u2019na ait Hava Ambulans U\u00e7a\u011f\u0131\u2019n\u0131n U\u015fak Havaalan\u0131\u2019ndaki beklemesi s\u0131ras\u0131nda a\u015f\u0131r\u0131 so\u011fuk nedeniyle kanatlar\u0131nda buzlanma meydana geldi. Bunun \u00fczerine havaalan\u0131ndaki teknik personel taraf\u0131ndan u\u00e7a\u011f\u0131n kanatlar\u0131 alkolle y\u0131kanarak u\u00e7u\u015fa haz\u0131r hale getirildi. Sorunun giderilmesinin ard\u0131ndan ambulans u\u00e7ak saat 02.00\u2019da U\u015fak\u2019tan Antalya\u2019ya gelmek \u00fczere havaland\u0131. U\u015fak\u2019tan havaland\u0131ktan 45 dakika sonra Antalya Havaliman\u0131\u2019na inen u\u00e7aktaki uzman ekip, kendilerini bekleyen minib\u00fcslerle Akdeniz \u00dcniversitesi T\u0131p Fak\u00fcltesi Hastanesi\u2019ne ge\u00e7ti.<\/p>\n<p style=\"text-align: center;\"><a href=\"http:\/\/www.korhanyilmaz.com\/wp-content\/uploads\/2012\/01\/9344.jpg\"  class=\"lightview\"><img loading=\"lazy\" decoding=\"async\" class=\"aligncenter  wp-image-47145\" src=\"http:\/\/www.korhanyilmaz.com\/wp-content\/uploads\/2012\/01\/9344.jpg\" alt=\"\" width=\"494\" height=\"233\" \/><\/a><\/p>\n<p style=\"text-align: justify;\"><strong>&#8220;AHMET G\u00dcN Y\u00dcZ\u00dc G\u00d6RMED\u0130&#8221;\u00a0<\/strong><\/p>\n<p style=\"text-align: justify;\">U\u015fak\u2019ta trenin alt\u0131na atlayarak intihar giri\u015fiminde bulunan i\u015f\u00e7i Ahmet Kaya\u2019n\u0131n beyin \u00f6l\u00fcm\u00fcn\u00fcn ger\u00e7ekle\u015fmesi ve doktorlar\u0131yla g\u00f6r\u00fc\u015fen ailenin Kaya\u2019n\u0131n t\u00fcm organlar\u0131n\u0131 ba\u011f\u0131\u015flama karar ard\u0131ndan yengesi Fatma Kaya, cenaze i\u015flemleri i\u00e7in Antalya\u2019daki hastaneye geldi. Olduk\u00e7a \u00fcz\u00fcnt\u00fcl\u00fc g\u00f6r\u00fcnen ve g\u00f6zya\u015flar\u0131n\u0131 tutmakta zorlanan yenge Fatma Kaya, &#8220;Ahmet \u00e7ok iyi biriydi. G\u00fcn y\u00fcz\u00fc g\u00f6rmedi&#8221; dedi. \u0130lk e\u015finden 6 \u00e7ocu\u011fu oldu\u011funu ve 5 ay \u00f6nce yapt\u0131\u011f\u0131 ikinci evlili\u011finin yolunda gitmedi\u011fini anlatan Yenge Kaya, &#8220;Ahmet bu ba\u011f\u0131\u015flarla ya\u015fayacak. \u0130n\u015fallah nakil olanlar g\u00fcn y\u00fcz\u00fc g\u00f6r\u00fcrler&#8221; die konu\u015ftu.<\/p>\n<p style=\"text-align: justify;\"><strong>\u0130\u015eTE KAYA&#8217;NIN YENGES\u0130N\u0130N A\u00c7IKLAMALARI :<\/strong><\/p>\n<p style=\"text-align: justify;\">[flv]http:\/\/hurriyet.cubecdn.net\/Haber\/nakil_yenge_21012012_1223_wmp4.mp4[\/flv]<\/p>\n<p style=\"text-align: justify;\">Ahmet Kaya\u2019n\u0131n organlar\u0131n\u0131n ba\u011f\u0131\u015flanmas\u0131na ablas\u0131 Fadime Kaya\u2019n\u0131n \u00f6nc\u00fcl\u00fck etti\u011fini ve y\u00fcz\u00fc dahil olmak \u00fczere hi\u00e7bir organ\u0131n\u0131 vermekte teredd\u00fct etmediklerini kaydeden yenge Kaya, &#8220;Ablas\u0131 Fadime Kaya, doktorlarla g\u00f6r\u00fc\u015ft\u00fckten sonra organlar\u0131n\u0131n ba\u011f\u0131\u015flanmas\u0131n\u0131 ailecek de\u011ferlendirdik ve ba\u011f\u0131\u015flamaya karar verdik&#8221; dedi.<\/p>\n<p style=\"text-align: justify;\">Fatma Kaya, t\u00fcm organlar\u0131 ba\u011f\u0131\u015flamalar\u0131na ra\u011fmen organlar\u0131n\u0131n al\u0131nmas\u0131 s\u0131ras\u0131nda kalbi durdu\u011fu i\u00e7in i\u00e7 organlar\u0131n\u0131n al\u0131namad\u0131\u011f\u0131n\u0131 s\u00f6yledi.<\/p>\n<p style=\"text-align: justify;\"><strong>30 HASTA BA\u015eVURDU\u00a0<\/strong><\/p>\n<p style=\"text-align: justify;\">Akdeniz \u00dcniversitesi (A\u00dc) T\u0131p Fak\u00fcltesi Plastik ve Rekonstr\u00fcktif Cerrahi Anabilim Dal\u0131 \u00f6\u011fretim \u00fcyesi Prof.Dr. \u00d6mer \u00d6zkan, y\u00fcz nakli i\u00e7in 3 aday belirlediklerini s\u00f6ylemi\u015fti. D\u00fcnyada kadavradan ilk rahim naklinin yan\u0131 s\u0131ra, T\u00fcrkiye\u2019de ilk \u00e7ift kol naklini yapan ekibin ba\u015f\u0131nda yer alan Prof. Dr. \u00d6mer \u00d6zkan, &#8220;Y\u00fcz nakli i\u00e7in \u00e7ok say\u0131da hasta ba\u015fvurdu. 30\u2019dan fazla. \u00c7o\u011fu ger\u00e7ek\u00e7i ba\u015fvurmuyor. \u2019Y\u00fcz\u00fcm\u00fc be\u011fenmiyorum, de\u011fi\u015ftirsenize\u2019 diyor. Bizim \u00f6nceli\u011fimiz yan\u0131k, kaza ve ate\u015fli silah yaralanmas\u0131yd\u0131. Biz bunu 3\u2019le k\u0131s\u0131tlad\u0131k. Elimizde farkl\u0131 kan ve doku gruplar\u0131ndan 3 hasta tespit ettik ve onlarla temastayd\u0131k&#8221; dedi.<\/p>\n<p style=\"text-align: justify;\">Prof. Dr. \u00d6zkan, kol ve bacak naklinin 18, y\u00fcz naklinin ise 14 ya\u015f\u0131ndan itibaren yap\u0131labildi\u011fini kaydetti.<\/p>\n<p style=\"text-align: justify;\"><strong>3 ADAY ARASINDAN SE\u00c7\u0130LD\u0130\u00a0<\/strong><\/p>\n<p style=\"text-align: justify;\">Y\u00fcz nakli i\u00e7in Akdeniz \u00dcniversitesi T\u0131p Fak\u00fcltesi Hastanesi\u2019nde; hen\u00fcz 40 g\u00fcnl\u00fckken be\u015fi\u011finde uyudu\u011fu s\u0131rada evlerinde \u00e7\u0131kan yang\u0131nda alev alan battaniyenin \u00fczerine d\u00fc\u015fmesi sonucu y\u00fcz\u00fcn\u00fcn y\u00fczde 90\u2019\u0131n\u0131 yanan Manavgatl\u0131 mermer i\u015f\u00e7isi 19 ya\u015f\u0131ndaki U\u011fur Acar\u2019\u0131n yan\u0131 s\u0131ra tand\u0131ra d\u00fc\u015fme nedeniyle y\u00fcz\u00fc tamamen yanan, sa\u00e7\u0131 ve g\u00f6z kapaklar\u0131 olmayan, bu nedenle de okula gidemeyen 15 ya\u015f\u0131ndaki Leyla Demirci ile e\u015finden g\u00f6rd\u00fc\u011f\u00fc \u015fiddet nedeniyle girdi\u011fi bunal\u0131m sonucu 18 y\u0131l \u00f6nce kendisini bo\u011faz\u0131ndan av t\u00fcfe\u011fiyle vurarak intihar giri\u015fiminde bulunan ve y\u00fcz\u00fcnde tahribat olu\u015fan Zonguldakl\u0131 49 ya\u015f\u0131ndaki Sezgin Ergen aday olarak haz\u0131rlanm\u0131\u015ft\u0131.<\/p>\n<p style=\"text-align: justify;\"><strong>AMEL\u0130YAT 03.30\u2019DA BA\u015eLADI\u00a0<\/strong><\/p>\n<p style=\"text-align: justify;\">Bu arada, 23 y\u0131l \u00f6nce elektrik \u00e7arpmas\u0131 nedeniyle iki kolu ve sa\u011f baca\u011f\u0131n\u0131 kaybeden Atilla Kavd\u0131r ile bebekken \u00e7\u0131kan yang\u0131nda y\u00fcz\u00fcnden yaralanan ve uzun s\u00fcredir y\u00fcz nakli olmay\u0131 bekleyen mermer i\u015f\u00e7isi U\u011fur Acar doktorlar taraf\u0131ndan ameliyata haz\u0131rland\u0131. T\u00fcrkiye\u2019de ilk defa ger\u00e7ekle\u015ftirilecek ameliyata A\u00dc T\u0131p Fak\u00fcltesi Hastanesi Plastik ve Rekonstr\u00fcktif Cerrahi ve Estetik Anabilim Dal\u0131 \u00d6\u011fretim \u00fcyesi Prof.Dr. \u00d6mer \u00d6zkan\u2019\u0131n ba\u015fkanl\u0131k edece\u011fi a\u00e7\u0131kland\u0131.<\/p>\n<p style=\"text-align: justify;\">Saat 03.30 s\u0131ralar\u0131nda ba\u015flanan iki ameliyata da Ortopedi ve Travmatoloji Anabilim Dal\u0131\u2019nda g\u00f6revli Prof.Dr. Serdar T\u00fcz\u00fcner, Anesteziyoloji ve Reanimasyon Anabilim Dal\u0131\u2019nda g\u00f6revli Prof.Dr. Necmiye Hadimo\u011flu ile Plastik ve Rekonstr\u00fcktif Cerrahi ve Estetik Anabilim Dal\u0131 Ba\u015fkan\u0131 Yrd.Do\u00e7. \u00d6zlenen \u00d6zkan ile \u00e7ok say\u0131da asistan doktor kat\u0131ld\u0131. Uzman ekip, y\u00fcz nakli ameliyat\u0131 ile ayn\u0131 anda iki kol ve bacak nakli ameliyat\u0131n\u0131 da ger\u00e7ekle\u015ftiriyor. Ameliyat\u0131n yakla\u015f\u0131k 10 saat s\u00fcrece\u011fi bildirildi.<\/p>\n<p style=\"text-align: justify;\">T\u00fcrkiye\u2019nin ilk y\u00fcz nakli ameliyat\u0131n\u0131n yan\u0131 s\u0131ra daha \u00f6nce kol ve bacak nakli operasyonlar\u0131n\u0131n ayr\u0131 yap\u0131ld\u0131\u011f\u0131 ancak, ayn\u0131 hastaya iki kol ve bir bacak naklinin de d\u00fcnyada bir ilk oldu\u011fu belirtildi.<\/p>\n<p style=\"text-align: justify;\"><strong>YOLDAN HASTANEYE D\u00d6ND\u00dc\u00a0<\/strong><\/p>\n<p style=\"text-align: justify;\">Antalya\u2019n\u0131n Manavgat \u0130l\u00e7esi\u2019ne ba\u011fl\u0131 Gebece K\u00f6y\u00fc\u2019nde oturan U\u011fur Acar\u2019\u0131n 40 g\u00fcnl\u00fckken be\u015fi\u011finde uyudu\u011fu s\u0131rada evlerinde \u00e7\u0131kan yang\u0131nda alev alan battaniyenin \u00fczerine d\u00fc\u015fmesi sonucu y\u00fcz\u00fcn\u00fcn y\u00fczde 90\u2019\u0131n\u0131 yand\u0131. Bir mermer at\u00f6lyesinde \u00e7al\u0131\u015fan Acar, uzun s\u00fcredir y\u00fcz nakli ameliyat\u0131 i\u00e7in bekliyordu. Bug\u00fcne kadar \u015ei\u015fli Etfal Hastanesi ile \u00c7apa T\u0131p Fak\u00fcltesi Hastanesi\u2019nde \u00e7e\u015fitli ameliyatlar ge\u00e7iren U\u011fur Acar, d\u00fcn \u00f6\u011fle saatlerinde rutin kontrol i\u00e7in Akdeniz \u00dcniversitesi Hastanesi\u2019ne gelerek Prof.Dr. \u00d6mer \u00d6zkan taraf\u0131ndan muayene edildi, kontrol\u00fcn ard\u0131ndan otob\u00fcs ile Manavgat\u2019a d\u00f6nd\u00fc. Acar otob\u00fcsten indi\u011fi s\u0131rada telefonla aranarak, y\u00fcz nakli i\u00e7in beklenen kadavran\u0131n \u00e7\u0131kt\u0131\u011f\u0131 ve acilen hastaneye d\u00f6nmesi istendi.<\/p>\n<p style=\"text-align: justify;\"><strong>ELEKTR\u0130K TELLER\u0130NE VURUNCA\u00a0<\/strong><\/p>\n<p style=\"text-align: justify;\">Ahmet Kaya\u2019dan al\u0131nan iki kol ve sa\u011f baca\u011f\u0131n nakledilece\u011fi, Kepez \u0130l\u00e7esi\u2019ne ba\u011fl\u0131 Alt\u0131ayak Mahallesi\u2019nde oturan Atilla Kavd\u0131r, Kepez Belediyesi\u2019nde i\u015f\u00e7i olarak \u00e7al\u0131\u015f\u0131yor. Kavd\u0131r\u2019\u0131n 11 ya\u015f\u0131ndayken evlerinin \u00f6n\u00fcndeki elektrik tellerine konan g\u00fcvercinleri u\u00e7urtmak i\u00e7in demir sopa ile tellere vurdu\u011fu ve bu nedenle<\/p>\n<p style=\"text-align: justify;\">elektrik ak\u0131m\u0131na kap\u0131ld\u0131\u011f\u0131 belirtildi. Bu olaydan sonra hastaneye kald\u0131r\u0131lan Kavd\u0131r\u2019\u0131n iki kolunun, dirse\u011fin 7 santimetre alt\u0131ndan, sa\u011f baca\u011f\u0131n\u0131n da diz \u00fcst\u00fcnden kesildi\u011fi ifade edildi.<\/p>\n<p style=\"text-align: justify;\"><strong>D\u00dcNYANIN TANIDI\u011eI EK\u0130P\u00a0<\/strong><\/p>\n<p style=\"text-align: justify;\">Akdeniz \u00dcniversitesi Plastik ve Rekonstr\u00fcktif Cerrahi Estetik Anabilim Dal\u0131 \u00d6\u011fretim \u00dcyesi Prof.Dr. \u00d6mer \u00d6zkan ve ekibi, T\u00fcrkiye\u2019nin ilk \u00e7ift kol naklini ve d\u00fcnyada kadavradan ilk rahim naklini de ger\u00e7ekle\u015ftirdi.<\/p>\n<p style=\"text-align: justify;\">Mu\u011fla\u2019n\u0131n Milas \u0130l\u00e7esi\u2019nde motosikletiyle ge\u00e7irdi\u011fi trafik kazas\u0131nda hayat\u0131n\u0131 kaybeden 23 ya\u015f\u0131ndaki Fatih Demirel\u2019in iki kolu, 25 Eyl\u00fcl 2010\u2019da, ayn\u0131 ekip taraf\u0131ndan, Ayd\u0131n\u2019da 2008 y\u0131l\u0131nda iki kolunu dirsek alt\u0131ndan m\u0131s\u0131r silaj makinesine kapt\u0131ran 29 ya\u015f\u0131ndaki Cihan Topal\u2019a nakledildi.<\/p>\n<p style=\"text-align: justify;\">Prof.Dr. \u00d6zkan ba\u015fkanl\u0131\u011f\u0131ndaki ekip, 9 A\u011fustos 2011\u2019de de 21 ya\u015f\u0131ndaki Derya Sert\u2019e 7 saat s\u00fcren operasyon sonunda d\u00fcnyan\u0131n ilk kadavradan rahim naklini yapt\u0131. Daha \u00f6nce bir\u00e7ok \u00fclke doktorlar\u0131n\u0131n canl\u0131 vericiden denedi\u011fi, fakat ba\u015far\u0131l\u0131 olamad\u0131\u011f\u0131 rahim naklini bu kez kadavradan alarak yapan ekip t\u0131p literat\u00fcr\u00fcne ge\u00e7ti. Derya Sert\u2019e, nakilden \u00f6nce uygulanan t\u00fcp bebek i\u015flemiyle haz\u0131r bekletilen dondurulmu\u015f embriyo bu y\u0131l A\u011fustos ay\u0131nda nakledilecek ve hamile kalacak.<\/p>\n<p style=\"text-align: justify;\"><strong>D\u00dcNYADAK\u0130 Y\u00dcZ NAK\u0130LLER\u0130\u00a0<\/strong><\/p>\n<p style=\"text-align: justify;\">1994 y\u0131l\u0131nda y\u00fcz\u00fcn\u00fc bir makineye kapt\u0131ran 9 ya\u015f\u0131ndaki Hintli bir k\u0131z \u00e7ocu\u011funa, uzun s\u00fcren bir ameliyat sonras\u0131nda kendi y\u00fcz\u00fc dikilmi\u015fti. D\u00fcnyada don\u00f6rden ilk y\u00fcz nakli ise Fransa\u2019da 2005 y\u0131l\u0131nda y\u00fcz\u00fc bir k\u00f6pek taraf\u0131ndan par\u00e7alanan 38 ya\u015f\u0131ndaki kad\u0131na yap\u0131ld\u0131. Fransa\u2019n\u0131n kuzeyindeki Amiens kentindeki bir hastanede Dr. Jean-Michel Dubernard \u00f6nc\u00fcl\u00fc\u011f\u00fcnde yap\u0131lan ameliyatla kad\u0131n hastaya burun, dudak ve \u00e7ene nakli ger\u00e7ekle\u015ftirildi. Hintli k\u0131z\u0131nki \u2019k\u0131smen y\u00fcz nakli\u2019 olarak kabul edilirken, Frans\u0131z kad\u0131n t\u0131p tarihine \u2019tamamen y\u00fcz nakli\u2019 olarak ge\u00e7ti. Bug\u00fcne kadar d\u00fcnyada sonuncusu Bel\u00e7ika\u2019da olmak \u00fczere 12 y\u00fcz nakli yap\u0131ld\u0131.<\/p>\n<p style=\"text-align: justify;\"><span style=\"color: #808080;\">Haber :\u00a0Emre BAYLAN- Erol AKKIR- Akif ARICI \/ DHA<\/span><\/p>\n<p style=\"text-align: justify;\"><a href=\"http:\/\/www.hurriyet.com.tr\/saglik\/19737711.asp\" target=\"_blank\">Kaynak : H\u00fcrriyet.com.tr<\/a><\/p>\n<hr \/>\n<p style=\"text-align: justify;\"><span style=\"color: #800000; font-size: medium;\"><strong>&#8220;Ahmedimin y\u00fcz\u00fcn\u00fc g\u00f6rece\u011fim&#8221;<\/strong><\/span><\/p>\n<p style=\"text-align: justify;\">U\u015eAK\u2019ta, hayat\u0131na son vermek i\u00e7in kendini y\u00fck treninin alt\u0131na atan, a\u011f\u0131r yaral\u0131 olarak kald\u0131r\u0131ld\u0131\u011f\u0131 U\u015fak Devlet Hastanesi\u2019nde beyin \u00f6l\u00fcm\u00fc ger\u00e7ekle\u015fen ve organlar\u0131 ba\u011f\u0131\u015flanan Ahmet Kaya\u2019n\u0131n (39) ailesi, \u201cYap\u0131lan ba\u011f\u0131\u015f ile bir can bile kurtard\u0131ysak \u00e7ok mutlu olaca\u011f\u0131z\u00f6 dedi. Aile ayn\u0131 anda y\u00fcz, kol, bacak ba\u011f\u0131\u015f\u0131yla T\u00fcrkiye\u2019de bir ilke imza att\u0131.<\/p>\n<p style=\"text-align: justify;\">Uzun bir s\u00fcredir bunal\u0131mda oldu\u011fu iddia edilen tekstil fabrikas\u0131 i\u015f\u00e7isi 39 ya\u015f\u0131ndaki Ahmet Kaya, ge\u00e7en hafta kendisini bir y\u00fck trenin alt\u0131na att\u0131. A\u011f\u0131r yaralanan Ahmet Kaya, U\u015fak Devlet Hastanesi Yo\u011fun Bak\u0131m \u00dcnitesi\u2019nde tedaviye al\u0131nd\u0131. D\u00fcn (Cuma) \u00f6\u011fle saatlerinde Kaya\u2019n\u0131n beyin \u00f6l\u00fcm\u00fc ger\u00e7ekle\u015fti. Kaya\u2019n\u0131n ailesi organlar\u0131 ba\u011f\u0131\u015flad\u0131. \u0130zmir Ege \u00dcniversitesi\u2019nden gelen ekip, hasar g\u00f6ren karaci\u011fer, pankreas, kalp ve b\u00f6brekleri alamad\u0131. Bunun yerine Kaya\u2019n\u0131n kornealar\u0131, y\u00fcz nakli i\u00e7in y\u00fcz\u00fc, kol ve bacak nakli i\u00e7inde kollar\u0131 ve sa\u011f baca\u011f\u0131 al\u0131nd\u0131. Kornealar \u0130zmir\u2019e di\u011fer organlar Antalya\u2019ya g\u00f6nderildi. Ahmet Kaya\u2019n\u0131n ablas\u0131 Fadime \u00c7il (52) ve yak\u0131nlar\u0131 cenazeyi almak i\u00e7in U\u015fak Devlet Hastanesi Morgu\u2019na geldi.<\/p>\n<p style=\"text-align: justify;\"><strong>Y\u00dcZ NAKL\u0130 OLAN BANA ABLAM DES\u0130N YETERL\u0130\u00a0<\/strong><\/p>\n<p style=\"text-align: justify;\">Ahmet Kaya\u2019n\u0131n ablas\u0131 Fadime \u00c7il, kendisinin 5 y\u0131l \u00f6nce organlar\u0131n\u0131 ba\u011f\u0131\u015flad\u0131\u011f\u0131n\u0131 belirterek, \u201c2006 y\u0131l\u0131nda trafik kazas\u0131 sonucu k\u0131z karde\u015fimi kaybettim. Kazada a\u011f\u0131r yaralanan k\u0131z karde\u015fime gerekli olan kan\u0131 bulamam\u0131\u015ft\u0131k. Kan bulamay\u0131p karde\u015fimi kaybedince organ naklinin fark\u0131na vard\u0131m ve 5 y\u0131l \u00f6nce organ ba\u011f\u0131\u015f\u0131nda bulundum. Organlar\u0131n\u0131 ba\u011f\u0131\u015flad\u0131\u011f\u0131m\u0131z karde\u015fim Ahmet Kaya\u2019ya da konuyu s\u00f6yledim. Karde\u015fimizi kan bulamad\u0131\u011f\u0131m\u0131zdan kaybettik. \u201cBen organlar\u0131m\u0131 ba\u011f\u0131\u015flad\u0131m&#8217; dedim. Karde\u015fimde bunun \u00fczerine benim arkamdan organlar\u0131n\u0131 ba\u011f\u0131\u015flad\u0131. Tren kazas\u0131 sonucu a\u011f\u0131r yaral\u0131yd\u0131 ve beyin \u00f6l\u00fcm\u00fc ger\u00e7ekle\u015fti. \u201cFi\u015fini \u00e7ektirsem g\u00fcnaha girermiyim&#8217; diye i\u00e7ime \u015f\u00fcphe d\u00fc\u015f\u00fcnce m\u00fcft\u00fcl\u00fc\u011fe gittim ve sordum. \u201cCaiz&#8217; denince teredd\u00fct etmeden organlar\u0131n\u0131 ba\u011f\u0131\u015flad\u0131m. Karde\u015fimin organlar\u0131 bir can bile kurtard\u0131ysa \u00e7ok mutlu olaca\u011f\u0131m.Ahmedimin y\u00fcz\u00fcn\u00fc g\u00f6rsem yeter. Y\u00fcz\u00fc nakledilen ki\u015fiyi g\u00f6rmek istiyorum. Bayramlarda bana gelsin ablam desin sar\u0131l\u0131p elimi \u00f6ps\u00fcn yeterli. Karde\u015fim e\u015finden 5 y\u0131l \u00f6nce ayr\u0131lm\u0131\u015f, 6 \u00e7ocu\u011fu vard\u0131. 2 \u00e7ocu\u011fa ben bak\u0131yorum, 2 \u00e7ocuk Antalya SH\u00c7EK\u2019te di\u011fer iki k\u0131z da Antalya\u2019da evli&#8221; dedi.<\/p>\n<p style=\"text-align: justify;\"><strong>HERKES\u0130 ORGAN BA\u011eI\u015eINA DAVET ED\u0130YORUM\u00a0<\/strong><\/p>\n<p style=\"text-align: justify;\">Ahmet Kaya\u2019n\u0131n damad\u0131 olan G\u00f6kay Kayveci de (23) herkesi organ ba\u011f\u0131\u015f\u0131na davet etti\u011fini belirterek, \u201cDoktorlar\u0131m\u0131z elinden gelen her \u015feyi yapt\u0131. Kime organ ba\u011f\u0131\u015f\u0131 yap\u0131ld\u0131ysa kime ne yapt\u0131ysak bunlar\u0131 Antalya\u2019ya gitti\u011fimde g\u00f6rece\u011fim. Organ nakli yap\u0131lan ki\u015fileri g\u00f6rmek ve tan\u0131mak istiyorum. Yapt\u0131\u011f\u0131m\u0131z organ ba\u011f\u0131\u015f\u0131nda bir \u00e7\u0131kar\u0131m\u0131z ve menfaatimiz yok. Allah raz\u0131 olsun denilmesi yeterli. Hayat o kadar k\u0131sa ki ya\u015famaya de\u011fer. Babam da hayata tutunmaya \u00e7al\u0131\u015ft\u0131 ama takdiri ilahi. Aile olarak protokol imzalayarak organlar\u0131n\u0131 ba\u011f\u0131\u015flad\u0131k. \u0130nsanl\u0131k ad\u0131na o kadar \u00e7ok \u00f6nemli bir hareket ki bu bir candan al\u0131p di\u011fer bir cana veriyorsun. \u0130nan\u0131lmaz duygusal bir konu. Babam\u0131n y\u00fcz\u00fcn\u00fc ba\u015fka bir ki\u015fide g\u00f6rmek istiyorum. Bir can \u00f6l\u00fcyor i\u00e7imiz yan\u0131yor ama organ ba\u011f\u0131\u015f\u0131 ile ba\u015fka canlara hayat vermek \u00e7ok g\u00fczel. Ben de organlar\u0131m\u0131 ba\u011f\u0131\u015flamay\u0131 d\u00fc\u015f\u00fcn\u00fcyorum. Herkesin organlar\u0131n\u0131 ba\u011f\u0131\u015flamas\u0131n\u0131 ve ba\u015fka hayatlara can vermesini istiyorum&#8221; dedi.<\/p>\n<p style=\"text-align: justify;\"><strong>ALINAN UZUVLAR TAMAMLANDI\u00a0<\/strong><\/p>\n<p style=\"text-align: justify;\">U\u015fak \u0130li Organ Ba\u011f\u0131\u015f\u0131 Koordinat\u00f6r\u00fc Dr. Zafer Ayd\u0131n, Ahmet Kaya\u2019n\u0131n al\u0131nan organlar\u0131n\u0131n yerine protez tak\u0131ld\u0131\u011f\u0131n\u0131 belirterek, \u201cAhmet Kaya\u2019n\u0131n yak\u0131nlar\u0131 b\u00fcy\u00fck bir fedakarl\u0131kla organlar\u0131n\u0131 ba\u011f\u0131\u015flad\u0131. Defin i\u015flemlerini tamamlad\u0131k. Cenazeyi defnedece\u011fiz. Sonuna kadar da ailenin yan\u0131nda olaca\u011f\u0131z. Ailemizin yapt\u0131\u011f\u0131 b\u00fcy\u00fck fedakarl\u0131\u011f\u0131 takdir etmek g\u00f6revimiz. Ahmet Kaya\u2019dan al\u0131nan y\u00fcz\u00fcn yerine kombozit bir dokudan olu\u015fan maske tak\u0131ld\u0131. Y\u00fcz \u015feklinde herhangi bir de\u011fi\u015fiklik olmad\u0131. Al\u0131nan iki kol ve sa\u011f baca\u011f\u0131n\u0131n yerine ise protez tak\u0131ld\u0131. Ailenin talebi ve prosed\u00fcr olarak b\u00f6yle gerekiyordu&#8221; dedi.<\/p>\n<p style=\"text-align: justify;\">Ahmet Kaya\u2019n\u0131n cenazesi, Belediye Camisi\u2019nde k\u0131l\u0131nacak ikindi namaz\u0131n\u0131n ard\u0131ndan Belediye Asri Mezarl\u0131\u011f\u0131\u2019nda topra\u011fa verilecek.<\/p>\n<p style=\"text-align: justify;\"><a href=\"http:\/\/www.hurriyet.com.tr\/gundem\/19740049.asp\" target=\"_blank\">Kaynak : H\u00fcrriyet.com.tr<\/a><\/p>\n","protected":false},"excerpt":{"rendered":"<p style=\"text-align: center;\">\n<p style=\"text-align: justify;\">T\u00fcrkiye&#8217;nin ilk rahim naklini ger\u00e7ekle\u015ftiren Akdeniz \u00dcniversitesi T\u0131p Fak\u00fcltesi Hastanesi \u015fu s\u0131ralarda ger\u00e7ekle\u015ftirdi\u011fi y\u00fcz nakli ile T\u00fcrk t\u0131p tarihinde bir ilke daha imza att\u0131. U\u015fak\u2019ta tren \u00e7arpmas\u0131 sonucu beyin \u00f6l\u00fcm\u00fc ger\u00e7ekle\u015fen ve ailesi taraf\u0131ndan organlar\u0131 ba\u011f\u0131\u015flanan 38 ya\u015f\u0131ndaki Ahmet Kaya\u2019n\u0131n y\u00fcz\u00fc gece 03.30&#8217;da ba\u015flayan ameliyat ile 19 ya\u015f\u0131ndaki mermer i\u015f\u00e7isi <\/p>\n","protected":false},"author":1,"featured_media":0,"comment_status":"open","ping_status":"open","sticky":false,"template":"","format":"standard","meta":{"footnotes":""},"categories":[105],"tags":[],"class_list":["post-47143","post","type-post","status-publish","format-standard","hentry","category-gundem","odd"],"_links":{"self":[{"href":"http:\/\/www.korhanyilmaz.com\/index.php?rest_route=\/wp\/v2\/posts\/47143","targetHints":{"allow":["GET"]}}],"collection":[{"href":"http:\/\/www.korhanyilmaz.com\/index.php?rest_route=\/wp\/v2\/posts"}],"about":[{"href":"http:\/\/www.korhanyilmaz.com\/index.php?rest_route=\/wp\/v2\/types\/post"}],"author":[{"embeddable":true,"href":"http:\/\/www.korhanyilmaz.com\/index.php?rest_route=\/wp\/v2\/users\/1"}],"replies":[{"embeddable":true,"href":"http:\/\/www.korhanyilmaz.com\/index.php?rest_route=%2Fwp%2Fv2%2Fcomments&post=47143"}],"version-history":[{"count":0,"href":"http:\/\/www.korhanyilmaz.com\/index.php?rest_route=\/wp\/v2\/posts\/47143\/revisions"}],"wp:attachment":[{"href":"http:\/\/www.korhanyilmaz.com\/index.php?rest_route=%2Fwp%2Fv2%2Fmedia&parent=47143"}],"wp:term":[{"taxonomy":"category","embeddable":true,"href":"http:\/\/www.korhanyilmaz.com\/index.php?rest_route=%2Fwp%2Fv2%2Fcategories&post=47143"},{"taxonomy":"post_tag","embeddable":true,"href":"http:\/\/www.korhanyilmaz.com\/index.php?rest_route=%2Fwp%2Fv2%2Ftags&post=47143"}],"curies":[{"name":"wp","href":"https:\/\/api.w.org\/{rel}","templated":true}]}}