{"id":47136,"date":"2012-01-21T09:26:04","date_gmt":"2012-01-21T07:26:04","guid":{"rendered":"http:\/\/www.korhanyilmaz.com\/?p=47136"},"modified":"2012-01-21T14:28:29","modified_gmt":"2012-01-21T12:28:29","slug":"kampta-konfor-vanda-sefalet","status":"publish","type":"post","link":"http:\/\/www.korhanyilmaz.com\/?p=47136","title":{"rendered":"Kampta konfor, Van\u2019da sefalet!"},"content":{"rendered":"<p style=\"text-align: center;\"><a href=\"http:\/\/www.korhanyilmaz.com\/wp-content\/uploads\/2012\/01\/9342.jpg\"  class=\"lightview\"><img loading=\"lazy\" decoding=\"async\" class=\"aligncenter  wp-image-47137\" src=\"http:\/\/www.korhanyilmaz.com\/wp-content\/uploads\/2012\/01\/9342.jpg\" alt=\"\" width=\"408\" height=\"200\" \/><\/a><\/p>\n<p style=\"text-align: justify;\">Suriyeli s\u0131\u011f\u0131nmac\u0131 kamp\u0131ndaki \u2018internet\u2019 eri\u015fimine kadar varan imk\u00e2nlar komisyon \u00fcyelerini \u015fa\u015f\u0131rtt\u0131.<\/p>\n<p style=\"text-align: justify;\">Suriye\u2019den ka\u00e7an rejim muhaliflerinin kald\u0131\u011f\u0131 Hatay\u2019daki iki kampta inceleme yapan TBMM heyeti, Yaylada\u011f ve Alt\u0131n\u00f6z\u00fc kamplar\u0131ndaki \u201ckonfor\u201da hayran kal\u0131rken, resmi olarak bilinen bu kamplara ek olarak Apayd\u0131n k\u00f6y\u00fcnde de \u201crejim muhalifi askerlerin\u201d kald\u0131\u011f\u0131 \u00fc\u00e7\u00fcnc\u00fc bir kamp daha oldu\u011fu bilgisine ula\u015ft\u0131lar. Heyet \u201cg\u00fcvenlik\u201d ve g\u00f6rev alanlar\u0131nda olmad\u0131\u011f\u0131 gerek\u00e7esiyle bu kampa gitmedi.\u00a0<!--more--><\/p>\n<p style=\"text-align: justify;\">Cemal Y\u0131lmaz Demir ba\u015fkanl\u0131\u011f\u0131ndaki AKP\u2019den Kerim \u00d6zkul, Nevzat Pakdil, CHP\u2019den Refik Ery\u0131lmaz ve MHP\u2019den Atila Kaya\u2019dan olu\u015fan alt komisyon, Suriyeli muhaliflerin kald\u0131\u011f\u0131 Yaylada\u011f ve Alt\u0131n\u00f6z\u00fc\u2019ndeki kamplarda yapt\u0131klar\u0131 2 g\u00fcnl\u00fck inceleme gezisini tamamlad\u0131. Resmi olarak Suriye\u2019den gelen rejim muhaliflerinin kald\u0131\u011f\u0131 2 kamp bilinirken, CHP\u2019li komisyon \u00fcyesi Refik Ery\u0131lmaz\u2019\u0131n, \u201cSuriye\u2019den ka\u00e7an rejim muhalifi askerler i\u00e7in ayr\u0131 bir kamp kuruldu\u011fu\u201d iddialar\u0131n\u0131 g\u00fcndeme getirmesi \u00fczerine yerel yetkililer, \u00fc\u00e7\u00fcnc\u00fc bir kamp\u0131n var oldu\u011funu a\u00e7\u0131klad\u0131. Cumhuriyet\u2019in sorular\u0131n\u0131 yan\u0131tlayan Ery\u0131lmaz, Yaylada\u011f ve Alt\u0131n\u00f6z\u00fc kaymakamlar\u0131n\u0131n rejim muhalifi askerlerin kald\u0131\u011f\u0131n\u0131 do\u011frulad\u0131\u011f\u0131n\u0131, \u201cg\u00fcvenlik gerek\u00e7esiyle\u201d ayr\u0131 tutulduklar\u0131n\u0131 s\u00f6ylediklerini, ancak bu kamplarda Suriyeli muhalif askerlere \u201ce\u011fitim verilip verilmedi\u011fi\u201d konusunda herhangi bir bilgi verilmedi\u011fini ifade etti.<\/p>\n<p style=\"text-align: justify;\"><strong>Aileleriyle kal\u0131yorlar<\/strong><\/p>\n<p style=\"text-align: justify;\">MHP\u2019li komisyon \u00fcyesi Atilla Kaya da kamp\u0131n varl\u0131\u011f\u0131n\u0131n yetkililer taraf\u0131ndan kendilerine anlat\u0131ld\u0131\u011f\u0131n\u0131, g\u00fcvenlik gerek\u00e7esiyle askerlerin ayr\u0131 kamplarda tutuldu\u011fu bilgisinin verildi\u011fini, komisyonun sadece sivillerin kald\u0131\u011f\u0131 iki kampta inceleme yapmak \u00fczere geldikleri i\u00e7in Apayd\u0131n\u2019daki askeri kampa gitmediklerini bildirdi. Kaya\u2019n\u0131n verdi\u011fi bilgiye g\u00f6re askerler kampta aileleriyle kal\u0131yor ve 131\u2019i rejim muhalifi asker olmak \u00fczere 41 kad\u0131n, 52 erkek \u00e7ocuk, 39 da k\u0131z \u00e7ocu\u011fu bulunuyor.<\/p>\n<p style=\"text-align: justify;\"><strong>\u2018Kampta konfor, Van\u2019da sefalet\u2019\u00a0<\/strong><\/p>\n<p style=\"text-align: justify;\">Komisyon \u00fcyeleri Yaylada\u011f ve Alt\u0131n\u00f6z\u00fc kamplar\u0131nda yapt\u0131klar\u0131 incelemelerde kamptaki ya\u015fam standard\u0131n\u0131n son derece y\u00fcksek olmas\u0131 kar\u015f\u0131s\u0131nda \u015fa\u015f\u0131rd\u0131lar. CHP\u2019li Ery\u0131lmaz\u2019\u0131n verdi\u011fi bilgiye g\u00f6re kampta kalanlar\u0131n yeme-i\u00e7me, sa\u011fl\u0131k, e\u011fitim hizmetleri konular\u0131nda hi\u00e7bir sorunlar\u0131 olmad\u0131\u011f\u0131, resmi olarak \u201cs\u0131\u011f\u0131nmac\u0131\u201d stat\u00fcs\u00fcnde olmad\u0131klar\u0131 i\u00e7in \u201cmisafir\u201d olarak adland\u0131r\u0131lan Suriyelilere sinema, internet eri\u015fimli bilgisayara kadar b\u00fct\u00fcn olanaklar\u0131n sa\u011fland\u0131\u011f\u0131n\u0131 belirledi. S\u0131\u011f\u0131nmac\u0131lar\u0131n b\u00fct\u00fcn gereksinimlerinin T\u00fcrkiye taraf\u0131ndan kar\u015f\u0131land\u0131\u011f\u0131, ayr\u0131ca Ba\u015fbakanl\u0131k taraf\u0131ndan \u201cki\u015fi ba\u015f\u0131na 100\u2019er lira\u201d para da\u011f\u0131t\u0131ld\u0131\u011f\u0131 bilgisi veren yetkililere CHP\u2019li Ery\u0131lmaz, \u201cBu kamptaki insanlara sa\u011flanan imk\u00e2nlar\u0131n di\u011fer \u00fclkelerdeki s\u0131\u011f\u0131nmac\u0131lara tan\u0131nd\u0131\u011f\u0131n\u0131 sanm\u0131yorum. Ke\u015fke buradaki imk\u00e2nlar Van\u2019daki insanlar\u0131m\u0131za da sa\u011flansa\u201d deyince AKP\u2019li komisyon \u00fcyeleri itiraz etti. Bunun \u00fczerine Ery\u0131lmaz, \u201cGelin Van\u2019a gidelim, oradaki ko\u015fullar buradakinden \u00e7ok \u00e7ok a\u011f\u0131r de\u011filse, dedi\u011finiz her \u015feyi kabul ederim\u201d dedi.<\/p>\n<p style=\"text-align: justify;\">G\u00f6r\u00fc\u015fmelerde Ery\u0131lmaz, Suriye y\u00f6netiminin \u201cgenel af\u201d ilan etti\u011fini belirterek, \u201c\u00dclkenize d\u00f6necek misiniz\u201d sorusunu y\u00f6neltti\u011fi s\u0131\u011f\u0131nmac\u0131lar, \u201cRejim de\u011fi\u015fene kadar d\u00f6nmeyece\u011fiz. Biz rejime kar\u015f\u0131y\u0131z, sisteme kar\u015f\u0131 m\u00fccadele ettik, g\u00f6sterilere kat\u0131ld\u0131k, bir k\u0131sm\u0131m\u0131z cezaevinde kald\u0131k, o nedenle rejim de\u011fi\u015fmeden d\u00f6nemeyiz\u201d yan\u0131t\u0131n\u0131 verdiler. Ery\u0131lmaz\u2019\u0131n, \u201cK\u00fcresel g\u00fc\u00e7lerin oyununu g\u00f6r\u00fcn, mezhep \u00e7at\u0131\u015fmas\u0131 yarat\u0131lmak isteniyor. K\u00fcresel g\u00fc\u00e7lerin amac\u0131na hizmet etmeyin. M\u0131s\u0131r, Libya\u2019daki gibi kukla y\u00f6netimi olu\u015fturmak isteniyor\u201d uyar\u0131s\u0131nda bulundu\u011fu s\u0131\u011f\u0131nmac\u0131lar, komisyon \u00fcyelerinden T\u00fcrkiye\u2019deki hukuki durumlar\u0131n\u0131n g\u00fcvence alt\u0131na al\u0131narak, \u201cs\u0131\u011f\u0131nmac\u0131\u201d ya da \u201cvatanda\u015fl\u0131k\u201d verilmesi talebini ilettiler.<\/p>\n<p style=\"text-align: justify;\"><a href=\"http:\/\/www.muhalifgazete.com\/30184-Kampta-konfor-Vanda-sefalet.htm\" target=\"_blank\">Kaynak : Muhalif Gazete<\/a><\/p>\n","protected":false},"excerpt":{"rendered":"<p style=\"text-align: center;\">\n<p style=\"text-align: justify;\">Suriyeli s\u0131\u011f\u0131nmac\u0131 kamp\u0131ndaki \u2018internet\u2019 eri\u015fimine kadar varan imk\u00e2nlar komisyon \u00fcyelerini \u015fa\u015f\u0131rtt\u0131.<\/p>\n<p style=\"text-align: justify;\">Suriye\u2019den ka\u00e7an rejim muhaliflerinin kald\u0131\u011f\u0131 Hatay\u2019daki iki kampta inceleme yapan TBMM heyeti, Yaylada\u011f ve Alt\u0131n\u00f6z\u00fc kamplar\u0131ndaki \u201ckonfor\u201da hayran kal\u0131rken, resmi olarak bilinen bu kamplara ek olarak Apayd\u0131n k\u00f6y\u00fcnde de \u201crejim muhalifi askerlerin\u201d kald\u0131\u011f\u0131 \u00fc\u00e7\u00fcnc\u00fc bir kamp daha <\/p>\n","protected":false},"author":1,"featured_media":0,"comment_status":"open","ping_status":"open","sticky":false,"template":"","format":"standard","meta":{"footnotes":""},"categories":[105],"tags":[],"class_list":["post-47136","post","type-post","status-publish","format-standard","hentry","category-gundem","odd"],"_links":{"self":[{"href":"http:\/\/www.korhanyilmaz.com\/index.php?rest_route=\/wp\/v2\/posts\/47136","targetHints":{"allow":["GET"]}}],"collection":[{"href":"http:\/\/www.korhanyilmaz.com\/index.php?rest_route=\/wp\/v2\/posts"}],"about":[{"href":"http:\/\/www.korhanyilmaz.com\/index.php?rest_route=\/wp\/v2\/types\/post"}],"author":[{"embeddable":true,"href":"http:\/\/www.korhanyilmaz.com\/index.php?rest_route=\/wp\/v2\/users\/1"}],"replies":[{"embeddable":true,"href":"http:\/\/www.korhanyilmaz.com\/index.php?rest_route=%2Fwp%2Fv2%2Fcomments&post=47136"}],"version-history":[{"count":0,"href":"http:\/\/www.korhanyilmaz.com\/index.php?rest_route=\/wp\/v2\/posts\/47136\/revisions"}],"wp:attachment":[{"href":"http:\/\/www.korhanyilmaz.com\/index.php?rest_route=%2Fwp%2Fv2%2Fmedia&parent=47136"}],"wp:term":[{"taxonomy":"category","embeddable":true,"href":"http:\/\/www.korhanyilmaz.com\/index.php?rest_route=%2Fwp%2Fv2%2Fcategories&post=47136"},{"taxonomy":"post_tag","embeddable":true,"href":"http:\/\/www.korhanyilmaz.com\/index.php?rest_route=%2Fwp%2Fv2%2Ftags&post=47136"}],"curies":[{"name":"wp","href":"https:\/\/api.w.org\/{rel}","templated":true}]}}