{"id":47126,"date":"2012-01-20T23:35:39","date_gmt":"2012-01-20T21:35:39","guid":{"rendered":"http:\/\/www.korhanyilmaz.com\/?p=47126"},"modified":"2012-01-21T13:38:10","modified_gmt":"2012-01-21T11:38:10","slug":"perinceki-16-yila-mahkum-eden-savunmalar","status":"publish","type":"post","link":"http:\/\/www.korhanyilmaz.com\/?p=47126","title":{"rendered":"Perin\u00e7ek&#8217;i 16 y\u0131la mahkum eden savunmalar"},"content":{"rendered":"<p style=\"text-align: center;\"><a href=\"http:\/\/www.korhanyilmaz.com\/wp-content\/uploads\/2012\/01\/9341.jpg\"  class=\"lightview\"><img loading=\"lazy\" decoding=\"async\" class=\"aligncenter  wp-image-47127\" src=\"http:\/\/www.korhanyilmaz.com\/wp-content\/uploads\/2012\/01\/9341.jpg\" alt=\"\" width=\"276\" height=\"207\" \/><\/a><\/p>\n<p style=\"text-align: justify;\">\u0130\u015f\u00e7i Partisi(\u0130P), Ergenekon Davas\u0131n\u0131n tutuklu san\u0131\u011f\u0131, \u0130P Genel Ba\u015fkan\u0131 Do\u011fu Perin\u00e7ek&#8217;in duru\u015fmalarda yapt\u0131\u011f\u0131 savunmalar\u0131 ve bu s\u00f6zleri nedeniyle ald\u0131\u011f\u0131 cezalar\u0131n d\u00f6k\u00fcm\u00fcn\u00fc \u00e7\u0131kard\u0131. Perin\u00e7ek&#8217;e s\u00f6z konusu savunmalar\u0131 nedeniyle toplam 16 y\u0131l 7 ay 28 g\u00fcn hapis cezas\u0131 verildi.<!--more--><\/p>\n<p style=\"text-align: justify;\">Ankara- \u0130P&#8217;den yap\u0131lan a\u00e7\u0131klamada, Perin\u00e7ek&#8217;e s\u00f6z konusu savunmalar\u0131 nedeniyle toplam 16 y\u0131l 7 ay 28 g\u00fcn hapis cezas\u0131 verildi\u011fi belirtilerek, yine savunmalar\u0131ndan dolay\u0131 a\u00e7\u0131lan ve devam etmekte olan davalarda ise toplam 14 ila 26 y\u0131l hapis cezas\u0131n\u0131n istendi\u011fi kaydedildi. \u0130P&#8217;den yap\u0131lan a\u00e7\u0131klamaya g\u00f6re, Perin\u00e7ek&#8217;in savunmalar\u0131 ile verilen mahkumiyet kararlar\u0131n\u0131n d\u00f6k\u00fcm\u00fc \u015f\u00f6yle:<\/p>\n<p style=\"text-align: justify;\">&#8220;.H\u00e2kim misiniz? Yoksa B\u00fcy\u00fck Ortado\u011fu Projesi E\u015fba\u015fkan\u0131n\u0131n i\u015fbirli\u011fi halinde bulundu\u011fu memurlar m\u0131s\u0131n\u0131z? &#8230;&#8221; : 1 y\u0131l, 14 ay, 7 g\u00fcn hapis.<\/p>\n<p style=\"text-align: justify;\">&#8220;.Savc\u0131lar\u0131 anlad\u0131k. F. Savc\u0131s\u0131d\u0131rlar, C. Savc\u0131s\u0131 de\u011fil, F. Savc\u0131s\u0131d\u0131rlar. Cumhuriyetin, kamunun ad\u0131na burada konu\u015fmuyorlar, F. Ad\u0131na konu\u015fuyorlar, Fethullah Hoca ad\u0131na, Tayyip Erdo\u011fan ve Amerika&#8217;n\u0131n savc\u0131s\u0131d\u0131rlar.&#8221;: 1 y\u0131l, 14 ay, 7 g\u00fcn hapis.<\/p>\n<p style=\"text-align: justify;\">&#8220;.Buradaki savc\u0131lar Gladyo&#8217;nun ne kadar aletiler, kendileri bunun fark\u0131nda m\u0131 onu bilmiyorum, ama bu dava bir gladyo davas\u0131d\u0131r.&#8221; : 1 y\u0131l, 14 ay, 7 g\u00fcn hapis<\/p>\n<p style=\"text-align: justify;\">&#8220;.\u015eu anda T\u00fcrk yarg\u0131s\u0131, Amerika Birle\u015fik Devletleri&#8217;nin infaz memurlu\u011funu yap\u0131yor.&#8221; : 1 y\u0131l, 14 ay, 7 g\u00fcn hapis<\/p>\n<p style=\"text-align: justify;\">&#8220;.Hepimiz tan\u0131k olduk. Say\u0131n savc\u0131lar soruyor. San\u0131k Osman Y\u0131ld\u0131r\u0131m, sana bu yalanlar\u0131 bu iftiralar\u0131 savc\u0131lar m\u0131 s\u00f6yletti? A\u00e7\u0131klar m\u0131s\u0131n\u0131z? &#8230;&#8221; : 1 y\u0131l, 9 ay hapis<\/p>\n<p style=\"text-align: justify;\">&#8220;.Kim, bu gizli tan\u0131klar\u0131, bu yalanc\u0131lar\u0131, bu iftirac\u0131lar\u0131 \u00f6rg\u00fctl\u00fcyor? Kimler? Savc\u0131lar hatta nesnel bir soru\u015fturma yaparak, hakikati arayarak, san\u0131\u011fa \u015funu bile sordular: &#8216;Acaba biz mi sana bu yalanlar\u0131 s\u00f6ylettik? Biz mi seni bu iftiralara azmettirdik? Hangi savc\u0131lar, hangi polisler?&#8217;.&#8221; : 1 y\u0131l, 9 ay hapis<\/p>\n<p style=\"text-align: justify;\">&#8220;.Ben bunu bir ad\u0131m \u00f6teye g\u00f6t\u00fcr\u00fcyorum. Ger\u00e7i isim ifade etmedi ama seni Zekeriya \u00d6z m\u00fc b\u00f6yle yalan konu\u015fturuyor? Seni Mehmet Ali Pekg\u00fczel mi iftiralar atmaya azmettirdi veya Nihat Ta\u015fk\u0131n m\u0131 veya kim? &#8230;&#8221; : 1 y\u0131l, 9 ay hapis<\/p>\n<p style=\"text-align: justify;\">&#8220;.Anayasa Mahkemesi Ba\u015fkan\u0131 s\u00f6yleyemez. \u00c7\u00fcnk\u00fc \u0130BDA-C&#8217;nin dergisinde \u0130stanbul Temsilcili\u011fi yapt\u0131. Ha\u015fim K\u0131l\u0131\u00e7, H. K\u0131l\u0131\u00e7 yaz\u0131yor. &#8216;O H\u00fcsn\u00fc K\u0131l\u0131\u00e7&#8217;t\u0131r&#8217; dedi. Biz de Ha\u015fim K\u0131l\u0131\u00e7 yaz\u0131s\u0131n\u0131 \u00e7\u0131kard\u0131k. \u0130BDA-C dergisinde \u0130stanbul ba\u015fkanl\u0131\u011f\u0131 yapm\u0131\u015f adam, gelmi\u015f Anayasa Mahkemesi&#8217;ne ba\u015fkan olmu\u015f.&#8221; : 1 y\u0131l, 9 ay hapis<\/p>\n<p style=\"text-align: justify;\">&#8220;&#8230; \u0130ki yarg\u0131 var bak\u0131n. Bir T\u00fcrk yarg\u0131s\u0131 var, T\u00fcrk yarg\u0131s\u0131nda ne oluyor? AKP, Cumhuriyet y\u0131k\u0131c\u0131s\u0131 oldu\u011fu i\u00e7in mahk\u00fbm ediliyor. Ben de o AKP&#8217;ye s\u0131rt\u0131n\u0131 dayayan, AKP&#8217;nin Amerika&#8217;ya yaslanarak T\u00fcrkiye&#8217;ye kar\u015f\u0131 y\u00fcr\u00fctt\u00fc\u011f\u00fc operasyonda sorumluluk \u00fcstlenen, inatla o sorumlulu\u011fu yerine getiren h\u00e2kimi reddediyorum.&#8221; : 1 y\u0131l, 9 ay hapis.<\/p>\n<p style=\"text-align: justify;\"><a href=\"http:\/\/www.cumhuriyet.com.tr\/?kn=6&amp;hn=309520\" target=\"_blank\">Kaynak : Cumhuriyet Haber Portal\u0131<\/a><\/p>\n","protected":false},"excerpt":{"rendered":"<p style=\"text-align: center;\">\n<p style=\"text-align: justify;\">\u0130\u015f\u00e7i Partisi(\u0130P), Ergenekon Davas\u0131n\u0131n tutuklu san\u0131\u011f\u0131, \u0130P Genel Ba\u015fkan\u0131 Do\u011fu Perin\u00e7ek&#8217;in duru\u015fmalarda yapt\u0131\u011f\u0131 savunmalar\u0131 ve bu s\u00f6zleri nedeniyle ald\u0131\u011f\u0131 cezalar\u0131n d\u00f6k\u00fcm\u00fcn\u00fc \u00e7\u0131kard\u0131. Perin\u00e7ek&#8217;e s\u00f6z konusu savunmalar\u0131 nedeniyle toplam 16 y\u0131l 7 ay 28 g\u00fcn hapis cezas\u0131 verildi.<\/p>\n","protected":false},"author":1,"featured_media":0,"comment_status":"open","ping_status":"open","sticky":false,"template":"","format":"standard","meta":{"footnotes":""},"categories":[105],"tags":[],"class_list":["post-47126","post","type-post","status-publish","format-standard","hentry","category-gundem","odd"],"_links":{"self":[{"href":"http:\/\/www.korhanyilmaz.com\/index.php?rest_route=\/wp\/v2\/posts\/47126","targetHints":{"allow":["GET"]}}],"collection":[{"href":"http:\/\/www.korhanyilmaz.com\/index.php?rest_route=\/wp\/v2\/posts"}],"about":[{"href":"http:\/\/www.korhanyilmaz.com\/index.php?rest_route=\/wp\/v2\/types\/post"}],"author":[{"embeddable":true,"href":"http:\/\/www.korhanyilmaz.com\/index.php?rest_route=\/wp\/v2\/users\/1"}],"replies":[{"embeddable":true,"href":"http:\/\/www.korhanyilmaz.com\/index.php?rest_route=%2Fwp%2Fv2%2Fcomments&post=47126"}],"version-history":[{"count":0,"href":"http:\/\/www.korhanyilmaz.com\/index.php?rest_route=\/wp\/v2\/posts\/47126\/revisions"}],"wp:attachment":[{"href":"http:\/\/www.korhanyilmaz.com\/index.php?rest_route=%2Fwp%2Fv2%2Fmedia&parent=47126"}],"wp:term":[{"taxonomy":"category","embeddable":true,"href":"http:\/\/www.korhanyilmaz.com\/index.php?rest_route=%2Fwp%2Fv2%2Fcategories&post=47126"},{"taxonomy":"post_tag","embeddable":true,"href":"http:\/\/www.korhanyilmaz.com\/index.php?rest_route=%2Fwp%2Fv2%2Ftags&post=47126"}],"curies":[{"name":"wp","href":"https:\/\/api.w.org\/{rel}","templated":true}]}}