{"id":4712,"date":"2009-03-09T17:46:00","date_gmt":"2009-03-09T15:46:00","guid":{"rendered":"http:\/\/www.korhanyilmaz.com\/?p=4712"},"modified":"2026-01-07T09:26:48","modified_gmt":"2026-01-07T06:26:48","slug":"bilim-ve-teknik%e2%80%99te-darwin-sansuru","status":"publish","type":"post","link":"http:\/\/www.korhanyilmaz.com\/?p=4712","title":{"rendered":"Bilim ve Teknik\u2019te Darw\u0131n sans\u00fcr\u00fc!"},"content":{"rendered":"<p style=\"text-align: center;\"><img loading=\"lazy\" decoding=\"async\" class=\"aligncenter size-full wp-image-4711\" src=\"http:\/\/www.korhanyilmaz.com\/wp-content\/uploads\/2009\/03\/100320090452155253142.jpg\" alt=\"\" width=\"376\" height=\"240\" \/><\/p>\n<p style=\"text-align: justify;\"><strong><span style=\"font-family: Arial;\">T\u00fcrkiye\u2019nin en sayg\u0131n bilim dergisi Bilim ve Teknik\u2019te sans\u00fcr.<\/span><\/strong><\/p>\n<p style=\"text-align: justify;\">Kapa\u011f\u0131nda Darwin&#8217;in 200&#8217;\u00fcnc\u00fc do\u011fum y\u0131ld\u00f6n\u00fcm\u00fc olan derginin bask\u0131s\u0131 durduruldu. Kapak ve 15 sayfal\u0131k Darwin yaz\u0131s\u0131 imha edildi, yerine &#8216;K\u00fcresel iklim de\u011fi\u015fikli\u011fi&#8217; dosyas\u0131 konuldu. Dergi bu y\u00fczden bir hafta ge\u00e7 \u00e7\u0131kt\u0131&#8230;<span style=\"font-family: Arial,Verdana,Helvetica,sans-serif; font-size: x-small;\"><br \/>\n<\/span><\/p>\n<p style=\"text-align: justify;\">ANKARA &#8211; T\u00dcB\u0130TAK\u2019\u0131n \u00fcnl\u00fc dergisi Bilim ve Teknik\u2019in Mart say\u0131s\u0131nda b\u00fcy\u00fck bir skandal ya\u015fand\u0131. Tam 42 y\u0131ld\u0131r \u00e7\u0131kan, T\u00fcrkiye\u2019nin en sayg\u0131n ve k\u00f6kl\u00fc dergilerinden biri olan Bilim Teknik dergisi, Mart ay\u0131nda kapak konusu olarak evrim teorisinin sahibi Darwin\u2019i se\u00e7ince sans\u00fcre u\u011frad\u0131. Adnan Hoca ba\u015fta olmak \u00fczere a\u015f\u0131r\u0131 dinci \u00e7evrelerin kar\u015f\u0131 \u00e7\u0131kt\u0131\u011f\u0131 evrim teorisinin sahibi Darwin\u2019i kapak foto\u011fraf\u0131 yapan dergi, i\u00e7eride de 15 sayfas\u0131n\u0131 Darwin\u2019e ay\u0131rm\u0131\u015ft\u0131. T\u00dcB\u0130TAK Ba\u015fkan Yard\u0131mc\u0131s\u0131 \u00d6mer Cebeci, Bilim ve Teknik Dergisi\u2019nde bu konunun i\u015flenmesini veto etti. <!--more--><\/p>\n<p style=\"text-align: justify;\"><strong>Yay\u0131n y\u00f6netmeni g\u00f6revden al\u0131nd\u0131<\/strong><\/p>\n<p style=\"text-align: justify;\"><a href=\"http:\/\/www.korhanyilmaz.com\/wp-content\/uploads\/2009\/03\/bilimteknik_darwin.jpg\"  class=\"lightview\"><img loading=\"lazy\" decoding=\"async\" class=\"alignright size-full wp-image-1887233\" src=\"http:\/\/www.korhanyilmaz.com\/wp-content\/uploads\/2009\/03\/bilimteknik_darwin.jpg\" alt=\"\" width=\"308\" height=\"190\" \/><\/a>Bask\u0131 a\u015famas\u0131nda derginin kapak konusunun de\u011fi\u015ftirilmesi talimat\u0131 verildi ve Darwin kapa\u011f\u0131n\u0131 haz\u0131rlayan derginin genel yay\u0131n y\u00f6netmeni \u00c7i\u011fdem Atakuman g\u00f6revden al\u0131nd\u0131. Evrim teorisine g\u00f6re insan\u0131n maymundan geldi\u011fi tezinin sahibi olan Darwin yerine K\u00fcresel \u0130klim De\u011fi\u015fikli\u011fi kapak yap\u0131ld\u0131, ancak bu de\u011fi\u015fiklik nedeniyle dergi bir hafta ge\u00e7 \u00e7\u0131kt\u0131. \u201cAdnan Hoca\u201d olarak tan\u0131nan Adnan Oktar\u2019\u0131n 200\u2019den fazla dini i\u00e7erikli kitab\u0131 aras\u0131nda \u201cHarun Yahya\u201d takma ad\u0131yla yazd\u0131\u011f\u0131 \u201cYarat\u0131l\u0131\u015f Atlas\u0131\u201d adl\u0131 kitapta evrim teorisine kar\u015f\u0131 \u00e7\u0131k\u0131l\u0131yor. Atlas\u2019ta Darwin\u2019in Evrim Teorisi i\u00e7in \u201cter\u00f6rizmin kayna\u011f\u0131d\u0131r\u201d ifadesi kullan\u0131l\u0131yor. A\u015f\u0131r\u0131 dinci \u00e7evreler, Darwin\u2019in evrim teorisine \u201cTanr\u0131 anlay\u0131\u015f\u0131n\u0131 y\u0131kt\u0131\u011f\u0131\u201d gerek\u00e7esiyle kar\u015f\u0131 \u00e7\u0131k\u0131yor.<\/p>\n<p style=\"text-align: justify;\"><strong>T\u00dcB\u0130TAK kanunu ge\u00e7en y\u0131l de\u011fi\u015fti<\/strong><\/p>\n<p style=\"text-align: justify;\">Bug\u00fcne kadar Darwin\u2019le ilgili bir\u00e7ok yay\u0131n yapan T\u00dcB\u0130TAK\u2019\u0131n kanununda de\u011fi\u015fiklik ge\u00e7en y\u0131l yap\u0131ld\u0131. 10\u2019uncu Cumhurba\u015fkan\u0131 Ahmet Necdet Sezer taraf\u0131ndan iki kez veto edilen, iki kez de Anayasa Mahkemesi\u2019nden d\u00f6nen kanun de\u011fi\u015fikli\u011fi, muhalefetin \u201ciktidar 2003 y\u0131l\u0131ndan beri T\u00dcB\u0130TAK\u2019\u0131 bilim kurulu\u015fu olmaktan \u00e7\u0131kar\u0131p resmi daireye d\u00f6n\u00fc\u015ft\u00fcrmeye ve kadrola\u015fmaya \u00e7al\u0131\u015f\u0131yor\u201d ele\u015ftirilerine ra\u011fmen 13 A\u011fustos 2008\u2019de y\u00fcr\u00fcrl\u00fc\u011fe girdi. T\u00dcB\u0130TAK bilim kurulu \u00fcyelerinin se\u00e7im y\u00f6ntemini de\u011fi\u015ftiren kanunla 12 \u00fcye ile Ba\u015fkandan olu\u015fan Bilim Kurulu \u00fcyelerinin se\u00e7ilmesi, se\u00e7im usul\u00fc, \u00fcyelerin g\u00f6rev s\u00fcresi ile Bilim Kurulu\u2019nun g\u00f6rev ve yetkileri yeniden belirlendi. Yeni d\u00fczenlemeye g\u00f6re Bilim Kurulu 10 aday, Y\u00d6K Genel kurulu da 2 aday belirliyor. Ba\u015fbakan da kurulun se\u00e7ti\u011fi 10 aday aras\u0131ndan 5\u2019ini, Y\u00d6K\u2019\u00fcn se\u00e7ti\u011fi 2 aday aras\u0131ndan da birini kurula at\u0131yor.<\/p>\n<p style=\"text-align: justify;\"><strong>2009 Darwin y\u0131l\u0131<\/strong><\/p>\n<p style=\"text-align: justify;\">T\u00fcm d\u00fcnyada 2009 y\u0131l\u0131, Evrim Teorisi\u2019nin babas\u0131 \u0130ngiliz bilim adam\u0131 Charles Darwin\u2019in 200\u2019\u00fcnc\u00fc do\u011fum g\u00fcn\u00fc ve \u00fcnl\u00fc teorisini anlatt\u0131\u011f\u0131 \u201cT\u00fcrlerin K\u00f6keni\u201d adl\u0131 kitab\u0131n\u0131n da yay\u0131nlanmas\u0131n\u0131n 150\u2019nci y\u0131l\u0131 olmas\u0131 nedeniyle Darwin Y\u0131l\u0131 olarak kutlan\u0131yor. Bir \u00e7ok \u00fcniversite ve bilim dernekleri, bu y\u0131l Darwin\u2019i ve Evrim Teorisi\u2019nin konu alan bir\u00e7ok konferans d\u00fczenledi ve hala d\u00fczenlemeye devam ediyor. Ayr\u0131ca, d\u00fcnyan\u0131n en b\u00fcy\u00fck dergilerinden BBC Focus, Newsweek ve New Scientist Darwin kapaklar\u0131yla \u00e7\u0131kt\u0131. The Times, New York Times, Washington Post, Independent gibi sayg\u0131n gazeteler de Darwin ekleri verdi. n DI\u015e HABERLER<\/p>\n<p style=\"text-align: justify;\"><strong>Bari ba\u015f\u0131na Adnan Hoca getirilsin!<\/strong><\/p>\n<p style=\"text-align: justify;\">DERG\u0130YE yap\u0131lan sans\u00fcr, okurlardan b\u00fcy\u00fck tepki ald\u0131. \u0130\u015fte internetin en pop\u00fcler sitelerinden \u2018ek\u015fi s\u00f6zl\u00fck\u2019e gelen tepkilerden sadece birka\u00e7\u0131:<\/p>\n<p style=\"text-align: justify;\">\u201cNe yaz\u0131k ki, Bilim ve Teknik art\u0131k \u2018h\u00fck\u00fcmet\u2019in dergisi oldu. Hadi ne okurlara ne de dergiye sayg\u0131lar\u0131 var diyelim. Peki ak\u0131llar\u0131na kimsenin bunu yemeyece\u011fi gelmedi mi?!\u201d<\/p>\n<p style=\"text-align: justify;\">\u201cDergi ger\u00e7ekten elden gidiyor. T\u00fcbitak y\u00f6netimi son dakikada Darwin yaz\u0131s\u0131n\u0131 fark etmi\u015f ve hemen dergiden \u00e7\u0131kar\u0131lm\u0131\u015f. Tabii ne i\u015fi var devletin dergisinde \u00f6yle sap\u0131k\u00e7a yaz\u0131lar\u0131n? Bari ba\u015f\u0131na da Adnan Hoca getirilsin!\u201d<\/p>\n<p style=\"text-align: justify;\">\u201cMadem evrim var ormandaki maymunlar niye konu\u015farak yan\u0131m\u0131za gelmiyor\u201d ba\u015fl\u0131\u011f\u0131yla yeni bir say\u0131s\u0131n\u0131 g\u00f6rmemiz ihtimalinin giderek kuvvetlendi\u011fi dergi.<\/p>\n<p style=\"text-align: justify;\">\u201cYak\u0131nda yarat\u0131l\u0131\u015f atlas\u0131n\u0131 ek olarak vermesi muhtemel \u0131l\u0131ml\u0131-bilim dergisi.\u201d<\/p>\n<p style=\"text-align: justify;\">\u201cBenim bildi\u011fim kadar\u0131yla bilim dergisinde bilim konular\u0131 tart\u0131\u015f\u0131l\u0131r, sans\u00fcre u\u011framadan.\u201d<\/p>\n<p style=\"text-align: justify;\"><span style=\"color: #888888;\">Kaynak : Vatan Gazetesi<\/span><\/p>\n","protected":false},"excerpt":{"rendered":"<p style=\"text-align: center;\">\n<p style=\"text-align: justify;\">T\u00fcrkiye\u2019nin en sayg\u0131n bilim dergisi Bilim ve Teknik\u2019te sans\u00fcr.<\/p>\n<p style=\"text-align: justify;\">Kapa\u011f\u0131nda Darwin&#8217;in 200&#8217;\u00fcnc\u00fc do\u011fum y\u0131ld\u00f6n\u00fcm\u00fc olan derginin bask\u0131s\u0131 durduruldu. Kapak ve 15 sayfal\u0131k Darwin yaz\u0131s\u0131 imha edildi, yerine &#8216;K\u00fcresel iklim de\u011fi\u015fikli\u011fi&#8217; dosyas\u0131 konuldu. Dergi bu y\u00fczden bir hafta ge\u00e7 \u00e7\u0131kt\u0131&#8230; <\/p>\n<p style=\"text-align: justify;\">ANKARA &#8211; T\u00dcB\u0130TAK\u2019\u0131n \u00fcnl\u00fc dergisi Bilim <\/p>\n","protected":false},"author":1,"featured_media":0,"comment_status":"open","ping_status":"closed","sticky":false,"template":"","format":"standard","meta":{"footnotes":""},"categories":[105],"tags":[],"class_list":["post-4712","post","type-post","status-publish","format-standard","hentry","category-gundem","odd"],"_links":{"self":[{"href":"http:\/\/www.korhanyilmaz.com\/index.php?rest_route=\/wp\/v2\/posts\/4712","targetHints":{"allow":["GET"]}}],"collection":[{"href":"http:\/\/www.korhanyilmaz.com\/index.php?rest_route=\/wp\/v2\/posts"}],"about":[{"href":"http:\/\/www.korhanyilmaz.com\/index.php?rest_route=\/wp\/v2\/types\/post"}],"author":[{"embeddable":true,"href":"http:\/\/www.korhanyilmaz.com\/index.php?rest_route=\/wp\/v2\/users\/1"}],"replies":[{"embeddable":true,"href":"http:\/\/www.korhanyilmaz.com\/index.php?rest_route=%2Fwp%2Fv2%2Fcomments&post=4712"}],"version-history":[{"count":0,"href":"http:\/\/www.korhanyilmaz.com\/index.php?rest_route=\/wp\/v2\/posts\/4712\/revisions"}],"wp:attachment":[{"href":"http:\/\/www.korhanyilmaz.com\/index.php?rest_route=%2Fwp%2Fv2%2Fmedia&parent=4712"}],"wp:term":[{"taxonomy":"category","embeddable":true,"href":"http:\/\/www.korhanyilmaz.com\/index.php?rest_route=%2Fwp%2Fv2%2Fcategories&post=4712"},{"taxonomy":"post_tag","embeddable":true,"href":"http:\/\/www.korhanyilmaz.com\/index.php?rest_route=%2Fwp%2Fv2%2Ftags&post=4712"}],"curies":[{"name":"wp","href":"https:\/\/api.w.org\/{rel}","templated":true}]}}