{"id":47108,"date":"2012-01-21T10:01:35","date_gmt":"2012-01-21T08:01:35","guid":{"rendered":"http:\/\/www.korhanyilmaz.com\/?p=47108"},"modified":"2012-01-21T10:27:21","modified_gmt":"2012-01-21T08:27:21","slug":"jandarma-cezaevlerinden-de-cekiliyor","status":"publish","type":"post","link":"http:\/\/www.korhanyilmaz.com\/?p=47108","title":{"rendered":"Jandarma cezaevlerinden de \u00e7ekiliyor"},"content":{"rendered":"<p style=\"text-align: center;\"><a href=\"http:\/\/www.korhanyilmaz.com\/wp-content\/uploads\/2012\/01\/9336.jpg\"  class=\"lightview\"><img loading=\"lazy\" decoding=\"async\" class=\"aligncenter  wp-image-47109\" src=\"http:\/\/www.korhanyilmaz.com\/wp-content\/uploads\/2012\/01\/9336.jpg\" alt=\"\" width=\"322\" height=\"241\" \/><\/a><\/p>\n<p style=\"text-align: justify;\">Adalet Bakan\u0131 Sadullah Ergin, cezaevlerinin d\u0131\u015f g\u00fcvenli\u011finin jandarma yerine Adalet Bakanl\u0131\u011f\u0131&#8217;na ba\u011fl\u0131 ceza infaz memurlar\u0131 taraf\u0131ndan yap\u0131lmas\u0131n\u0131 \u00f6ng\u00f6ren kanun tasar\u0131s\u0131n\u0131n parlamentoya sevk edeceklerini s\u00f6yledi.<\/p>\n<p style=\"text-align: justify;\">Malatya &#8211; Malatya E Tipi Kapal\u0131 Cezaevi&#8217;nde d\u00fczenlenen &#8221;Malatya Cezaevi Okuyor Kampanyas\u0131&#8221;n\u0131n \u00f6d\u00fcl t\u00f6renine kat\u0131lan Ergin, kampanya kapsam\u0131nda en \u00e7ok kitap okuyan mahkumlara sertifikalar\u0131n\u0131 verdi. Dereceye giren mahkumlar\u0131 diz \u00fcst\u00fc bilgisayarla \u00f6d\u00fcllendiren Ergin, sertifika t\u00f6reninde yapt\u0131\u011f\u0131 konu\u015fmada, \u015fu anda T\u00fcrkiye&#8217;de 371 Ceza \u0130nfaz Kurumu oldu\u011funu, bu kurumlarda 130 bin h\u00fck\u00fcml\u00fc ve tutuklu bulundu\u011funu aktard\u0131.<!--more--><\/p>\n<p style=\"text-align: justify;\">&#8221;Bu kurumlara ke\u015fke hi\u00e7 ihtiya\u00e7 olmasa&#8221; diyen Ergin, Ceza \u0130nfaz Kurumlar\u0131n\u0131n insanca bar\u0131n\u0131labilecek, evrensel standartlarda yerler olmas\u0131 i\u00e7in \u00e7al\u0131\u015ft\u0131klar\u0131n\u0131 belirterek, &#8221;Son 10 y\u0131lda yakla\u015f\u0131k 205 Ceza \u0130nfaz Kurumu kapat\u0131ld\u0131. Daha modern infaz y\u00f6ntemlerinin tatbik edilebilece\u011fi Ceza \u0130nfaz Kurumlar\u0131 yap\u0131ld\u0131. Bu de\u011fi\u015fim ve d\u00f6n\u00fc\u015f\u00fcm s\u00fcrecimiz devam ediyor&#8221; diye konu\u015ftu.<\/p>\n<p style=\"text-align: justify;\">Ergin, Ceza \u0130nfaz Kurumlar\u0131n\u0131n h\u00fck\u00fcml\u00fc ve tutuklulular\u0131n hem sosyal ili\u015fkilerini geli\u015ftiren, hem mesleki becerilerini art\u0131ran, hem de onlar\u0131 tekrar d\u00f6necekleri toplumun i\u00e7erisinde rahat\u00e7a hayatlar\u0131n\u0131 idame ettirecekleri duruma getiren yerler olmas\u0131 i\u00e7in \u00e7al\u0131\u015ft\u0131klar\u0131n\u0131 ifade etti.<\/p>\n<p style=\"text-align: justify;\"><strong>Ceza infaz kurumlar\u0131n\u0131n d\u0131\u015f g\u00fcvenli\u011fi\u00a0<\/strong><\/p>\n<p style=\"text-align: justify;\">Sadullah Ergin, ceza infaz kurumlar\u0131n\u0131n d\u0131\u015f g\u00fcvenli\u011fini jandarman\u0131n, i\u00e7 g\u00fcveni\u011fini Adalet Bakanl\u0131\u011f\u0131na ba\u011fl\u0131 ceza infaz memurlar\u0131n\u0131n sa\u011flad\u0131\u011f\u0131na de\u011findi. Bakan Ergin, &#8221;Ceza infaz kurumlar\u0131n\u0131n d\u0131\u015f g\u00fcvenli\u011finin de Adalet Bakanl\u0131\u011f\u0131na ba\u011fl\u0131 ceza infaz memurlar\u0131nca yap\u0131lmas\u0131n\u0131 sa\u011flayacak kanun tasar\u0131m\u0131z parlamentoya sevk edilmek \u00fczere Ba\u015fbakanl\u0131\u011fa g\u00f6nderildi. \u00d6n\u00fcm\u00fczdeki Bakanlar Kurulu toplant\u0131s\u0131nda \u00fcmit ediyorum bu tasar\u0131y\u0131 g\u00f6r\u00fc\u015fece\u011fiz ve parlamentoya sevk edece\u011fiz&#8221; diye konu\u015ftu.<\/p>\n<p style=\"text-align: justify;\">B\u00f6ylece ceza evlerinde i\u00e7 ve d\u0131\u015f g\u00fcvenlik aras\u0131nda zaman zaman koordinasyon noktas\u0131nda ya\u015fanan sorunlar\u0131n en aza inece\u011fine i\u015faret eden Bakan Ergin, jandarman\u0131n da asli g\u00f6revi olan kolluk g\u00f6revlerine daha rahat zaman ay\u0131raca\u011f\u0131n\u0131, esas g\u00f6revi olan k\u0131rsal asayi\u015fi sa\u011flayaca\u011f\u0131n\u0131 ve \u00fclke g\u00fcvenli\u011fine katk\u0131 sunaca\u011f\u0131n\u0131 belirtti.<\/p>\n<p style=\"text-align: justify;\">T\u00f6rende mahkumlar ad\u0131na konu\u015fan Volkan Karde\u015f, ceza evinde \u00e7e\u015fitli e\u011fitimlere kat\u0131ld\u0131\u011f\u0131n\u0131 ve \u00fcniversite s\u0131nav\u0131na girdi\u011fini, \u015fimdi de a\u00e7\u0131k \u00f6\u011fretim kamu y\u00f6netimi b\u00f6l\u00fcm\u00fcn\u00fc okudu\u011funu s\u00f6yledi. Karde\u015f, mahkumlar\u0131n af iste\u011fini de dile getirdi.<\/p>\n<p style=\"text-align: justify;\"><strong>-Yarg\u0131y\u0131 h\u0131zland\u0131rma noktas\u0131nda \u00fc\u00e7\u00fcnc\u00fc ad\u0131m-\u00a0<\/strong><\/p>\n<p style=\"text-align: justify;\">Adalet Bakan\u0131 Sadullah Ergin, kent merkezindeki bir restoranda Malatya&#8217;da faaliyet g\u00f6steren sivil toplum kurulu\u015flar\u0131n\u0131n temsilcileriyle de bir araya geldi.<\/p>\n<p style=\"text-align: justify;\">Ergin, burada yapt\u0131\u011f\u0131 konu\u015fmada, T\u00fcrkiye&#8217;nin \u00f6nemli bir de\u011fi\u015fim d\u00f6n\u00fc\u015f\u00fcmden ge\u00e7ti\u011fini s\u00f6yledi. Yarg\u0131y\u0131 h\u0131zland\u0131rma noktas\u0131nda \u00fc\u00e7\u00fcnc\u00fc ad\u0131m\u0131 att\u0131klar\u0131n\u0131 belirten Ergin, &#8221;Bu paketi \u00f6n\u00fcm\u00fczdeki hafta i\u00e7erisinde parlamentoya sevk ediyoruz. Tasar\u0131n\u0131n metin haz\u0131rl\u0131\u011f\u0131 bitti. En k\u0131sa s\u00fcrede meclisimizden ge\u00e7mesi i\u00e7in de gayret sarf edece\u011fiz. T\u00fcm bunlar\u0131n sonunda T\u00fcrkiye \u015fu anda son y\u0131llarda yapm\u0131\u015f oldu\u011fu \u00e7al\u0131\u015fmalarda \u00f6nemli mesafeler kat etti. Bu kat etti\u011fi mesafeleri ta\u00e7land\u0131racak, milletimizin \u00f6zlemle bekledi\u011fi g\u00fcven veren adaleti tesis etmi\u015f olman\u0131n huzurunu beraberce payla\u015faca\u011f\u0131z&#8221; dedi.<\/p>\n<p style=\"text-align: justify;\"><strong>-&#8221;Kendi i\u00e7erisinde bir istikrar adas\u0131&#8221;-\u00a0<\/strong><\/p>\n<p style=\"text-align: justify;\">AK Parti Malatya \u0130l Ba\u015fkanl\u0131\u011f\u0131n\u0131 da ziyaret eden Bakan Ergin, yap\u0131lan hizmetleri de\u011ferlendirdi. AK Parti&#8217;nin i\u015f ba\u015f\u0131na gelmesi ile beraber, ekonominin g\u00fc\u00e7lenmesi, kaynaklar\u0131n do\u011fru yere, do\u011fru \u015fekilde harcanmas\u0131 ile beraber hizmetlerin bereketlendi\u011fini ifade eden Ergin, \u015f\u00f6yle konu\u015ftu:<\/p>\n<p style=\"text-align: justify;\">&#8221;T\u00fcrkiye&#8217;nin bir ucundan bir ucuna her alanda yap\u0131lan ve g\u00f6z kama\u015ft\u0131ran hizmetler, yat\u0131r\u0131mlar&#8230; Bug\u00fcn geldi\u011fimiz noktada Avrupa&#8217;da bak\u0131yorsunuz ciddi ekonomik krizler var. D\u00fcnya ekonomisine bak\u0131yorsunuz, daralmalar, dar bo\u011fazlar var. Orta do\u011fu co\u011frafyas\u0131na bak\u0131yorsunuz,hem ekonomik, hem toplumsal \u00e7alkant\u0131lar s\u00f6z konusu, siyasi krizler var. B\u00fct\u00fcn bu etraf\u0131m\u0131zda olu\u015fan olumsuz tablo i\u00e7erisinde 74 milyonluk b\u00fcy\u00fck \u00fclke T\u00fcrkiye, kendi i\u00e7erisinde bir istikrar adas\u0131 olarak yolculu\u011funa devam ediyor&#8221; dedi.<\/p>\n<p style=\"text-align: justify;\">Bug\u00fcnk\u00fc bu istikrar\u0131n, g\u00fcvenin, geli\u015fmenin, kalk\u0131nman\u0131n temelinde 2002&#8217;de sa\u011flanm\u0131\u015f olan g\u00fcven ve siyasi istikrar\u0131n oldu\u011funu bildiren Ergin, &#8221;O g\u00fcven ve siyasi istikrar, samimi olan bir kadronun samimi duygularla yola \u00e7\u0131kmas\u0131, milletin hay\u0131r duas\u0131n\u0131n onun \u00fczerine gelmesi. Bunlar bir araya gelince Allah&#8217;\u0131n yard\u0131m\u0131 da yeti\u015fiyor. Bu terkip bir araya geldi\u011finde ba\u015far\u0131 mukadder. Bu terkibi bozmamam\u0131z gerekiyor&#8221; ifadesini kulland\u0131.<\/p>\n<p style=\"text-align: justify;\"><strong>&#8221;Son 9 senede AK Parti en b\u00fcy\u00fck icraat\u0131n\u0131 yapt\u0131&#8221;\u00a0<\/strong><\/p>\n<p style=\"text-align: justify;\">T\u00fcrkiye&#8217;nin art\u0131k eski T\u00fcrkiye olmad\u0131\u011f\u0131na i\u015faret eden Ergin, \u015funlar\u0131 kaydetti:<\/p>\n<p style=\"text-align: justify;\">&#8221;T\u00fcrkiye dostuna g\u00fcven veren, T\u00fcrkiye i\u00e7in hay\u0131rl\u0131 \u015feyler d\u00fc\u015f\u00fcnmeyenleri de endi\u015fe i\u00e7ine sevk eden g\u00fc\u00e7l\u00fc bir b\u00f6lgesel ve k\u00fcresel akt\u00f6r haline geldi. T\u00fcrkiye BM&#8217;de nice aradan G\u00fcvenlik Konseyi \u00fcyeli\u011fi yapt\u0131. T\u00fcrkiye \u0130slam Konferans\u0131 Te\u015fkilat\u0131n\u0131n genel sekreterli\u011fini \u015fu anda deruhte ediyor. T\u00fcrkiye Avrupa Konseyinde d\u00f6nem ba\u015fkanl\u0131\u011f\u0131 yap\u0131yor. Avrupa Konseyi Parlamenterler Meclis Ba\u015fkanl\u0131\u011f\u0131na bir T\u00fcrk milletvekili geldi. B\u00fct\u00fcn bunlar kara ka\u015f\u0131m\u0131za, kara g\u00f6z\u00fcm\u00fcze olan \u015feyler de\u011fil. T\u00fcrkiye&#8217;nin olu\u015fturdu\u011fu g\u00fcven ve istikrar ve itibar bize bunlar\u0131 getirdi.&#8221;<\/p>\n<p style=\"text-align: justify;\">Birtak\u0131m tertiplerin, toplum m\u00fchendisli\u011fi faaliyetlerinin, suikastlar\u0131n, karanl\u0131k cinayetlerin, kitlesel eylemler, de\u011fi\u015fik facialar ya\u015fatt\u0131\u011f\u0131n\u0131 ifade eden Ergin, \u015f\u00f6yle devam etti:<\/p>\n<p style=\"text-align: justify;\">&#8221;20. y\u00fczy\u0131la girerken AB ile tam \u00fcyelik m\u00fczakereleri y\u00fcr\u00fcten bir T\u00fcrkiye&#8217;ye, bu manzaralar yak\u0131\u015f\u0131yor muydu? B\u00fcy\u00fck T\u00fcrkiye&#8217;ye bunlar yak\u0131\u015f\u0131yor muydu? T\u00fcrkiye bu \u015fekilde yoluna devam edebilir miydi? Millete ra\u011fmen bu yetkileri kullanan vesayet organlar\u0131 art\u0131k aradan \u00e7ekilmeli, millet ile onu y\u00f6netenler do\u011frudan temas i\u00e7erisinde olabilmeli idi. Bunu sa\u011flayabilmek i\u00e7in son 9 senede AK Parti en b\u00fcy\u00fck icraat\u0131n\u0131 yapt\u0131. Demokrasimiz \u00fczerindeki g\u00f6lgeleri kald\u0131ran, vesayeti kald\u0131ran ve bu \u00fclkede tertiplerin, toplum m\u00fchendislerinin, karanl\u0131k odaklar\u0131n ortaya koydu\u011fu senaryolar\u0131n bir daha ya\u015fanmamas\u0131, demokrasimizin ask\u0131ya al\u0131nmamas\u0131, bu \u00fclkede darbelerin olmamas\u0131, g\u00f6zya\u015flar\u0131n\u0131n akmamas\u0131 ve egemenli\u011fin millette hakikaten olmas\u0131 i\u00e7in \u00f6nemli demokratik ad\u0131mlar att\u0131. Anayasa de\u011fi\u015fiklikleri yapt\u0131.&#8221;<\/p>\n<p style=\"text-align: justify;\"><a href=\"http:\/\/www.cumhuriyet.com.tr\/?hn=309692\" target=\"_blank\">Kaynak : Cumhuriyet Haber Portal\u0131<\/a><\/p>\n","protected":false},"excerpt":{"rendered":"<p style=\"text-align: center;\">\n<p style=\"text-align: justify;\">Adalet Bakan\u0131 Sadullah Ergin, cezaevlerinin d\u0131\u015f g\u00fcvenli\u011finin jandarma yerine Adalet Bakanl\u0131\u011f\u0131&#8217;na ba\u011fl\u0131 ceza infaz memurlar\u0131 taraf\u0131ndan yap\u0131lmas\u0131n\u0131 \u00f6ng\u00f6ren kanun tasar\u0131s\u0131n\u0131n parlamentoya sevk edeceklerini s\u00f6yledi.<\/p>\n<p style=\"text-align: justify;\">Malatya &#8211; Malatya E Tipi Kapal\u0131 Cezaevi&#8217;nde d\u00fczenlenen &#8221;Malatya Cezaevi Okuyor Kampanyas\u0131&#8221;n\u0131n \u00f6d\u00fcl t\u00f6renine kat\u0131lan Ergin, kampanya kapsam\u0131nda en \u00e7ok kitap okuyan mahkumlara sertifikalar\u0131n\u0131 <\/p>\n","protected":false},"author":1,"featured_media":0,"comment_status":"open","ping_status":"open","sticky":false,"template":"","format":"standard","meta":{"footnotes":""},"categories":[105],"tags":[],"class_list":["post-47108","post","type-post","status-publish","format-standard","hentry","category-gundem","odd"],"_links":{"self":[{"href":"http:\/\/www.korhanyilmaz.com\/index.php?rest_route=\/wp\/v2\/posts\/47108","targetHints":{"allow":["GET"]}}],"collection":[{"href":"http:\/\/www.korhanyilmaz.com\/index.php?rest_route=\/wp\/v2\/posts"}],"about":[{"href":"http:\/\/www.korhanyilmaz.com\/index.php?rest_route=\/wp\/v2\/types\/post"}],"author":[{"embeddable":true,"href":"http:\/\/www.korhanyilmaz.com\/index.php?rest_route=\/wp\/v2\/users\/1"}],"replies":[{"embeddable":true,"href":"http:\/\/www.korhanyilmaz.com\/index.php?rest_route=%2Fwp%2Fv2%2Fcomments&post=47108"}],"version-history":[{"count":0,"href":"http:\/\/www.korhanyilmaz.com\/index.php?rest_route=\/wp\/v2\/posts\/47108\/revisions"}],"wp:attachment":[{"href":"http:\/\/www.korhanyilmaz.com\/index.php?rest_route=%2Fwp%2Fv2%2Fmedia&parent=47108"}],"wp:term":[{"taxonomy":"category","embeddable":true,"href":"http:\/\/www.korhanyilmaz.com\/index.php?rest_route=%2Fwp%2Fv2%2Fcategories&post=47108"},{"taxonomy":"post_tag","embeddable":true,"href":"http:\/\/www.korhanyilmaz.com\/index.php?rest_route=%2Fwp%2Fv2%2Ftags&post=47108"}],"curies":[{"name":"wp","href":"https:\/\/api.w.org\/{rel}","templated":true}]}}