{"id":47083,"date":"2012-01-20T11:55:51","date_gmt":"2012-01-20T09:55:51","guid":{"rendered":"http:\/\/www.korhanyilmaz.com\/?p=47083"},"modified":"2012-01-20T21:14:31","modified_gmt":"2012-01-20T19:14:31","slug":"genelkurmay-en-cok-tartisilan-birimini-kapatti","status":"publish","type":"post","link":"http:\/\/www.korhanyilmaz.com\/?p=47083","title":{"rendered":"Genelkurmay en \u00e7ok tart\u0131\u015f\u0131lan birimini kapatt\u0131"},"content":{"rendered":"<p style=\"text-align: justify;\"><a href=\"http:\/\/www.korhanyilmaz.com\/wp-content\/uploads\/2012\/01\/9331.jpg\"  class=\"lightview\"><img loading=\"lazy\" decoding=\"async\" class=\"aligncenter size-full wp-image-47084\" title=\"\" src=\"http:\/\/www.korhanyilmaz.com\/wp-content\/uploads\/2012\/01\/9331.jpg\" alt=\"\" width=\"292\" height=\"224\" \/><\/a><\/p>\n<p style=\"text-align: justify;\">Eski Genelkurmay Ba\u015fkan\u0131 emekli Orgeneral H\u00fcseyin K\u0131vr\u0131ko\u011flu d\u00f6neminde kurulan SAREM&#8217;in kapat\u0131ld\u0131\u011f\u0131 ortaya \u00e7\u0131kt\u0131.<\/p>\n<p style=\"text-align: justify;\">Emekli Orgeneral H\u00fcseyin K\u0131vr\u0131ko\u011flu taraf\u0131ndan a\u00e7\u0131l\u0131\u015f\u0131 yap\u0131lan Stratejik Ara\u015ft\u0131rma ve Et\u00fct Merkezi (SAREM) Kas\u0131m 2011&#8217;de faaliyetlerine son verdi.<\/p>\n<p style=\"text-align: justify;\">SAREM&#8217;in ad\u0131n\u0131 g\u00fcndeme getiren en \u00f6nemli geli\u015fme ise 2007 y\u0131l\u0131nda ya\u015fand\u0131.<!--more--><\/p>\n<p style=\"text-align: justify;\">T\u00fcrkiye \u00fczerine &#8216;felaket senaryolar\u0131&#8217;n\u0131n konu\u015fuldu\u011fu ABD&#8217;deki Hudson Enstit\u00fcs\u00fc&#8217;nde d\u00fczenlenen toplant\u0131ya, d\u00f6nemin SAREM Ba\u015fkan\u0131 S\u00fcha Tanyeri&#8217;nin kat\u0131ld\u0131\u011f\u0131 ortaya \u00e7\u0131kt\u0131.<\/p>\n<p style=\"text-align: justify;\">Uzun s\u00fcre tart\u0131\u015f\u0131lan senayolara g\u00f6re, d\u00f6nemin Anayasa Mahkemesi Ba\u015fkan\u0131 T\u00fclay Tu\u011fcu suikasta kurban gidecek, Beyo\u011flu&#8217;nda d\u00fczenlenecek canl\u0131 bomba sald\u0131r\u0131s\u0131n\u0131 ter\u00f6r \u00f6rg\u00fct\u00fc PKK \u00fcstlenecek, ard\u0131ndan cda TSK 50 bin askerle Kuzey Irak&#8217;a girecekti. Bas\u0131na s\u0131zan senaryonun ard\u0131ndan Genelkurmay bir a\u00e7\u0131klama yaparak Tu\u011fgeneral Tanyeri&#8217;nin, bir dizi temasta bulunmak \u00fczere ABD&#8217;de oldu\u011fu, Hudson Enstit\u00fcs\u00fc&#8217;ndeki toplant\u0131ya da bu \u00e7er\u00e7evede kat\u0131ld\u0131\u011f\u0131n\u0131 duyurdu.<\/p>\n<p style=\"text-align: justify;\">Tanyeri daha sonra &#8216;Balyoz&#8217; davas\u0131 kapsam\u0131nda tutuklanarak Silivri Cezaevi&#8217;ne g\u00f6nderildi.<\/p>\n<p style=\"text-align: justify;\"><strong>\u0130rtica ve b\u00f6l\u00fcc\u00fcl\u00fck istisna<\/strong><\/p>\n<p style=\"text-align: justify;\">Eski Genelkurmay Ba\u015fkan\u0131 emekli Orgeneral K\u0131vr\u0131ko\u011flu, 8 Ocak 2002&#8217;deki a\u00e7\u0131l\u0131\u015f konu\u015fmas\u0131nda SAREM&#8217;in faaliyetlerini s\u0131ralarken i\u00e7 politika konular\u0131n\u0131n bunun d\u0131\u015f\u0131nda oldu\u011funu s\u00f6ylemi\u015f ve \u015f\u00f6yle demi\u015fti:<\/p>\n<p style=\"text-align: justify;\">\u201c\u0130\u00e7 politika ve i\u00e7 politik konular, bu kurumun faaliyet alan\u0131 d\u0131\u015f\u0131ndad\u0131r ve d\u0131\u015f\u0131nda kalacakt\u0131r. Ancak, irticai ve b\u00f6l\u00fcc\u00fc faaliyetlere ili\u015fkin de\u011ferlendirmeler, bu genellemenin d\u0131\u015f\u0131nda. Bu kul\u00fcp, g\u00fcvenlik ba\u011flam\u0131nda ve gelece\u011fe y\u00f6nelik jeopolitik ve jeostratejik konularda ara\u015ft\u0131rmalar yaparak karar vericilere \u00f6nemli veri taban\u0131, bilgiler ve alternatifler sunacak. SAREM&#8217;in \u00e7al\u0131\u015fmalar\u0131 resmi ve ba\u011flay\u0131c\u0131 bir formatta ve yap\u0131da da olmayacakt\u0131r\u201d ( Ak\u015fam )<\/p>\n<p style=\"text-align: justify;\"><a href=\"http:\/\/www.cnnturk.com\/2012\/guncel\/01\/20\/genelkurmay.en.cok.tartisilan.birimini.kapatti\/645652.0\/index.html\" target=\"_blank\">Kaynak : CNN T\u00dcRK<\/a><\/p>\n","protected":false},"excerpt":{"rendered":"<p style=\"text-align: justify;\">\n<p style=\"text-align: justify;\">Eski Genelkurmay Ba\u015fkan\u0131 emekli Orgeneral H\u00fcseyin K\u0131vr\u0131ko\u011flu d\u00f6neminde kurulan SAREM&#8217;in kapat\u0131ld\u0131\u011f\u0131 ortaya \u00e7\u0131kt\u0131.<\/p>\n<p style=\"text-align: justify;\">Emekli Orgeneral H\u00fcseyin K\u0131vr\u0131ko\u011flu taraf\u0131ndan a\u00e7\u0131l\u0131\u015f\u0131 yap\u0131lan Stratejik Ara\u015ft\u0131rma ve Et\u00fct Merkezi (SAREM) Kas\u0131m 2011&#8217;de faaliyetlerine son verdi.<\/p>\n<p style=\"text-align: justify;\">SAREM&#8217;in ad\u0131n\u0131 g\u00fcndeme getiren en \u00f6nemli geli\u015fme ise 2007 y\u0131l\u0131nda ya\u015fand\u0131.<\/p>\n","protected":false},"author":1,"featured_media":0,"comment_status":"open","ping_status":"open","sticky":false,"template":"","format":"standard","meta":{"footnotes":""},"categories":[105],"tags":[],"class_list":["post-47083","post","type-post","status-publish","format-standard","hentry","category-gundem","odd"],"_links":{"self":[{"href":"http:\/\/www.korhanyilmaz.com\/index.php?rest_route=\/wp\/v2\/posts\/47083","targetHints":{"allow":["GET"]}}],"collection":[{"href":"http:\/\/www.korhanyilmaz.com\/index.php?rest_route=\/wp\/v2\/posts"}],"about":[{"href":"http:\/\/www.korhanyilmaz.com\/index.php?rest_route=\/wp\/v2\/types\/post"}],"author":[{"embeddable":true,"href":"http:\/\/www.korhanyilmaz.com\/index.php?rest_route=\/wp\/v2\/users\/1"}],"replies":[{"embeddable":true,"href":"http:\/\/www.korhanyilmaz.com\/index.php?rest_route=%2Fwp%2Fv2%2Fcomments&post=47083"}],"version-history":[{"count":0,"href":"http:\/\/www.korhanyilmaz.com\/index.php?rest_route=\/wp\/v2\/posts\/47083\/revisions"}],"wp:attachment":[{"href":"http:\/\/www.korhanyilmaz.com\/index.php?rest_route=%2Fwp%2Fv2%2Fmedia&parent=47083"}],"wp:term":[{"taxonomy":"category","embeddable":true,"href":"http:\/\/www.korhanyilmaz.com\/index.php?rest_route=%2Fwp%2Fv2%2Fcategories&post=47083"},{"taxonomy":"post_tag","embeddable":true,"href":"http:\/\/www.korhanyilmaz.com\/index.php?rest_route=%2Fwp%2Fv2%2Ftags&post=47083"}],"curies":[{"name":"wp","href":"https:\/\/api.w.org\/{rel}","templated":true}]}}