{"id":47070,"date":"2012-01-20T13:12:33","date_gmt":"2012-01-20T11:12:33","guid":{"rendered":"http:\/\/www.korhanyilmaz.com\/?p=47070"},"modified":"2012-01-20T19:31:50","modified_gmt":"2012-01-20T17:31:50","slug":"uykusuz-tayyip-erdogana-beyaz-bere-giydirdi","status":"publish","type":"post","link":"http:\/\/www.korhanyilmaz.com\/?p=47070","title":{"rendered":"Uykusuz Tayyip Erdo\u011fan&#8217;a beyaz bere giydirdi"},"content":{"rendered":"<p style=\"text-align: center;\"><a href=\"http:\/\/www.korhanyilmaz.com\/wp-content\/uploads\/2012\/01\/9327.jpg\"  class=\"lightview\"><img loading=\"lazy\" decoding=\"async\" class=\"aligncenter  wp-image-47071\" src=\"http:\/\/www.korhanyilmaz.com\/wp-content\/uploads\/2012\/01\/9327.jpg\" alt=\"\" width=\"279\" height=\"261\" \/><\/a><\/p>\n<p style=\"text-align: justify;\">Uykusuz Dergisi, bu haftaki kapa\u011f\u0131na Hrant Dink davas\u0131n\u0131 ta\u015f\u0131d\u0131. Kapakta, Og\u00fcn Samast&#8217;\u0131n cinayet s\u0131ras\u0131nda ba\u015f\u0131nda olan ve cinayet ile \u00f6zde\u015fle\u015fen beyaz bereli Tayyip Erdo\u011fan karikat\u00fcr\u00fcne yer verildi.<\/p>\n<p style=\"text-align: justify;\">Hrant Dink davas\u0131ndan \u00e7\u0131kan skandal karar mizah dergilerinin kapak konusu oldu. Uykusuz Dergisi, bug\u00fcn \u00e7\u0131kan yeni say\u0131n\u0131n kapa\u011f\u0131nda Tayyip Erdo\u011fan&#8217;a beyaz bere giydirdi. Dink&#8217;i \u00f6ld\u00fcren Og\u00fcn Samast&#8217;\u0131n takt\u0131\u011f\u0131 beyaz bere, o g\u00fcnden bu yana cinayetle \u00f6zde\u015fle\u015fmi\u015fti.\u00a0<!--more--><\/p>\n<p style=\"text-align: justify;\">&#8220;Hrant Dink&#8217;i tehdit ettiren valiyi milletvekili, &#8216;\u00f6rg\u00fct yok, milliyet\u00e7i duygu var&#8217; diyen emniyet m\u00fcd\u00fcr\u00fcn\u00fc vali yapan AKP h\u00fck\u00fcmeti, cinayetle ba\u011flant\u0131s\u0131 olanlar\u0131 ya terfi ya da beraat ettirmi\u015fti. Son duru\u015fmada, cinayeti azmettiren Erhan Tuncel de beraat etti&#8221; ifadelerini kullanan Uykusuz&#8217;un kapa\u011f\u0131nda, beyaz bere takan Tayyip Erdo\u011fan, &#8220;Yak\u0131\u015ft\u0131 be&#8221; diyor.<\/p>\n<p style=\"text-align: justify;\"><span style=\"text-decoration: underline;\">Uykusuz dergisinin bu hafta beyaz bereli Tayyip Erdo\u011fan kapa\u011f\u0131<\/span>:<\/p>\n<p><a href=\"http:\/\/www.korhanyilmaz.com\/wp-content\/uploads\/2012\/01\/9328.jpg\"  class=\"lightview\"><img loading=\"lazy\" decoding=\"async\" class=\"aligncenter size-full wp-image-47072\" title=\"\" src=\"http:\/\/www.korhanyilmaz.com\/wp-content\/uploads\/2012\/01\/9328.jpg\" alt=\"\" width=\"575\" height=\"770\" \/><\/a><\/p>\n<p><a href=\"http:\/\/www.muhalifgazete.com\/30112-Uykusuzdan-beyaz-bereli-Tayyip.htm\" target=\"_blank\">Kaynak : Muhalif Gazete<\/a><\/p>\n","protected":false},"excerpt":{"rendered":"<p style=\"text-align: center;\">\n<p style=\"text-align: justify;\">Uykusuz Dergisi, bu haftaki kapa\u011f\u0131na Hrant Dink davas\u0131n\u0131 ta\u015f\u0131d\u0131. Kapakta, Og\u00fcn Samast&#8217;\u0131n cinayet s\u0131ras\u0131nda ba\u015f\u0131nda olan ve cinayet ile \u00f6zde\u015fle\u015fen beyaz bereli Tayyip Erdo\u011fan karikat\u00fcr\u00fcne yer verildi.<\/p>\n<p style=\"text-align: justify;\">Hrant Dink davas\u0131ndan \u00e7\u0131kan skandal karar mizah dergilerinin kapak konusu oldu. Uykusuz Dergisi, bug\u00fcn \u00e7\u0131kan yeni say\u0131n\u0131n kapa\u011f\u0131nda Tayyip Erdo\u011fan&#8217;a beyaz <\/p>\n","protected":false},"author":1,"featured_media":0,"comment_status":"open","ping_status":"open","sticky":false,"template":"","format":"standard","meta":{"footnotes":""},"categories":[105],"tags":[],"class_list":["post-47070","post","type-post","status-publish","format-standard","hentry","category-gundem","odd"],"_links":{"self":[{"href":"http:\/\/www.korhanyilmaz.com\/index.php?rest_route=\/wp\/v2\/posts\/47070","targetHints":{"allow":["GET"]}}],"collection":[{"href":"http:\/\/www.korhanyilmaz.com\/index.php?rest_route=\/wp\/v2\/posts"}],"about":[{"href":"http:\/\/www.korhanyilmaz.com\/index.php?rest_route=\/wp\/v2\/types\/post"}],"author":[{"embeddable":true,"href":"http:\/\/www.korhanyilmaz.com\/index.php?rest_route=\/wp\/v2\/users\/1"}],"replies":[{"embeddable":true,"href":"http:\/\/www.korhanyilmaz.com\/index.php?rest_route=%2Fwp%2Fv2%2Fcomments&post=47070"}],"version-history":[{"count":0,"href":"http:\/\/www.korhanyilmaz.com\/index.php?rest_route=\/wp\/v2\/posts\/47070\/revisions"}],"wp:attachment":[{"href":"http:\/\/www.korhanyilmaz.com\/index.php?rest_route=%2Fwp%2Fv2%2Fmedia&parent=47070"}],"wp:term":[{"taxonomy":"category","embeddable":true,"href":"http:\/\/www.korhanyilmaz.com\/index.php?rest_route=%2Fwp%2Fv2%2Fcategories&post=47070"},{"taxonomy":"post_tag","embeddable":true,"href":"http:\/\/www.korhanyilmaz.com\/index.php?rest_route=%2Fwp%2Fv2%2Ftags&post=47070"}],"curies":[{"name":"wp","href":"https:\/\/api.w.org\/{rel}","templated":true}]}}