{"id":47059,"date":"2012-01-20T18:50:30","date_gmt":"2012-01-20T16:50:30","guid":{"rendered":"http:\/\/www.korhanyilmaz.com\/?p=47059"},"modified":"2012-01-20T19:02:56","modified_gmt":"2012-01-20T17:02:56","slug":"19-mayisi-birak-arapcaya-bak","status":"publish","type":"post","link":"http:\/\/www.korhanyilmaz.com\/?p=47059","title":{"rendered":"19 May\u0131s&#8217;\u0131 b\u0131rak Arap\u00e7aya bak!"},"content":{"rendered":"<p style=\"text-align: center;\"><a href=\"http:\/\/www.korhanyilmaz.com\/wp-content\/uploads\/2012\/01\/9325.jpg\"  class=\"lightview\"><img loading=\"lazy\" decoding=\"async\" class=\"aligncenter  wp-image-47060\" src=\"http:\/\/www.korhanyilmaz.com\/wp-content\/uploads\/2012\/01\/9325.jpg\" alt=\"\" width=\"275\" height=\"207\" \/><\/a><\/p>\n<p style=\"text-align: justify;\">Milli E\u011fitim Bakanl\u0131\u011f\u0131 (MEB), 19 May\u0131s Atat\u00fcrk\u2019\u00fc Anma, Gen\u00e7lik ve Spor Bayram\u0131 t\u00f6renlerinin stadyum kutlamalar\u0131n\u0131 haz\u0131rl\u0131klar\u0131n uzun s\u00fcrd\u00fc\u011f\u00fc gerek\u00e7esiyle iptal ederken, bu y\u0131l 3. d\u00fczenlenecek Uluslararas\u0131 Arap\u00e7a Yar\u0131\u015fmalar\u0131 542 imam hatip lisesinden toplam 2 bin 710 \u00f6\u011frencinin kat\u0131l\u0131m\u0131yla yakla\u015f\u0131k 4 ay boyunca s\u00fcrecek.\u00a0<!--more--><\/p>\n<p style=\"text-align: justify;\">MEB\u2019in dolayl\u0131 olarak organize etti\u011fi Uluslararas\u0131 Arap\u00e7a Yar\u0131\u015fmalar\u0131 bu y\u0131l \u00fc\u00e7\u00fcnc\u00fc kez d\u00fczenlenecek. MEB Din \u00d6\u011fretimi Genel M\u00fcd\u00fcrl\u00fc\u011f\u00fc\u2019n\u00fcn katk\u0131lar\u0131yla organize edilen yar\u0131\u015fmalarla T\u00fcrkiye\u2019de orta\u00f6\u011fretim okullar\u0131nda ba\u015flayan Arap\u00e7a \u00f6\u011fretimini geli\u015ftirmek ve modern metotlarla Arap\u00e7ay\u0131 \u00f6\u011frencilere sevdirerek \u00f6\u011fretmek ama\u00e7lan\u0131yor.<\/p>\n<p style=\"text-align: justify;\">MEB\u2019in 19 May\u0131s t\u00f6renlerindeki stadyum kutlamalar\u0131na getirdi\u011fi yasa\u011f\u0131n nedenlerinden biri olarak g\u00f6sterdi\u011fi \u201c\u00e7al\u0131\u015fma s\u00fcrelerinin uzunlu\u011fu\u201d gerek\u00e7esi, yakla\u015f\u0131k 4 ay s\u00fcrecek olan Uluslararas\u0131 Arap\u00e7a Yar\u0131\u015fmalar\u0131\u2019n\u0131 kapsamad\u0131. Uluslararas\u0131 Arap\u00e7a Yar\u0131\u015fmalar\u0131 3 etapta 5 farkl\u0131 kategoride yap\u0131lacak. Bu kapsamda il ve b\u00f6lge yar\u0131\u015fmalar\u0131ndaki j\u00fcri \u00fcyelerinin il milli e\u011fitim m\u00fcd\u00fcrleri taraf\u0131ndan belirlenecek. \u00d6\u011frenciler yar\u0131\u015fma kapsam\u0131nda bilgi yar\u0131\u015fmas\u0131, \u015fiir okuma yar\u0131\u015fmas\u0131, hitabet yar\u0131\u015fmas\u0131, tiyatro yar\u0131\u015fmas\u0131 ve musiki yar\u0131\u015fmas\u0131 yap\u0131lacak. \u00d6\u011frenciler yar\u0131\u015fmalara aylar \u00f6ncesinden haz\u0131rlanmaya ba\u015flarken, yar\u0131\u015fmalar\u0131n ilk etab\u0131 olan il i\u00e7i yar\u0131\u015fmalar T\u00fcrkiye genelinde 3-5 Mart 2012 tarihleri aras\u0131nda ger\u00e7ekle\u015ftirilecek. \u0130l i\u00e7i yar\u0131\u015fmalarda dereceye giren \u00f6\u011frenciler yar\u0131\u015fman\u0131n ikinci etab\u0131 olan b\u00f6lge yar\u0131\u015fmalar\u0131na kat\u0131lacak. B\u00f6lge yar\u0131\u015fmalar\u0131 da 14 Nisan 2012 tarihine kadar s\u00fcrecek.<\/p>\n<p style=\"text-align: justify;\"><strong>Final 20 May\u0131s\u2019ta\u00a0<\/strong><\/p>\n<p style=\"text-align: justify;\">Yar\u0131\u015fman\u0131n son etab\u0131 olan T\u00fcrkiye finali ger\u00e7ekle\u015ftirilecek. B\u00f6lge finalleri K\u0131z\u0131lcahamam\u2019da 9-10 May\u0131s 2012 tarihlerinde yap\u0131lacak. T\u00fcrkiye finalinin ard\u0131ndan yar\u0131\u015fmada 5 farkl\u0131 kategoride birinci olan \u00f6\u011frencilerin g\u00f6sterileriyle \u00f6d\u00fcl t\u00f6reni ise 20 May\u0131s 2012 tarihinde \u0130stanbul Hali\u00e7 Kongre Merkezi\u2019nde d\u00fczenlenecek.<\/p>\n<p style=\"text-align: justify;\"><a href=\"http:\/\/www.cumhuriyet.com.tr\/?hn=309584\" target=\"_blank\">Kaynak : Mahmut L\u0131cal\u0131 &#8211; Cumhuriyet Haber Portal\u0131\u00a0<\/a><\/p>\n","protected":false},"excerpt":{"rendered":"<p style=\"text-align: center;\">\n<p style=\"text-align: justify;\">Milli E\u011fitim Bakanl\u0131\u011f\u0131 (MEB), 19 May\u0131s Atat\u00fcrk\u2019\u00fc Anma, Gen\u00e7lik ve Spor Bayram\u0131 t\u00f6renlerinin stadyum kutlamalar\u0131n\u0131 haz\u0131rl\u0131klar\u0131n uzun s\u00fcrd\u00fc\u011f\u00fc gerek\u00e7esiyle iptal ederken, bu y\u0131l 3. d\u00fczenlenecek Uluslararas\u0131 Arap\u00e7a Yar\u0131\u015fmalar\u0131 542 imam hatip lisesinden toplam 2 bin 710 \u00f6\u011frencinin kat\u0131l\u0131m\u0131yla yakla\u015f\u0131k 4 ay boyunca s\u00fcrecek. <\/p>\n","protected":false},"author":1,"featured_media":0,"comment_status":"open","ping_status":"open","sticky":false,"template":"","format":"standard","meta":{"footnotes":""},"categories":[105],"tags":[],"class_list":["post-47059","post","type-post","status-publish","format-standard","hentry","category-gundem","odd"],"_links":{"self":[{"href":"http:\/\/www.korhanyilmaz.com\/index.php?rest_route=\/wp\/v2\/posts\/47059","targetHints":{"allow":["GET"]}}],"collection":[{"href":"http:\/\/www.korhanyilmaz.com\/index.php?rest_route=\/wp\/v2\/posts"}],"about":[{"href":"http:\/\/www.korhanyilmaz.com\/index.php?rest_route=\/wp\/v2\/types\/post"}],"author":[{"embeddable":true,"href":"http:\/\/www.korhanyilmaz.com\/index.php?rest_route=\/wp\/v2\/users\/1"}],"replies":[{"embeddable":true,"href":"http:\/\/www.korhanyilmaz.com\/index.php?rest_route=%2Fwp%2Fv2%2Fcomments&post=47059"}],"version-history":[{"count":0,"href":"http:\/\/www.korhanyilmaz.com\/index.php?rest_route=\/wp\/v2\/posts\/47059\/revisions"}],"wp:attachment":[{"href":"http:\/\/www.korhanyilmaz.com\/index.php?rest_route=%2Fwp%2Fv2%2Fmedia&parent=47059"}],"wp:term":[{"taxonomy":"category","embeddable":true,"href":"http:\/\/www.korhanyilmaz.com\/index.php?rest_route=%2Fwp%2Fv2%2Fcategories&post=47059"},{"taxonomy":"post_tag","embeddable":true,"href":"http:\/\/www.korhanyilmaz.com\/index.php?rest_route=%2Fwp%2Fv2%2Ftags&post=47059"}],"curies":[{"name":"wp","href":"https:\/\/api.w.org\/{rel}","templated":true}]}}