{"id":47056,"date":"2012-01-20T08:01:34","date_gmt":"2012-01-20T06:01:34","guid":{"rendered":"http:\/\/www.korhanyilmaz.com\/?p=47056"},"modified":"2012-01-20T18:56:19","modified_gmt":"2012-01-20T16:56:19","slug":"dondurma","status":"publish","type":"post","link":"http:\/\/www.korhanyilmaz.com\/?p=47056","title":{"rendered":"Dondurma"},"content":{"rendered":"<div id=\"attachment_37365\" style=\"width: 115px\" class=\"wp-caption alignright\"><img loading=\"lazy\" decoding=\"async\" aria-describedby=\"caption-attachment-37365\" class=\" wp-image-37365 \" title=\"Y\u0131lmaz \u00d6zdil - H\u00fcrriyet Gazetesi\" src=\"http:\/\/www.korhanyilmaz.com\/wp-content\/uploads\/2011\/07\/257.jpg\" alt=\"\" width=\"105\" height=\"112\" \/><p id=\"caption-attachment-37365\" class=\"wp-caption-text\">Y\u0131lmaz \u00d6zdil<\/p><\/div>\n<p style=\"text-align: justify;\">Gazetecili\u011fin a\u011fababas\u0131 \u0130ngiliz\u2019e sormu\u015flar \u201cgazetecilik nedir?\u201d diye&#8230; \u201cGenel itibariyle Lord Jones\u2019un ya\u015fad\u0131\u011f\u0131ndan haberi olmayan insanlara \u2018Lord Jones \u00f6ld\u00fc\u2019 demekten ibarettir\u201d demi\u015f.<\/p>\n<p style=\"text-align: justify;\">*<\/p>\n<p style=\"text-align: justify;\">Tuvalete gitmeye mecali kalmayan<\/p>\n<p style=\"text-align: justify;\">Kenan Evren\u2019e yurtd\u0131\u015f\u0131<\/p>\n<p style=\"text-align: justify;\">yasa\u011f\u0131 getirilmesi&#8230; Budur.<\/p>\n<p style=\"text-align: justify;\">*<\/p>\n<p style=\"text-align: justify;\">95 ya\u015f\u0131ndad\u0131r.<\/p>\n<p style=\"text-align: justify;\">Ahalimiz nazar\u0131nda&#8230;<\/p>\n<p style=\"text-align: justify;\">Rahmetli Lord\u2019dan farks\u0131zd\u0131r.\u00a0<!--more--><\/p>\n<p style=\"text-align: justify;\">*<\/p>\n<p style=\"text-align: justify;\">\u00c7\u00fcnk\u00fc&#8230;<\/p>\n<p style=\"text-align: justify;\">T\u00fcrkiye\u2019nin ortanca ya\u015f\u0131 28\u2019dir. Yani, n\u00fcfusun yar\u0131s\u0131<\/p>\n<p style=\"text-align: justify;\">28 ya\u015f\u0131ndan k\u00fc\u00e7\u00fckt\u00fcr. 1980\u2019de d\u00fcnyaya gelen bebek, bug\u00fcn kaz\u0131k kadar oldu, 32 ya\u015f\u0131nda, d\u00fc\u015f\u00fcn&#8230; \u0130lkokulda filan olanlar\u0131 hesapla, \u015fu an 4 ki\u015fiden 3\u2019\u00fc tanklarla uyand\u0131\u011f\u0131m\u0131zda ya do\u011fmam\u0131\u015ft\u0131 ya da \u00e7ocuktu. Kaba hesap, 50-55 milyon civar\u0131nda vatanda\u015f\u0131m\u0131z,<\/p>\n<p style=\"text-align: justify;\">o g\u00fcnlerde neler ya\u015fand\u0131, bilmiyor&#8230; Bildi\u011fi,<\/p>\n<p style=\"text-align: justify;\">kulaktan dolma.<\/p>\n<p style=\"text-align: justify;\">*<\/p>\n<p style=\"text-align: justify;\">Star Haber\u2019deyken Emin\u00f6n\u00fc\u2019ne kamera g\u00f6nderdik, ya\u015f\u0131 m\u00fcsait olanlara \u201c12 Eyl\u00fcl darbesi ne zaman oldu?\u201d diye sorduk. Hesapta, 1980\u2019i hat\u0131rlay\u0131p hat\u0131rlamad\u0131klar\u0131n\u0131 \u00f6\u011frenece\u011fiz. \u201cHaziranda oldu\u201d diyen bile \u00e7\u0131kt\u0131 iyi mi&#8230; Haziranda eyl\u00fcl darbesi!<\/p>\n<p style=\"text-align: justify;\">*<\/p>\n<p style=\"text-align: justify;\">\u0130lave et bu denyolar\u0131&#8230; O g\u00fcnleri hat\u0131rlayanlar\u0131n say\u0131s\u0131, ta\u015f \u00e7atlas\u0131n 10 milyon ki\u015fiye iner.<\/p>\n<p style=\"text-align: justify;\">*<\/p>\n<p style=\"text-align: justify;\">Dolay\u0131s\u0131yla&#8230;<\/p>\n<p style=\"text-align: justify;\">Laga lugay\u0131 b\u0131rak\u0131p, ar\u015five girdim. Bug\u00fcn utanmadan \u201cdemokrat\u0131m, darbecilere kar\u015f\u0131y\u0131m\u201d falan diye at\u0131p<\/p>\n<p style=\"text-align: justify;\">tutan arkada\u015flar\u0131n, 13, 14,<\/p>\n<p style=\"text-align: justify;\">15 Eyl\u00fcl 1980\u2019de neler yazd\u0131\u011f\u0131n\u0131 \u00e7\u0131kard\u0131m.<\/p>\n<p style=\"text-align: justify;\">*<\/p>\n<p style=\"text-align: justify;\">\u201cEvren\u2019in s\u00f6zleri, her hukuk\u00e7unun ba\u015fucuna mukaddes kitap gibi as\u0131lacak cinsten s\u00f6zlerdir, \u00f6p\u00fcp \u00f6p\u00fcp ba\u015flar\u0131na koysunlar\u201d diye d\u00f6\u015fenmi\u015f biri&#8230; Hukuk\u2019tan girmi\u015f,<\/p>\n<p style=\"text-align: justify;\">din\u2019den \u00e7\u0131km\u0131\u015f.<\/p>\n<p style=\"text-align: justify;\">*<\/p>\n<p style=\"text-align: justify;\">\u201cB\u00f6ylesine olumlu, \u00f6zlenen sonu\u00e7lar\u0131 almaya y\u00f6nelik harek\u00e2ta destek olmak, millet\u00e7e hepimizin g\u00f6revidir\u201d yazm\u0131\u015f bi ba\u015fkas\u0131&#8230; Bug\u00fcn \u201cdestek olanlar yarg\u0131lans\u0131n\u201d diyor!<\/p>\n<p style=\"text-align: justify;\">*<\/p>\n<p style=\"text-align: justify;\">\u201cE\u011fer ordumuz ihtilali ba\u015farmasayd\u0131, ba\u015f\u0131m\u0131za gelecekleri d\u00fc\u015f\u00fcnebiliyor musunuz, hep birlikte bin \u015f\u00fckredelim\u201d diyen var&#8230; \u201cHedef, politikay\u0131 de\u011fil, \u00e7irkinle\u015fen politikac\u0131y\u0131 tasfiyedir, hay\u0131rl\u0131 olsun\u201d diyen var&#8230; \u201cHainler, k\u00fcstahlar, demokrasiyi yozla\u015ft\u0131ran g\u00fc\u00e7ler, geriye itildi\u201d diyen var&#8230; Hadiseye ekonomik a\u00e7\u0131dan yakla\u015f\u0131p \u201ci\u015f\u00e7i-i\u015fveren ili\u015fkilerine, hatta, bankadaki paralar\u0131m\u0131za bile g\u00fcvence getirildi\u201d diyen var.<\/p>\n<p style=\"text-align: justify;\">\u00a0*<\/p>\n<p style=\"text-align: justify;\">\u201c12 Eyl\u00fcl darbe de\u011fildir\u201d diye ba\u015flay\u0131p \u201cKenan Evren\u2019e tamamiyle kat\u0131l\u0131yoruz, 12 Eyl\u00fcl\u2019\u00fcn gerek\u00e7esi hakl\u0131d\u0131r, halk\u0131n me\u015fru m\u00fcdafaaya ge\u00e7ti\u011fi g\u00fcnd\u00fcr\u201d diye bitiren demokrat abla var!<\/p>\n<p style=\"text-align: justify;\">*<\/p>\n<p style=\"text-align: justify;\">\u201cBiz bas\u0131n olarak, 12 Eyl\u00fcl harek\u00e2t\u0131n\u0131n, Latin Amerika\u2019daki askeri dikta rejimlerine benzemedi\u011fini Avrupa\u2019ya anlatmal\u0131y\u0131z,<\/p>\n<p style=\"text-align: justify;\">sa\u011f ol Mehmet\u00e7ik\u201d diyen,<\/p>\n<p style=\"text-align: justify;\">vay yalaka vay var.<\/p>\n<p style=\"text-align: justify;\">*<\/p>\n<p style=\"text-align: justify;\">\u201cTSK milletimizin son \u015fans\u0131d\u0131r, \u00fcmidimiz harek\u00e2t\u0131n ba\u015far\u0131yla neticelenmesidir\u201d diye dua eden de var&#8230; \u201cEl ele, kol kola, mutlu g\u00fcnlere gidiyoruz\u201d diyen, durmak<\/p>\n<p style=\"text-align: justify;\">yok yola devamc\u0131 da&#8230;<\/p>\n<p style=\"text-align: justify;\">*<\/p>\n<p style=\"text-align: justify;\">\u00d6zetle.<\/p>\n<p style=\"text-align: justify;\">\u201c12 Eyl\u00fcl nedir?\u201d derseniz.<\/p>\n<p style=\"text-align: justify;\">Ne askerdir asl\u0131nda.<\/p>\n<p style=\"text-align: justify;\">Ne d\u0131\u015f mihrakt\u0131r.<\/p>\n<p style=\"text-align: justify;\">*<\/p>\n<p style=\"text-align: justify;\">Menderes\u2019i alk\u0131\u015flayan, sonra askeri alk\u0131\u015flayan, sonra Demirel\u2019i alk\u0131\u015flayan, sonra askeri alk\u0131\u015flayan, sonra \u00d6zal\u2019\u0131 alk\u0131\u015flayan, sonra askeri alk\u0131\u015flayan, sonra&#8230; ABD\u2019ye kar\u015f\u0131yken Ecevit\u2019i yuhalayan, ABD\u2019den ekonomi bakan\u0131 getirince Ecevit\u2019i alk\u0131\u015flayan, sonra bunlar\u0131 alk\u0131\u015flayan zihniyettir&#8230; Gelene a\u011fam, gidene pa\u015fam\u2019c\u0131 ikiy\u00fczl\u00fcl\u00fck\u2019t\u00fcr.<\/p>\n<p style=\"text-align: justify;\">*<\/p>\n<p style=\"text-align: justify;\">Peki, kim bunlar derseniz&#8230;<\/p>\n<p style=\"text-align: justify;\">*<\/p>\n<p style=\"text-align: justify;\">De\u011ferli gen\u00e7ler&#8230;<\/p>\n<p style=\"text-align: justify;\">\u0130ktidarlar, dondurmaya benzer. Yalanmak ister.<\/p>\n<p style=\"text-align: justify;\">Oras\u0131n\u0131 da yalayay\u0131m, aman \u015furas\u0131n\u0131 da yalayay\u0131m derken, y\u00fcz\u00fcne g\u00f6z\u00fcne bula\u015f\u0131r.<\/p>\n<p style=\"text-align: justify;\">*<\/p>\n<p style=\"text-align: justify;\">\u201cBen demokrat\u0131m\u201d diyenlerin a\u011f\u0131zlar\u0131na dikkatli bak\u0131n&#8230; Dudaklar\u0131n\u0131n \u00e7evresindeki lekeleri g\u00f6rece\u011finizden eminim.<\/p>\n<p style=\"text-align: justify;\"><a href=\"http:\/\/www.hurriyet.com.tr\/yazarlar\/19728136.asp\" target=\"_blank\">Kaynak : H\u00fcrriyet.com.tr<\/a><\/p>\n","protected":false},"excerpt":{"rendered":"<p id=\"caption-attachment-37365\" class=\"wp-caption-text\">Y\u0131lmaz \u00d6zdil<\/p>\n<p style=\"text-align: justify;\">Gazetecili\u011fin a\u011fababas\u0131 \u0130ngiliz\u2019e sormu\u015flar \u201cgazetecilik nedir?\u201d diye&#8230; \u201cGenel itibariyle Lord Jones\u2019un ya\u015fad\u0131\u011f\u0131ndan haberi olmayan insanlara \u2018Lord Jones \u00f6ld\u00fc\u2019 demekten ibarettir\u201d demi\u015f.<\/p>\n<p style=\"text-align: justify;\">*<\/p>\n<p style=\"text-align: justify;\">Tuvalete gitmeye mecali kalmayan<\/p>\n<p style=\"text-align: justify;\">Kenan Evren\u2019e yurtd\u0131\u015f\u0131<\/p>\n<p style=\"text-align: justify;\">yasa\u011f\u0131 getirilmesi&#8230; Budur.<\/p>\n<p style=\"text-align: justify;\">*<\/p>\n<p style=\"text-align: justify;\">95 ya\u015f\u0131ndad\u0131r.<\/p>\n<p style=\"text-align:  \n\n","protected":false},"author":1,"featured_media":0,"comment_status":"open","ping_status":"open","sticky":false,"template":"","format":"standard","meta":{"footnotes":""},"categories":[16],"tags":[30],"class_list":["post-47056","post","type-post","status-publish","format-standard","hentry","category-kose-yazilari","tag-yilmaz-ozdil","odd"],"_links":{"self":[{"href":"http:\/\/www.korhanyilmaz.com\/index.php?rest_route=\/wp\/v2\/posts\/47056","targetHints":{"allow":["GET"]}}],"collection":[{"href":"http:\/\/www.korhanyilmaz.com\/index.php?rest_route=\/wp\/v2\/posts"}],"about":[{"href":"http:\/\/www.korhanyilmaz.com\/index.php?rest_route=\/wp\/v2\/types\/post"}],"author":[{"embeddable":true,"href":"http:\/\/www.korhanyilmaz.com\/index.php?rest_route=\/wp\/v2\/users\/1"}],"replies":[{"embeddable":true,"href":"http:\/\/www.korhanyilmaz.com\/index.php?rest_route=%2Fwp%2Fv2%2Fcomments&post=47056"}],"version-history":[{"count":0,"href":"http:\/\/www.korhanyilmaz.com\/index.php?rest_route=\/wp\/v2\/posts\/47056\/revisions"}],"wp:attachment":[{"href":"http:\/\/www.korhanyilmaz.com\/index.php?rest_route=%2Fwp%2Fv2%2Fmedia&parent=47056"}],"wp:term":[{"taxonomy":"category","embeddable":true,"href":"http:\/\/www.korhanyilmaz.com\/index.php?rest_route=%2Fwp%2Fv2%2Fcategories&post=47056"},{"taxonomy":"post_tag","embeddable":true,"href":"http:\/\/www.korhanyilmaz.com\/index.php?rest_route=%2Fwp%2Fv2%2Ftags&post=47056"}],"curies":[{"name":"wp","href":"https:\/\/api.w.org\/{rel}","templated":true}]}}