{"id":47041,"date":"2012-01-20T10:45:12","date_gmt":"2012-01-20T08:45:12","guid":{"rendered":"http:\/\/www.korhanyilmaz.com\/?p=47041"},"modified":"2012-01-20T17:54:19","modified_gmt":"2012-01-20T15:54:19","slug":"yetmez-ama-yuruyun","status":"publish","type":"post","link":"http:\/\/www.korhanyilmaz.com\/?p=47041","title":{"rendered":"Yetmez Ama Y\u00fcr\u00fcy\u00fcn&#8230;"},"content":{"rendered":"<div id=\"attachment_37377\" style=\"width: 114px\" class=\"wp-caption alignright\"><img loading=\"lazy\" decoding=\"async\" aria-describedby=\"caption-attachment-37377\" class=\" wp-image-37377 \" title=\"Bekir Co\u015fkun - Cumhuriyet Gazetesi\" src=\"http:\/\/www.korhanyilmaz.com\/wp-content\/uploads\/2011\/07\/2011-07-28_230334.jpg\" alt=\"\" width=\"104\" height=\"120\" \/><p id=\"caption-attachment-37377\" class=\"wp-caption-text\">Bekir Co\u015fkun<\/p><\/div>\n<p style=\"text-align: justify;\"><span style=\"text-decoration: underline;\">Cumhuriyet Gazetesi yazar\u0131 Bekir Co\u015fkun yazd\u0131<\/span> ;<\/p>\n<p style=\"text-align: justify;\"><span style=\"font-size: medium;\"><strong><span style=\"color: #800000;\">Yetmez Ama Y\u00fcr\u00fcy\u00fcn&#8230;<\/span><\/strong><\/span><\/p>\n<p style=\"text-align: justify;\">Hukuk d\u00fcn bitmedi&#8230;<\/p>\n<p style=\"text-align: justify;\">\u00c7oktan bitmi\u015fti ortak&#8230;<\/p>\n<p style=\"text-align: justify;\">*<\/p>\n<p style=\"text-align: justify;\">Van\u2019daki sorgulamada kendini h\u00fccresinin demirlerine asan su\u00e7suz, g\u00fcnahs\u0131z Hoca\u2019n\u0131n cenazesini almaya alt\u0131 ki\u015fi gitmi\u015fti&#8230;<\/p>\n<p style=\"text-align: justify;\">Erzincan\u2019da savc\u0131 savc\u0131y\u0131 bas\u0131p da hapse t\u0131kt\u0131\u011f\u0131nda, kap\u0131da \u00fc\u00e7 kad\u0131n a\u011flad\u0131 sadece&#8230;\u00a0<!--more--><\/p>\n<p style=\"text-align: justify;\">Gazeteciler, bilim adamlar\u0131, yazarlar, yay\u0131nc\u0131lar, akademisyenler sabah karanl\u0131\u011f\u0131nda al\u0131n\u0131p g\u00f6t\u00fcr\u00fcld\u00fc\u011f\u00fcnde ve Silivri\u2019de duru\u015fmalar y\u0131llard\u0131r bitmek t\u00fckenmek bilmeden s\u00fcr\u00fcp gitti\u011finde, mahkemenin \u00f6n\u00fcndeki \u00e7ad\u0131rda sadece sekiz ki\u015fi vard\u0131&#8230;<\/p>\n<p style=\"text-align: justify;\">Toplam 4.5 milyon satan gazetelerin \u00e7al\u0131\u015fanlar\u0131 y\u00fcr\u00fcd\u00fcler arkada\u015flar\u0131 i\u00e7in, 200 ki\u015fi&#8230;<\/p>\n<p style=\"text-align: justify;\">\u015eemsiye sap\u0131n\u0131 ter\u00f6r \u00f6rg\u00fct\u00fcn\u00fcn su\u00e7 aleti sayd\u0131klar\u0131nda ve \u00e7ocuklar\u0131 tutuklad\u0131klar\u0131nda da kap\u0131da sadece anneleri bekledi \u00e7ocuklar\u0131n\u0131&#8230;<\/p>\n<p style=\"text-align: justify;\">*<\/p>\n<p style=\"text-align: justify;\">Anayasa de\u011fi\u015fikli\u011fi referanduma g\u00f6t\u00fcr\u00fcld\u00fc o s\u0131rada&#8230;<\/p>\n<p style=\"text-align: justify;\">Yarg\u0131 t\u00fcmden ba\u011f\u0131ms\u0131zl\u0131\u011f\u0131n\u0131 yitiriyor, adalet iktidar\u0131n iki duda\u011f\u0131n\u0131n aras\u0131na terk edilip olan hukuk da u\u00e7up gitti\u011finde&#8230;<\/p>\n<p style=\"text-align: justify;\">\u201cYetmez ama evet\u201d dedi kimimiz&#8230;<\/p>\n<p style=\"text-align: justify;\">Arkas\u0131ndan geldi zaten:<\/p>\n<p style=\"text-align: justify;\">Yaz\u0131lmam\u0131\u015f kitaplar\u0131 su\u00e7 sayd\u0131lar&#8230;<\/p>\n<p style=\"text-align: justify;\">Aya\u011fa kalkmayanlar\u0131 da a\u011fz\u0131n\u0131 a\u00e7anlar\u0131 da kapatt\u0131lar h\u00fccrelere&#8230;<\/p>\n<p style=\"text-align: justify;\">Ordu ve kuvvet komutanlar\u0131n\u0131 toplay\u0131p att\u0131lar i\u00e7eri&#8230;<\/p>\n<p style=\"text-align: justify;\">Sonunda Genelkurmay Ba\u015fkan\u0131 da \u201csilahl\u0131 ter\u00f6r \u00f6rg\u00fct\u00fc ba\u015f\u0131\u201d oldu mu?..<\/p>\n<p style=\"text-align: justify;\">*<\/p>\n<p style=\"text-align: justify;\">D\u00fcn 10 bin ki\u015fi mi, 20 bin ki\u015fi mi y\u00fcr\u00fcd\u00fc?..<\/p>\n<p style=\"text-align: justify;\">Yetmez&#8230;<\/p>\n<p style=\"text-align: justify;\">*<\/p>\n<p style=\"text-align: justify;\">Hukuksuzluk her yerde&#8230;<\/p>\n<p style=\"text-align: justify;\">Ate\u015f her yerde yan\u0131yor&#8230;<\/p>\n<p style=\"text-align: justify;\">Geceleri babalar\u0131n\u0131 r\u00fcyalar\u0131nda g\u00f6r\u00fcp a\u011flayarak uyanan \u00e7ocuklar&#8230; Cam \u00f6nlerinde bo\u015funa bekleyen sevgililer&#8230; Gururu hukuk eliyle k\u0131r\u0131lm\u0131\u015f yi\u011fitler&#8230; Ya da topraklar\u0131 ok\u015fayan kad\u0131nlar\u0131n \u00fclkesinde yarg\u0131, hukuk, adalet yok&#8230;<\/p>\n<p style=\"text-align: justify;\">T\u00fcmden t\u00fckendi&#8230;<\/p>\n<p style=\"text-align: justify;\">Bitti&#8230;<\/p>\n<p style=\"text-align: justify;\">Hrant Dink, \u201cinsanlar\u0131n e\u015fitli\u011fini ve karde\u015fli\u011fini\u201d \u00f6\u011frettikten sonra, y\u00fcz karas\u0131 hukuksuzlu\u011fumuzu da anlat\u0131yor bize&#8230;<\/p>\n<p style=\"text-align: justify;\">Ba\u011f\u0131r\u0131n&#8230;<\/p>\n<p style=\"text-align: justify;\">\u0130steyin&#8230;<\/p>\n<p style=\"text-align: justify;\">Hayk\u0131r\u0131n&#8230;<\/p>\n<p style=\"text-align: justify;\">\u201c<strong>Yetmez ama<\/strong>\u201d y\u00fcr\u00fcy\u00fcn&#8230;<\/p>\n<p style=\"text-align: justify;\"><a href=\"http:\/\/muhalifgazete.com\/30143-Bekir-Coskun-Yetmez-Ama-Yuruyun.htm\" target=\"_blank\">Kaynak : Muhalif Gazete<\/a><\/p>\n","protected":false},"excerpt":{"rendered":"<p id=\"caption-attachment-37377\" class=\"wp-caption-text\">Bekir Co\u015fkun<\/p>\n<p style=\"text-align: justify;\">Cumhuriyet Gazetesi yazar\u0131 Bekir Co\u015fkun yazd\u0131 ;<\/p>\n<p style=\"text-align: justify;\">Yetmez Ama Y\u00fcr\u00fcy\u00fcn&#8230;<\/p>\n<p style=\"text-align: justify;\">Hukuk d\u00fcn bitmedi&#8230;<\/p>\n<p style=\"text-align: justify;\">\u00c7oktan bitmi\u015fti ortak&#8230;<\/p>\n<p style=\"text-align: justify;\">*<\/p>\n<p style=\"text-align: justify;\">Van\u2019daki sorgulamada kendini h\u00fccresinin demirlerine asan su\u00e7suz, g\u00fcnahs\u0131z Hoca\u2019n\u0131n cenazesini almaya alt\u0131 ki\u015fi gitmi\u015fti&#8230;<\/p>\n<p style=\"text-align: justify;\">Erzincan\u2019da savc\u0131 savc\u0131y\u0131 bas\u0131p da hapse <\/p>\n","protected":false},"author":1,"featured_media":0,"comment_status":"open","ping_status":"open","sticky":false,"template":"","format":"standard","meta":{"footnotes":""},"categories":[16],"tags":[],"class_list":["post-47041","post","type-post","status-publish","format-standard","hentry","category-kose-yazilari","odd"],"_links":{"self":[{"href":"http:\/\/www.korhanyilmaz.com\/index.php?rest_route=\/wp\/v2\/posts\/47041","targetHints":{"allow":["GET"]}}],"collection":[{"href":"http:\/\/www.korhanyilmaz.com\/index.php?rest_route=\/wp\/v2\/posts"}],"about":[{"href":"http:\/\/www.korhanyilmaz.com\/index.php?rest_route=\/wp\/v2\/types\/post"}],"author":[{"embeddable":true,"href":"http:\/\/www.korhanyilmaz.com\/index.php?rest_route=\/wp\/v2\/users\/1"}],"replies":[{"embeddable":true,"href":"http:\/\/www.korhanyilmaz.com\/index.php?rest_route=%2Fwp%2Fv2%2Fcomments&post=47041"}],"version-history":[{"count":0,"href":"http:\/\/www.korhanyilmaz.com\/index.php?rest_route=\/wp\/v2\/posts\/47041\/revisions"}],"wp:attachment":[{"href":"http:\/\/www.korhanyilmaz.com\/index.php?rest_route=%2Fwp%2Fv2%2Fmedia&parent=47041"}],"wp:term":[{"taxonomy":"category","embeddable":true,"href":"http:\/\/www.korhanyilmaz.com\/index.php?rest_route=%2Fwp%2Fv2%2Fcategories&post=47041"},{"taxonomy":"post_tag","embeddable":true,"href":"http:\/\/www.korhanyilmaz.com\/index.php?rest_route=%2Fwp%2Fv2%2Ftags&post=47041"}],"curies":[{"name":"wp","href":"https:\/\/api.w.org\/{rel}","templated":true}]}}