{"id":47036,"date":"2012-01-20T15:37:35","date_gmt":"2012-01-20T13:37:35","guid":{"rendered":"http:\/\/www.korhanyilmaz.com\/?p=47036"},"modified":"2012-01-20T16:55:56","modified_gmt":"2012-01-20T14:55:56","slug":"ankara-artik-miyop-degil","status":"publish","type":"post","link":"http:\/\/www.korhanyilmaz.com\/?p=47036","title":{"rendered":"&#8220;Ankara art\u0131k miyop de\u011fil&#8221;"},"content":{"rendered":"<p style=\"text-align: center;\"><a href=\"http:\/\/www.korhanyilmaz.com\/wp-content\/uploads\/2012\/01\/9322.jpg\"  class=\"lightview\"><img loading=\"lazy\" decoding=\"async\" class=\"aligncenter  wp-image-47037\" src=\"http:\/\/www.korhanyilmaz.com\/wp-content\/uploads\/2012\/01\/9322.jpg\" alt=\"\" width=\"377\" height=\"191\" \/><\/a><\/p>\n<p style=\"text-align: justify;\">Dink davas\u0131 hakk\u0131nda konu\u015fan Ba\u015fbakan Erdo\u011fan, &#8220;Dink&#8217;in davas\u0131 kimsenin endi\u015fesi olmas\u0131n Ankara&#8217;n\u0131n derin dehlizlerinde kaybolmaz, kaybolamaz&#8221; dedi. Erdo\u011fan, 19 May\u0131s tart\u0131\u015fmalar\u0131yla ilgili de ilk kez konu\u015ftu.<\/p>\n<p style=\"text-align: justify;\">ANKARA- Ba\u015fbakan Recep Tayyip Erdo\u011fan, Ankara Arena Spor Salonu&#8217;nda, Kuzey Ankara Giri\u015fi Kentsel D\u00f6n\u00fc\u015f\u00fcm Projesi hak sahibi kura \u00e7ekimi t\u00f6renine kat\u0131ld\u0131.<!--more--><\/p>\n<p style=\"text-align: justify;\">Erdo\u011fan&#8217;\u0131n konu\u015fmas\u0131ndan sat\u0131r ba\u015flar\u0131:<\/p>\n<p style=\"text-align: justify;\"><strong>HAKKAR\u0130&#8217;DEK\u0130 PATLAMA<\/strong><\/p>\n<p style=\"text-align: justify;\">D\u00fcn Hakkari&#8217;de sokak ortas\u0131nda patlat\u0131lan bomba nedeniyle adeta ihanetten 21 ya\u015f\u0131nda bir \u00f6\u011frenci yavrumuz hayat\u0131n\u0131 kaybetti, 3 g\u00fcvenlik g\u00f6revlisi ve 24 sivil de yaraland\u0131. Zeki Ye\u015fil&#8217;in babas\u0131n\u0131 telefonla arad\u0131m ve ba\u015fsa\u011fl\u0131\u011f\u0131 mesaj\u0131n\u0131 ilettim. Bu sald\u0131r\u0131 ter\u00f6r \u00f6rg\u00fct\u00fcn\u00fcn nas\u0131l bir g\u00f6z\u00fc d\u00f6nm\u00fc\u015fl\u00fck i\u00e7inde oldu\u011funu g\u00f6sterir. Ak\u015fam i\u015finden evine d\u00f6nen insanlar\u0131na aras\u0131nda bomba patlatan zihniyeti k\u0131n\u0131yorum:<\/p>\n<p style=\"text-align: justify;\"><strong>\u201cANKARA \u0130\u00c7\u0130N NE YAPTINIZ?\u201d<\/strong><\/p>\n<p style=\"text-align: justify;\">F\u0131r\u00e7a darbeleriyle vitrin d\u00fczeltme derdinde olmad\u0131k. K\u00f6kten \u00e7\u00f6z\u00fcyoruz problemi. Biz laf \u00fcretmiyoruz, i\u015f \u00fcretiyoruz Baz\u0131lar\u0131 Ankara&#8217;y\u0131 belli y\u0131ld\u00f6n\u00fcmlerinde hat\u0131rlarken, baz\u0131lar\u0131 Ankara&#8217;y\u0131 mar\u015flara, sloganlara hapsederken biz Ankara&#8217;y\u0131 bu \u00fclkeye yak\u0131\u015f\u0131r bir ba\u015fkent haline getiriyoruz. On y\u0131llarca &#8216;Ankara&#8217;n\u0131n ta\u015f\u0131na bak, g\u00f6zlerimin ya\u015f\u0131na bak&#8217; dediler. Ya b\u0131rak\u0131n bunlar\u0131 Ba\u015fkent Ankara&#8217;ya siz ne kazand\u0131rd\u0131n\u0131z? Tek parti iktidar\u0131nda hem Ankara&#8217;y\u0131 hem \u00fclkeyi y\u00f6nettiniz. Peki Gazi&#8217;nin Ankara&#8217;s\u0131na ne kazand\u0131rd\u0131n\u0131z?<\/p>\n<p style=\"text-align: justify;\"><strong>19 MAYIS GENELGES\u0130<\/strong><\/p>\n<p style=\"text-align: justify;\">19 May\u0131s&#8217;la veya milli bayramlarla ilgili y\u00f6nergeyi bizden \u00f6nceki d\u00f6nemlerde yapm\u0131\u015flar. Biz y\u00f6nergenin asl\u0131na uygun \u015fekilde uygulanmas\u0131 istiyoruz. Bunun farkl\u0131 yerlere \u00e7ekilmesine gerek yok. Vatan sevgisini sizden \u00f6\u011frenecek de\u011filiz.<\/p>\n<p style=\"text-align: justify;\">Say\u0131n K\u0131l\u0131\u00e7daro\u011flu, Say\u0131n Bah\u00e7eli siz 19 May\u0131s t\u00f6renlerini bu kadar severdiniz de neden Samsun&#8217;daki hat\u0131ralara bug\u00fcne kadar el atmad\u0131n\u0131z? Samsun&#8217;u devrald\u0131\u011f\u0131m\u0131zda harabeydi. \u015eehitliklerimizi neden \u00f6yle metruk halde kendi kaderlerine terk ettiniz?<\/p>\n<p style=\"text-align: justify;\"><strong>ONLAR \u0130\u015e\u0130N \u0130ST\u0130SMARINI YAPIYOR<\/strong><\/p>\n<p style=\"text-align: justify;\">Biz gideriz Mo\u011folistan&#8217;da ta T\u00fcrklerden kalma ilk yaz\u0131l\u0131 an\u0131tlara sahip \u00e7\u0131kar\u0131z, biz gideriz Saraybosna&#8217;da atalar\u0131m\u0131z\u0131n miras\u0131na sahip \u00e7\u0131kar\u0131z, 81 vilayette tarihi eserleri bulur, tamir ederiz, Ankara&#8217;n\u0131n Hac\u0131 Bayram Velisi&#8217;ni biz hat\u0131rlar\u0131z. Samsun&#8217;da 19 May\u0131s&#8217;\u0131n hat\u0131ras\u0131na, \u00c7anakkale&#8217;de \u015fehitliklere biz sahip \u00e7\u0131kar\u0131z ama onlar sadece i\u015fin edebiyat\u0131n\u0131, istismar\u0131n\u0131 yaparlar. Ankara&#8217;n\u0131n ta\u015f\u0131na bak, g\u00f6zlerimin ya\u015f\u0131na bak. Bunlar bu. Biz Gazi Kemal&#8217;in i\u015faret etti\u011fi muas\u0131r medeniyetler hedefine do\u011fru ko\u015fuyoruz.<\/p>\n<p style=\"text-align: justify;\"><strong>KILI\u00c7DARO\u011eLU&#8217;NUN TEKSAS VAL\u0130S\u0130&#8217;NDEN NE FARKI VAR?<\/strong><\/p>\n<p style=\"text-align: justify;\">Yurtd\u0131\u015f\u0131nda kendi \u00fclkesini \u015fikayet eden bir ana muhalefet partisi genel ba\u015fkan\u0131 olabilir mi? Maalesef T\u00fcrkiye&#8217;de bak. Br\u00fcksel&#8217;de diyor ki: D\u00fcnyada cari a\u00e7\u0131kta bir numaraday\u0131z. Hapisteki gazeteci say\u0131m\u0131z \u00c7in&#8217;den fazla diyor. T\u00fcrkiye&#8217;deki ekonomik iyile\u015fmenin abart\u0131ld\u0131\u011f\u0131n\u0131 s\u00f6yl\u00fcyor. Bunlar\u0131 Br\u00fcksel&#8217;de yabanc\u0131lar\u0131n \u00f6n\u00fcnde s\u00f6yl\u00fcyor. T\u00fcrkiye ile ilgili cahilce a\u00e7\u0131klamalar yapan Rick Perry ile bizim ana muhalefet partisi genel ba\u015fkan\u0131 aras\u0131nda ne fark var. Biri Teksas&#8217;ta ya\u015f\u0131yor, biri Ankara&#8217;da. Biri Teksas&#8217;tan Ankara&#8217;ya Frans\u0131z, biri Ankara&#8217;dan Ankara&#8217;ya Frans\u0131z.<\/p>\n<p style=\"text-align: justify;\"><strong>ANKARA ARTIK M\u0130YOP DE\u011e\u0130L<\/strong><\/p>\n<p style=\"text-align: justify;\">Biz Ankara&#8217;n\u0131n k\u00f6hnemi\u015f ruhunu, sa\u011f\u0131r hantall\u0131\u011f\u0131n\u0131, a\u011f\u0131r b\u00fcrokratik havas\u0131n\u0131 de\u011fi\u015ftirdik. Ankara&#8217;n\u0131n y\u00fcre\u011fi Uludere ile birliktedir. Ankara art\u0131k kendi s\u0131n\u0131rlar\u0131n\u0131n \u00f6tesini g\u00f6remeyen bir miyop de\u011fil. Yan\u0131 ba\u015f\u0131ndaki illere tepkisiz bir hipermetrop de\u011fil.<\/p>\n<p style=\"text-align: justify;\"><strong>D\u0130NK DAVASI ANKARA&#8217;NIN DER\u0130N DEHL\u0130ZLER\u0130NDE KAYBOLMAZ<\/strong><\/p>\n<p style=\"text-align: justify;\">Dink&#8217;in davas\u0131 kimsenin endi\u015fesi olmas\u0131n Ankara&#8217;n\u0131n derin dehlizlerinde kaybolmaz, kaybolamaz. T\u00fcrkiye eski T\u00fcrkiye de\u011fil. Kimsenin yapt\u0131\u011f\u0131 kimseye kar kalmaz.<\/p>\n<p style=\"text-align: justify;\">6 dilde ayn\u0131 farkl\u0131 dilde ayn\u0131 duyguyla s\u00f6ylenen Sar\u0131 Gelin t\u00fcrk\u00fcs\u00fcn\u00fc \u015ei\u015fli&#8217;de s\u0131k\u0131lan bir kur\u015fun susturamaz. Y\u00fcr\u00fctme olarak bug\u00fcne kadar sorumlulu\u011fumuz neyse onu yerine getirmenin gayreti i\u00e7inde olduk.<\/p>\n<p style=\"text-align: justify;\"><strong>BU B\u0130R FA\u0130L\u0130 ME\u00c7HUL DE\u011e\u0130L<\/strong><\/p>\n<p style=\"text-align: justify;\">32 saatte faili yakaland\u0131. Bu, y\u00fcr\u00fctmenin bu konu \u00fczerinde hassas oldu\u011funun bir ifadesidir. Sa\u011fda solda k\u00f6\u015felerinde yaz\u0131 yazanlar H\u00fck\u00fcmetimize konu\u015furken \u00f6nce kendilerine bir \u00e7eki d\u00fczen versinler. Bu bir faili me\u00e7hul olmam\u0131\u015ft\u0131r. Bunlar\u0131 ba\u011flant\u0131lar\u0131 falan \u015fu bu falan, yarg\u0131 neyi y\u00fcr\u00fctmeden isterse y\u00fcr\u00fctme onu yapm\u0131yor. Yapm\u0131yorsa b\u00fct\u00fcn bu sorumlulu\u011fun alt\u0131na biz gireriz. Yeri geldi\u011fi zaman diktat\u00f6rl\u00fck, yeri geldi\u011finde demokrasi diyeceksin. Demokraside kuvvetler ayr\u0131l\u0131\u011f\u0131 prensibi var. \u0130\u015fte biz bunu yap\u0131yoruz. Kimse sanki yarg\u0131lamay\u0131 h\u00fck\u00fcmet yap\u0131yor gibi faturay\u0131 h\u00fck\u00fcmete kesme gayretine girmemeli. Ak Parti&#8217;nin akl\u0131\u011f\u0131na kimse leke s\u00fcremez.<\/p>\n<p style=\"text-align: justify;\">Dink davas\u0131nda da dosya kapanmam\u0131\u015ft\u0131r, devam eden bir s\u00fcre\u00e7 var. Temyiz a\u015famas\u0131nda umuyorum ki yarg\u0131 \u015f\u00fcpheleri giderecek ad\u0131mlar\u0131 atacakt\u0131r.<\/p>\n<p style=\"text-align: justify;\"><strong>H\u0130\u00c7B\u0130R SU\u00c7 KARANLIKTA KALMAYACAK<\/strong><\/p>\n<p style=\"text-align: justify;\">Ak Parti&#8217;nin kapat\u0131lmas\u0131 g\u00fcndemdeyken ana muhalefet Ankara&#8217;da hakimler, savc\u0131lar varm\u0131\u015f dedi. Ak Parti&#8217;nin kapat\u0131lmas\u0131 i\u00e7in neredeyse sokaklara d\u00f6k\u00fcl\u00fcp tencere dava dola\u015facaklard\u0131. Bumerang gibi b\u00fct\u00fcn oyunlar\u0131 bozuldu. Millet Allah&#8217;tan sonra en b\u00fcy\u00fck g\u00fc\u00e7t\u00fcr ve onun hesab\u0131n\u0131 sordu. Hi\u00e7bir su\u00e7 karanl\u0131kta kalmayacak. Hi\u00e7bir faili me\u00e7hul kalmayacak. Sivil dikta, KCK, PKK ve di\u011ferlerinin fa\u015fizm, \u0131rk\u00e7\u0131l\u0131k \u00f6zlemleri kar\u015f\u0131s\u0131nda bizi ve aziz milletimizi bulacak.Tek parti d\u00f6neminin CHP zihniyeti bu \u00fclkede tekrar ye\u015ferme imkan\u0131 bulamayacak.<\/p>\n<p style=\"text-align: justify;\">PKK, KCK, bunlar\u0131n uzant\u0131s\u0131 her hadisede h\u00fck\u00fcmeti ve partimizi itham ediyor. CHP parma\u011f\u0131na k\u0131ym\u0131k batsa iktidar\u0131 sorumlu tutuyor. Yarg\u0131 karar\u0131yla operasyon yap\u0131l\u0131r, h\u00fck\u00fcmet ele\u015ftirilir, tutukluluk yap\u0131l\u0131r, h\u00fck\u00fcmet ele\u015ftirilir. Yasal dinlemeler Ak Parti d\u00f6nemin demi yap\u0131ld\u0131? Bizden \u00f6nceki uygulamalar. Yarg\u0131 birilerinin arka bah\u00e7esiydi. Yarg\u0131 birilerinin de\u011fil milletin bah\u00e7esi oldu. Bunu hazmedemiyorlar.<\/p>\n<p style=\"text-align: justify;\"><strong>FEZLEKEDEN KAHRAMAN \u00c7IKARMAYA \u00c7ALI\u015eIYORLAR<\/strong><\/p>\n<p style=\"text-align: justify;\">CHP lideri hakk\u0131nda fezleke haz\u0131rland\u0131. Bu fezlekeden bir kahraman \u00e7\u0131karmak i\u00e7in kampanya d\u00fczenlediler. Silivri&#8217;ye tiyatro diyorlar. Tiyatro Silivri&#8217;de de\u011fil, CHP grubunda. K\u0131l\u0131\u00e7daro\u011flu&#8217;nun tam 13 tane fezlekesi var.<\/p>\n<p style=\"text-align: justify;\"><a href=\"http:\/\/www.gazeteport.com.tr\/haber\/74722\/quotankara_artik_miyop_degilquot\" target=\"_blank\">Kaynak : GAZETEPORT<\/a><\/p>\n","protected":false},"excerpt":{"rendered":"<p style=\"text-align: center;\">\n<p style=\"text-align: justify;\">Dink davas\u0131 hakk\u0131nda konu\u015fan Ba\u015fbakan Erdo\u011fan, &#8220;Dink&#8217;in davas\u0131 kimsenin endi\u015fesi olmas\u0131n Ankara&#8217;n\u0131n derin dehlizlerinde kaybolmaz, kaybolamaz&#8221; dedi. Erdo\u011fan, 19 May\u0131s tart\u0131\u015fmalar\u0131yla ilgili de ilk kez konu\u015ftu.<\/p>\n<p style=\"text-align: justify;\">ANKARA- Ba\u015fbakan Recep Tayyip Erdo\u011fan, Ankara Arena Spor Salonu&#8217;nda, Kuzey Ankara Giri\u015fi Kentsel D\u00f6n\u00fc\u015f\u00fcm Projesi hak sahibi kura \u00e7ekimi t\u00f6renine kat\u0131ld\u0131.<\/p>\n","protected":false},"author":1,"featured_media":0,"comment_status":"open","ping_status":"open","sticky":false,"template":"","format":"standard","meta":{"footnotes":""},"categories":[105],"tags":[],"class_list":["post-47036","post","type-post","status-publish","format-standard","hentry","category-gundem","odd"],"_links":{"self":[{"href":"http:\/\/www.korhanyilmaz.com\/index.php?rest_route=\/wp\/v2\/posts\/47036","targetHints":{"allow":["GET"]}}],"collection":[{"href":"http:\/\/www.korhanyilmaz.com\/index.php?rest_route=\/wp\/v2\/posts"}],"about":[{"href":"http:\/\/www.korhanyilmaz.com\/index.php?rest_route=\/wp\/v2\/types\/post"}],"author":[{"embeddable":true,"href":"http:\/\/www.korhanyilmaz.com\/index.php?rest_route=\/wp\/v2\/users\/1"}],"replies":[{"embeddable":true,"href":"http:\/\/www.korhanyilmaz.com\/index.php?rest_route=%2Fwp%2Fv2%2Fcomments&post=47036"}],"version-history":[{"count":0,"href":"http:\/\/www.korhanyilmaz.com\/index.php?rest_route=\/wp\/v2\/posts\/47036\/revisions"}],"wp:attachment":[{"href":"http:\/\/www.korhanyilmaz.com\/index.php?rest_route=%2Fwp%2Fv2%2Fmedia&parent=47036"}],"wp:term":[{"taxonomy":"category","embeddable":true,"href":"http:\/\/www.korhanyilmaz.com\/index.php?rest_route=%2Fwp%2Fv2%2Fcategories&post=47036"},{"taxonomy":"post_tag","embeddable":true,"href":"http:\/\/www.korhanyilmaz.com\/index.php?rest_route=%2Fwp%2Fv2%2Ftags&post=47036"}],"curies":[{"name":"wp","href":"https:\/\/api.w.org\/{rel}","templated":true}]}}