{"id":47032,"date":"2012-01-20T13:39:53","date_gmt":"2012-01-20T11:39:53","guid":{"rendered":"http:\/\/www.korhanyilmaz.com\/?p=47032"},"modified":"2012-01-20T16:43:20","modified_gmt":"2012-01-20T14:43:20","slug":"kilicdaroglu-turkiyede-adalet-yok","status":"publish","type":"post","link":"http:\/\/www.korhanyilmaz.com\/?p=47032","title":{"rendered":"K\u0131l\u0131\u00e7daro\u011flu: T\u00fcrkiye&#8217;de adalet yok"},"content":{"rendered":"<p style=\"text-align: center;\"><a href=\"http:\/\/www.korhanyilmaz.com\/wp-content\/uploads\/2012\/01\/9321.jpg\"  class=\"lightview\"><img loading=\"lazy\" decoding=\"async\" class=\"aligncenter  wp-image-47033\" src=\"http:\/\/www.korhanyilmaz.com\/wp-content\/uploads\/2012\/01\/9321.jpg\" alt=\"\" width=\"396\" height=\"180\" \/><\/a><\/p>\n<p style=\"text-align: justify;\">CHP lideri K\u0131l\u0131\u00e7daro\u011flu, Dink davas\u0131 hakk\u0131nda konu\u015ftu: HSYK olaya m\u00fcdahil olmal\u0131.<\/p>\n<p style=\"text-align: justify;\">KOCAEL\u0130- CHP Genel Ba\u015fkan\u0131 Kemal K\u0131l\u0131\u00e7daro\u011flu, Bolu\u2019da semt pazar\u0131nda tan\u0131\u015ft\u0131\u011f\u0131 pazarc\u0131 \u0130smail Uluda\u011f\u2019\u0131n daveti \u00fczerine, \u0130zmit\u2019e giderken ziyaret etti\u011fi Uluda\u011f ailesinin evinde kahvalt\u0131 yapt\u0131. K\u0131l\u0131\u00e7daro\u011flu ba\u011fda\u015f kurup yer sofras\u0131nda kaymak, bal, cevizli b\u00f6rek yedi.\u00a0<!--more--><\/p>\n<p style=\"text-align: justify;\">CHP lideri Kemal K\u0131l\u0131\u00e7daro\u011flu, daha \u00f6nce se\u00e7im \u00e7al\u0131\u015fmalar\u0131 s\u0131ras\u0131nda Bolu\u2019da semt pazar\u0131nda tan\u0131\u015ft\u0131\u011f\u0131 \u0130smail Uluda\u011f\u2019\u0131n daveti \u00fczerine Ankara\u2019dan \u0130zmit\u2019e giderken Uluda\u011f ailesini ziyaret etti. Karacaa\u011fa\u00e7 Mahallesi\u2019nde oturan \u0130smail Uluda\u011f\u2019\u0131n evine gelen K\u0131l\u0131\u00e7daro\u011flu, haz\u0131rlanan yer sofras\u0131na ba\u011fda\u015f kurup oturarak kahvalt\u0131 yapt\u0131.<\/p>\n<p style=\"text-align: justify;\">Genel Ba\u015fkan Yard\u0131mc\u0131s\u0131 G\u00fcrsel Tekin, CHP Bolu Milletvekili Tanju \u00d6zcan, CHP Bolu \u0130l Ba\u015fkan\u0131 Mehmet Karaka\u015fo\u011flu, \u0130smail Uluda\u011f ile ayn\u0131 sofrada bal, kaymak, domates, biber, zeytin, salam, yumurta, re\u00e7el, peynir ve cevizli b\u00f6rek yiyip \u00e7ay i\u00e7en K\u0131l\u0131\u00e7daro\u011flu, aile ile sohbet etti. Di\u011fer partililer ise ayn\u0131 odada kurulan yer sofras\u0131nda kahvalt\u0131 yapt\u0131.<\/p>\n<p style=\"text-align: justify;\">K\u0131l\u0131\u00e7daro\u011flu, \u0130smail Uluda\u011f\u2019\u0131n takdir belgesi alan 5\u2019inci s\u0131n\u0131f \u00f6\u011frencisi k\u0131z\u0131 Ceren Uluda\u011f\u2019\u0131n karnesine bakt\u0131ktan sonra tebrik etti. Ceren, sofrada oturan K\u0131l\u0131\u00e7daro\u011flu\u2019na arkadan sar\u0131larak foto\u011fraf \u00e7ektirdi. K\u00fc\u00e7\u00fck k\u0131z, K\u0131l\u0131\u00e7daro\u011flu\u2019na, &#8220;Sizi \u00e7ok be\u011feniyorum. Hep g\u00f6rmek istiyordum. Evimize geldi\u011finiz i\u00e7in \u00e7ok sevin\u00e7liyim&#8221; dedi. G\u00fcrsel Tekin ile birlikte tebess\u00fcm eden K\u0131l\u0131\u00e7daro\u011flu, &#8220;Ben de sizinle birlikte kahvalt\u0131 yapt\u0131\u011f\u0131m i\u00e7in \u00e7ok mutluyum&#8221; diye konu\u015ftu.<\/p>\n<p style=\"text-align: justify;\">Kahvalt\u0131 yapt\u0131ktan sonra salona ge\u00e7en K\u0131l\u0131\u00e7daro\u011flu, kendisini g\u00f6rmeye gelen mahalleli kad\u0131nlarla sohbet etti. K\u0131l\u0131\u00e7daro\u011flu, daha sonra \u0130zmit\u2019e gitti.<\/p>\n<p style=\"text-align: justify;\"><strong>&#8216;C\u0130NAYET\u0130N \u00d6RG\u00dcTS\u00dcZ \u0130\u015eLEND\u0130\u011e\u0130NE DA\u0130R VER\u0130LEN KARAR DO\u011eRU B\u0130R KARAR DE\u011e\u0130L&#8217;<\/strong><\/p>\n<p style=\"text-align: justify;\">Kemal K\u0131l\u0131\u00e7daro\u011flu, Bolu&#8217;da Uluda\u011f ailesinin evinde mahalleli kad\u0131nlarla sohbet ettikten sonra gazetecilerin sorular\u0131n\u0131 yan\u0131tlad\u0131. Bir gazetecinin, &#8220;Hrant Dink davas\u0131 ile ilgili olarak ne s\u00f6yleyeceksiniz?&#8221; sorusunu K\u0131l\u0131\u00e7daro\u011flu, \u015f\u00f6yle cevaplad\u0131:<\/p>\n<p style=\"text-align: justify;\">&#8220;Toplum vicdan\u0131n\u0131 b\u00fcy\u00fck \u00f6l\u00e7\u00fcde rahats\u0131z etti. Toplumun t\u00fcm kesimlerinden tepki var. \u00d6zellikle b\u00f6yle bir cinayetin \u00f6rg\u00fcts\u00fcz i\u015flendi\u011fine dair verilen karar, ger\u00e7ekten do\u011fru bir karar de\u011fil. Bu konuda y\u00fczlerce yaz\u0131 yaz\u0131ld\u0131, kitaplar yaz\u0131ld\u0131, \u00f6rg\u00fct\u00fcn varl\u0131\u011f\u0131 ortaya konuldu. \u00d6zellikle kamu i\u00e7inde cinayete dolayl\u0131 da olsa destek verenlerin isimleri a\u00e7\u0131kland\u0131. O d\u00f6nem istihbaratta g\u00f6rev yapan isimler, tek tek kamuoyunun \u00f6n\u00fcne getirildi. Ama b\u00fct\u00fcn bunlar\u0131n tamam\u0131 g\u00f6rmezlikten gelindi. Ve b\u00f6yle bir karar \u00e7\u0131kt\u0131. Ve o karardan \u00f6t\u00fcr\u00fc hem yarg\u0131\u00e7 hem savc\u0131 birbirlerine d\u00fc\u015ft\u00fcler. Demek ki verilen do\u011fru bir karar de\u011fil.&#8221;<\/p>\n<p style=\"text-align: justify;\">K\u0131l\u0131\u00e7daro\u011flu hukukun toplum vicdan\u0131na uygun tecelli etmesi gerekti\u011fini ifade etti. K\u0131l\u0131\u00e7daro\u011flu, \u015f\u00f6yle devam etti:<\/p>\n<p style=\"text-align: justify;\">&#8220;E\u011fer onbinler verilen karar\u0131 protesto ediyorsa, demek ki toplum vicdan\u0131nda kabul g\u00f6ren bir karar da de\u011fil. T\u00fcrkiye Cumhuriyeti e\u011fer hukukun \u00fcst\u00fcnl\u00fc\u011f\u00fcne inan\u0131yorsa, hukukun \u00fcst\u00fcnl\u00fc\u011f\u00fcn\u00fc bu \u00fclkede, bu co\u011frafyada egemen k\u0131lmak istiyorsa hukukun toplum vicdan\u0131na uygun tecelli etmesi laz\u0131m. Ama siyasi otoriterin istemleri do\u011frultusunda, kararlar\u0131 do\u011frultusunda e\u011fer siz oturup hukuk olu\u015fturuyorsan\u0131z, bu hukuk evrensel hukukla her zaman \u00e7at\u0131\u015f\u0131r. Geldi\u011fimiz nokta da bu. \u00d6teden beri \u00fczerinde durdu\u011fumuz bir konu var. Yarg\u0131, ba\u011f\u0131ms\u0131z ve tarafs\u0131z olsun. Yarg\u0131, siyasi otoritenin eline girmesin. Ama tam tersine anayasa referandum s\u00fcreci sonras\u0131nda geli\u015fen olaylar: Yarg\u0131 eskiden de ba\u011f\u0131ms\u0131z de\u011fildi, \u015fimdi tam ba\u011f\u0131ml\u0131 hale geldi. Bu bizim i\u00e7in \u00fcz\u00fcnt\u00fc verici bir olay.&#8221;<\/p>\n<p style=\"text-align: justify;\"><strong>\u0130ST\u0130HBARAT K\u0130MDEN GELD\u0130?<\/strong><\/p>\n<p style=\"text-align: justify;\">K\u0131l\u0131\u00e7daro\u011flu, bir gazetecinin Irak s\u0131n\u0131r\u0131ndaki Uludere&#8217;de ya\u015fanan olaya ili\u015fkin sorusuna da &#8221;Uzun y\u0131llard\u0131r ter\u00f6r\u00fcn bitmesi konusunda, siyasi otoriteler kendi \u00fcstlerine d\u00fc\u015fen ve kendi felsefelerine, programlar\u0131na uygun olarak m\u00fccadele ediyorlar. Ama geldi\u011fimiz s\u00fcre\u00e7te bunda ba\u015far\u0131l\u0131 olmad\u0131klar\u0131 ortaya \u00e7\u0131km\u0131\u015ft\u0131r&#8221; diye konu\u015ftu.<\/p>\n<p style=\"text-align: justify;\">Ter\u00f6r\u00fcn sona ermesi i\u00e7in yeni ve sa\u011fl\u0131kl\u0131 projelerin \u00fcretilmesi gerekti\u011fini dile getiren K\u0131l\u0131\u00e7daro\u011flu, \u015f\u00f6yle devam etti:<\/p>\n<p style=\"text-align: justify;\">&#8221;H\u00fck\u00fcmetin bu konuda \u00e7ok net bir tav\u0131r tak\u0131nmas\u0131 gerekiyor ama ortada b\u00f6yle bir \u015fey g\u00f6rmedik. Uludere&#8217;de \u00f6ld\u00fcr\u00fclen 34 yurtta\u015f\u0131m\u0131zla ilgili olarak ben \u015fu soruyu sormu\u015ftum. Bu istihbarat\u0131 kimden ald\u0131n\u0131z? Bu sorunun yan\u0131t\u0131 \u015fu ana kadar al\u0131nm\u0131\u015f de\u011fil. \u0130stihbarat\u0131n kimden geldi\u011fi belli asl\u0131nda. \u00c7\u00fcnk\u00fc bu istihbarat yaz\u0131l\u0131 olarak Genelkurmaya gitmi\u015ftir. Genelkurmay bunun gere\u011fini yerine getirmi\u015ftir ve h\u00fck\u00fcmet Genelkurmay&#8217;\u0131n g\u00f6revini tam yapt\u0131\u011f\u0131n\u0131 s\u00f6yl\u00fcyor. Say\u0131n Ba\u015fbakan a\u00e7\u0131k\u00e7a destek veriyor. O zaman bizim sormam\u0131z gereken bir soru var. \u0130stihbarat\u0131n kimden geldi\u011fi a\u00e7\u0131klan\u0131rsa, 34 yurtta\u015f\u0131m\u0131z\u0131n kimler taraf\u0131ndan \u00f6ld\u00fcr\u00fcld\u00fc\u011f\u00fc de a\u00e7\u0131\u011fa \u00e7\u0131km\u0131\u015f olur.&#8221;<\/p>\n<p style=\"text-align: justify;\"><strong>T\u00dcRK\u0130YE&#8217;DE ADALET YOK<\/strong><\/p>\n<p style=\"text-align: justify;\">K\u0131l\u0131\u00e7daro\u011flu, Agos Gazetesi Genel Yay\u0131n Y\u00f6netmeni Hrant Dink&#8217;in \u00f6ld\u00fcr\u00fclmesine ili\u015fkin mahkemece verilen karar\u0131 de\u011ferlendirirken, &#8221;T\u00fcrkiye&#8217;de adalet yok. &#8216;Hukukun \u00fcst\u00fcnl\u00fc\u011f\u00fc&#8217; diye bir kavram sadece kitaplarda yaz\u0131l\u0131. Yarg\u0131n\u0131n kendi i\u00e7indeki tart\u0131\u015fmalar bile olay\u0131n vahametini g\u00f6steriyor. Yarg\u0131n\u0131n ba\u011f\u0131ms\u0131z ve tarafs\u0131z olmas\u0131 \u00e7ok \u00f6nemli. Tarafs\u0131zl\u0131\u011f\u0131n\u0131 ve ba\u011f\u0131ms\u0131zl\u0131\u011f\u0131n\u0131 kaybetmi\u015f bir yarg\u0131 adalet da\u011f\u0131tamaz&#8221; dedi. K\u0131l\u0131\u00e7daro\u011flu, Gebze&#8217;deki Marmara Nakliyeciler Terminali&#8217;ni ziyaret ederek, kamyoncular\u0131n sorunlar\u0131n\u0131 dinledi.<\/p>\n<p style=\"text-align: justify;\">Toplant\u0131n\u0131n sonunda gazetecilerin g\u00fcndeme ili\u015fkin sorular\u0131n\u0131 cevapland\u0131ran K\u0131l\u0131\u00e7daro\u011flu, &#8221;Cumhurba\u015fkan\u0131 G\u00fcl&#8217;\u00fcn bir a\u00e7\u0131klamas\u0131 oldu ve &#8216;CHP g\u00f6rev s\u00fcresinin 5 y\u0131l oldu\u011funu d\u00fc\u015f\u00fcn\u00fcyorsa Anayasa Mahkemesine gidecektir&#8217; dedi. Bu konuda ne diyeceksiniz?&#8221; sorusuna &#8221;Bu s\u00f6ylemi ve ilgili yasay\u0131 sal\u0131 g\u00fcn\u00fc grup toplant\u0131s\u0131nda de\u011ferlendirece\u011fiz&#8221; kar\u015f\u0131l\u0131\u011f\u0131n\u0131 verdi. Agos Gazetesi Genel Yay\u0131n Y\u00f6netmeni Hrant Dink&#8217;in \u00f6ld\u00fcr\u00fclmesine ili\u015fkin mahkemece verilen karar\u0131 nas\u0131l de\u011ferlendirdi\u011finin sorulmas\u0131 \u00fczerine de \u015funlar\u0131 kaydetti:<\/p>\n<p style=\"text-align: justify;\">&#8221;T\u00fcrkiye&#8217;de adalet yok. &#8216;Hukukun \u00fcst\u00fcnl\u00fc\u011f\u00fc&#8217; diye bir kavram sadece kitaplarda yaz\u0131l\u0131. Yarg\u0131n\u0131n kendi i\u00e7indeki tart\u0131\u015fmalar bile olay\u0131n vahametini g\u00f6steriyor. O nedenle yarg\u0131n\u0131n ba\u011f\u0131ms\u0131z ve tarafs\u0131z olmas\u0131 \u00e7ok \u00f6nemli. Tarafs\u0131zl\u0131\u011f\u0131n\u0131 ve ba\u011f\u0131ms\u0131zl\u0131\u011f\u0131n\u0131 kaybetmi\u015f bir yarg\u0131 adalet da\u011f\u0131tamaz. Savc\u0131lar\u0131n olaya m\u00fcdahil olmas\u0131 laz\u0131m. &#8216;\u00d6rg\u00fct var&#8217; deniliyor. Bir ba\u015fka kesim &#8216;Yok&#8217; diyor. Paras\u0131z e\u011fitim isteyen \u00fcniversite \u00f6\u011frencilerini \u00f6rg\u00fctl\u00fc diye al\u0131yorsunuz aylarca hapiste tutuyorsunuz. Cinayet i\u015fleniyor, Trabzon&#8217;dan Ankara&#8217;ya kadar uzanan bir s\u00fcre\u00e7 var. O s\u00fcrecin i\u00e7inde pek \u00e7ok kamu g\u00f6revlisi var ama ortada \u00f6rg\u00fct\u00fc bulam\u0131yorsunuz. B\u00f6yle adalet olur mu?&#8221;<\/p>\n<p style=\"text-align: justify;\">K\u0131l\u0131\u00e7daro\u011flu, &#8221;\u0130zmir B\u00fcy\u00fck\u015fehir Belediye Ba\u015fkan\u0131 Aziz Kocao\u011flu i\u00e7in 400 y\u0131l ceza istenmesi konusunda ne diyeceksiniz?&#8221; \u015feklindeki soruya da &#8221;400 y\u0131l az. Bence 1000 y\u0131l olsa daha iyi olurdu. Adalet b\u00f6ylece tecelli ederdi&#8221; diye cevapland\u0131rd\u0131. Nakliyecilerin \u00e7ok ciddi sorunlar\u0131 oldu\u011funu ifade eden K\u0131l\u0131\u00e7daro\u011flu, &#8221;AKP &#8216;Yol yapt\u0131k&#8217; diyor ama kamyoncular mazotun pahall\u0131l\u0131\u011f\u0131ndan yolu kullanam\u0131yor ki. Bu y\u00fczbinlerin sorunlar\u0131n\u0131 dile getirmeliyiz. Ge\u00e7inemiyor kamyoncular. Garajlar\u0131 \u00e7amur i\u00e7inde&#8221; diye konu\u015ftu. K\u0131l\u0131\u00e7daro\u011flu, kamyonculardan \u00f6nce de Sakaryal\u0131lar Derne\u011fini ziyaret etti.<\/p>\n<p style=\"text-align: justify;\">B\u00f6lgedeki sanayile\u015fmenin \u00e7evrede ya\u015fayanlar\u0131n sa\u011fl\u0131\u011f\u0131n\u0131 tehdit etti\u011fini \u00f6ne s\u00fcren dernek \u00fcyeleriyle sohbet eden K\u0131l\u0131\u00e7aro\u011flu, \u015f\u00f6yle konu\u015ftu:<\/p>\n<p style=\"text-align: justify;\">&#8221;T\u00fcrkiye&#8217;nin pek \u00e7ok ili organize sanayi beklerken sadece bir yerde yo\u011funla\u015fma insanlar\u0131 d\u0131\u015flama anlam\u0131na geliyor. Oysa sanayiye &#8216;Evet&#8217; diyoruz ama sanayi insan i\u00e7in cand\u0131r. E\u011fer insan\u0131 sanayiden uzakla\u015ft\u0131r\u0131rsan\u0131z bu do\u011fru bir uygulama de\u011fil. Dilovas\u0131&#8217;n\u0131n \u00e7evre sorunlar\u0131n\u0131n takip\u00e7isi olaca\u011f\u0131z. Sanayinin de sanayicinin de belirli plan i\u00e7inde hareket etmesi ve \u00e7evreye kar\u015f\u0131 duyarl\u0131 olmas\u0131 gerekir. Bu b\u00f6lgede \u00e7evre sorunlar\u0131ndan s\u00f6z edenler, \u00f6zellikle b\u00fcrokratlar bir \u015fekilde susturuluyor. Bizim sesimizin daha g\u00fcr \u00e7\u0131kmas\u0131 i\u00e7in bize destek vermelisiniz. Buradan AKP&#8217;ye y\u00fczde 58 oy \u00e7\u0131kt\u0131. &#8216;Y\u00fczde 58 oy verdik ba\u015f\u0131m\u0131za bunlar geldi&#8217; diye bir d\u00fc\u015f\u00fcn\u00fcn. Ben de size s\u00f6z veriyorum sorunlar\u0131n\u0131za sahip \u00e7\u0131kaca\u011f\u0131z.&#8221;<\/p>\n<p style=\"text-align: justify;\"><a href=\"http:\/\/www.gazeteport.com.tr\/haber\/74691\/kilicdaroglu_turkiyede_adalet_yok\" target=\"_blank\">Kaynak : GAZETEPORT<\/a><\/p>\n","protected":false},"excerpt":{"rendered":"<p style=\"text-align: center;\">\n<p style=\"text-align: justify;\">CHP lideri K\u0131l\u0131\u00e7daro\u011flu, Dink davas\u0131 hakk\u0131nda konu\u015ftu: HSYK olaya m\u00fcdahil olmal\u0131.<\/p>\n<p style=\"text-align: justify;\">KOCAEL\u0130- CHP Genel Ba\u015fkan\u0131 Kemal K\u0131l\u0131\u00e7daro\u011flu, Bolu\u2019da semt pazar\u0131nda tan\u0131\u015ft\u0131\u011f\u0131 pazarc\u0131 \u0130smail Uluda\u011f\u2019\u0131n daveti \u00fczerine, \u0130zmit\u2019e giderken ziyaret etti\u011fi Uluda\u011f ailesinin evinde kahvalt\u0131 yapt\u0131. K\u0131l\u0131\u00e7daro\u011flu ba\u011fda\u015f kurup yer sofras\u0131nda kaymak, bal, cevizli b\u00f6rek yedi. <\/p>\n","protected":false},"author":1,"featured_media":0,"comment_status":"open","ping_status":"open","sticky":false,"template":"","format":"standard","meta":{"footnotes":""},"categories":[105],"tags":[],"class_list":["post-47032","post","type-post","status-publish","format-standard","hentry","category-gundem","odd"],"_links":{"self":[{"href":"http:\/\/www.korhanyilmaz.com\/index.php?rest_route=\/wp\/v2\/posts\/47032","targetHints":{"allow":["GET"]}}],"collection":[{"href":"http:\/\/www.korhanyilmaz.com\/index.php?rest_route=\/wp\/v2\/posts"}],"about":[{"href":"http:\/\/www.korhanyilmaz.com\/index.php?rest_route=\/wp\/v2\/types\/post"}],"author":[{"embeddable":true,"href":"http:\/\/www.korhanyilmaz.com\/index.php?rest_route=\/wp\/v2\/users\/1"}],"replies":[{"embeddable":true,"href":"http:\/\/www.korhanyilmaz.com\/index.php?rest_route=%2Fwp%2Fv2%2Fcomments&post=47032"}],"version-history":[{"count":0,"href":"http:\/\/www.korhanyilmaz.com\/index.php?rest_route=\/wp\/v2\/posts\/47032\/revisions"}],"wp:attachment":[{"href":"http:\/\/www.korhanyilmaz.com\/index.php?rest_route=%2Fwp%2Fv2%2Fmedia&parent=47032"}],"wp:term":[{"taxonomy":"category","embeddable":true,"href":"http:\/\/www.korhanyilmaz.com\/index.php?rest_route=%2Fwp%2Fv2%2Fcategories&post=47032"},{"taxonomy":"post_tag","embeddable":true,"href":"http:\/\/www.korhanyilmaz.com\/index.php?rest_route=%2Fwp%2Fv2%2Ftags&post=47032"}],"curies":[{"name":"wp","href":"https:\/\/api.w.org\/{rel}","templated":true}]}}