{"id":47028,"date":"2012-01-20T13:12:11","date_gmt":"2012-01-20T11:12:11","guid":{"rendered":"http:\/\/www.korhanyilmaz.com\/?p=47028"},"modified":"2012-01-20T14:41:54","modified_gmt":"2012-01-20T12:41:54","slug":"chpden-katsayi-kararina-iptal-basvurusu","status":"publish","type":"post","link":"http:\/\/www.korhanyilmaz.com\/?p=47028","title":{"rendered":"CHP&#8217;den katsay\u0131 karar\u0131na iptal ba\u015fvurusu"},"content":{"rendered":"<p style=\"text-align: justify;\"><a href=\"http:\/\/www.korhanyilmaz.com\/wp-content\/uploads\/2012\/01\/92421.png\"  class=\"lightview\"><img loading=\"lazy\" decoding=\"async\" class=\"aligncenter size-full wp-image-47029\" title=\"\" src=\"http:\/\/www.korhanyilmaz.com\/wp-content\/uploads\/2012\/01\/92421.png\" alt=\"\" width=\"200\" height=\"236\" \/><\/a><\/p>\n<p style=\"text-align: justify;\">CHP \u0130stanbul Milletvekili Fatma Nur Serter ile U\u015fak Milletvekili Dilek Akag\u00fcn Y\u0131lmaz, Dan\u0131\u015ftay\u2019a ayr\u0131 ayr\u0131 yapt\u0131klar\u0131 ba\u015fvuruda katsay\u0131 uygulamas\u0131n\u0131n iptali ve y\u00fcr\u00fctmenin durdurulmas\u0131 i\u00e7in dava a\u00e7t\u0131.<\/p>\n<p style=\"text-align: justify;\">CHP Konya Milletvekili ve Anayasa Komisyonu \u00fcyesi Atilla Kart, \u201cCumhurba\u015fkan\u0131n\u0131n yine kendi sorumlulu\u011funun gere\u011fini yapmayarak, bir \u00f6z g\u00fcven ve sorumluluk anlay\u0131\u015f\u0131n\u0131n i\u00e7ine girmeyerek, kendince CHP \u00fczerinden bu s\u00fcreci a\u015fmaya \u00e7al\u0131\u015ft\u0131\u011f\u0131n\u0131 g\u00f6r\u00fcyoruz. CHP, Anayasasal g\u00f6revinin gere\u011fini yapacakt\u0131r\u201d dedi.\u00a0<!--more--><\/p>\n<p style=\"text-align: justify;\">ANKA\u2019ya konu\u015fan Kart, Cumhurba\u015fkan\u0131 Abdullah G\u00fcl\u2019\u00fcn, TBMM Genel Kurulunda kabul edilen Cumhurba\u015fkan\u0131 Se\u00e7imi Kanunu\u2019na ili\u015fkin, \u201cAnayasaya ayk\u0131r\u0131l\u0131\u011f\u0131 iddia ediliyorsa anamuhalefet partisi Anayasa Mahkemesine herhalde gidecektir\u201d s\u00f6zlerini de\u011ferlendirdi. \u201cCumhurba\u015fkan\u0131 pek \u00e7ok y\u00f6n\u00fcyle son derece s\u0131k\u0131nt\u0131l\u0131\u201d diyen Kart, \u201cNiye s\u0131k\u0131nt\u0131l\u0131? \u00c7\u00fcnk\u00fc yarat\u0131lm\u0131\u015f olan bu hukuk kaosunun sorumlular\u0131ndan biriydi. Anayasal anlamda yarat\u0131lm\u0131\u015f olan bu \u2018ucube\u2019 yap\u0131lanman\u0131n sorumlular\u0131n birisi de Say\u0131n Cumhurba\u015fkan\u0131d\u0131r\u201d dedi. Gelinen noktada G\u00fcl\u2019\u00fcn, bir taraftan bu sorumlulu\u011funun ve AKP ile yol arkada\u015fl\u0131\u011f\u0131n\u0131n yaratt\u0131\u011f\u0131 ili\u015fkilerle, di\u011fer taraftan hukukun ve Anayasan\u0131n gere\u011fi bak\u0131m\u0131ndan yol ayr\u0131m\u0131nda oldu\u011funu ifade eden Kart, \u015f\u00f6yle devam etti:<\/p>\n<p style=\"text-align: justify;\">\u201cBu gibi durumlarda T\u00fcrkiye Cumhuriyeti\u2019nin Cumhurba\u015fkanlar\u0131na d\u00fc\u015fen, temel g\u00f6rev ve tercih elbette hukuka ve Anayasaya sahip \u00e7\u0131kmakt\u0131r. Ki\u015fisel konumu ve kayg\u0131lar\u0131n\u0131n \u00fcst\u00fcne \u00e7\u0131karak, Cumhurba\u015fkan\u0131 bu karar\u0131 vermelidir. Cumhurba\u015fkan\u0131n\u0131n yine kendi sorumlulu\u011funun gere\u011fini yapmayarak, bir \u00f6z g\u00fcven ve sorumluluk anlay\u0131\u015f\u0131n\u0131 i\u00e7ine girmeyerek, kendince CHP \u00fczerinden bu s\u00fcreci a\u015fmaya \u00e7al\u0131\u015ft\u0131\u011f\u0131n\u0131 g\u00f6r\u00fcyoruz. Ancak CHP, Anayasasal g\u00f6revinin gere\u011fini, hi\u00e7bir ki\u015fisel hesaba girmeden, sorumluluk anlay\u0131\u015f\u0131 i\u00e7inde yapacakt\u0131r.<\/p>\n<p style=\"text-align: justify;\">Di\u011fer taraftan Cumhurba\u015fkan\u0131 da g\u00f6revini, T\u00fcrkiye Cumhuriyeti\u2019nin Cumhurba\u015fkan\u0131 oldu\u011funu idrak ederek yerine getirmelidir, daha fazla ka\u00e7ak g\u00fcre\u015fmemelidir. T\u00fcrkiye Cumhuriyeti\u2019nin Cumhurba\u015fkanlar\u0131na ki\u015fisel ve siyasi hesab\u0131 olamaz, olmamal\u0131d\u0131r. Ki\u015fisel olarak ifade ediyorum; CHP Anayasa Mahkemesine gidecektir, gitmelidir.\u201d<\/p>\n<p style=\"text-align: justify;\"><a href=\"http:\/\/www.hurriyet.com.tr\/gundem\/19731404.asp\" target=\"_blank\">Kaynak : H\u00fcrriyet.com.tr<\/a><\/p>\n","protected":false},"excerpt":{"rendered":"<p style=\"text-align: justify;\">\n<p style=\"text-align: justify;\">CHP \u0130stanbul Milletvekili Fatma Nur Serter ile U\u015fak Milletvekili Dilek Akag\u00fcn Y\u0131lmaz, Dan\u0131\u015ftay\u2019a ayr\u0131 ayr\u0131 yapt\u0131klar\u0131 ba\u015fvuruda katsay\u0131 uygulamas\u0131n\u0131n iptali ve y\u00fcr\u00fctmenin durdurulmas\u0131 i\u00e7in dava a\u00e7t\u0131.<\/p>\n<p style=\"text-align: justify;\">CHP Konya Milletvekili ve Anayasa Komisyonu \u00fcyesi Atilla Kart, \u201cCumhurba\u015fkan\u0131n\u0131n yine kendi sorumlulu\u011funun gere\u011fini yapmayarak, bir \u00f6z g\u00fcven ve sorumluluk anlay\u0131\u015f\u0131n\u0131n i\u00e7ine <\/p>\n","protected":false},"author":1,"featured_media":0,"comment_status":"open","ping_status":"open","sticky":false,"template":"","format":"standard","meta":{"footnotes":""},"categories":[105],"tags":[],"class_list":["post-47028","post","type-post","status-publish","format-standard","hentry","category-gundem","odd"],"_links":{"self":[{"href":"http:\/\/www.korhanyilmaz.com\/index.php?rest_route=\/wp\/v2\/posts\/47028","targetHints":{"allow":["GET"]}}],"collection":[{"href":"http:\/\/www.korhanyilmaz.com\/index.php?rest_route=\/wp\/v2\/posts"}],"about":[{"href":"http:\/\/www.korhanyilmaz.com\/index.php?rest_route=\/wp\/v2\/types\/post"}],"author":[{"embeddable":true,"href":"http:\/\/www.korhanyilmaz.com\/index.php?rest_route=\/wp\/v2\/users\/1"}],"replies":[{"embeddable":true,"href":"http:\/\/www.korhanyilmaz.com\/index.php?rest_route=%2Fwp%2Fv2%2Fcomments&post=47028"}],"version-history":[{"count":0,"href":"http:\/\/www.korhanyilmaz.com\/index.php?rest_route=\/wp\/v2\/posts\/47028\/revisions"}],"wp:attachment":[{"href":"http:\/\/www.korhanyilmaz.com\/index.php?rest_route=%2Fwp%2Fv2%2Fmedia&parent=47028"}],"wp:term":[{"taxonomy":"category","embeddable":true,"href":"http:\/\/www.korhanyilmaz.com\/index.php?rest_route=%2Fwp%2Fv2%2Fcategories&post=47028"},{"taxonomy":"post_tag","embeddable":true,"href":"http:\/\/www.korhanyilmaz.com\/index.php?rest_route=%2Fwp%2Fv2%2Ftags&post=47028"}],"curies":[{"name":"wp","href":"https:\/\/api.w.org\/{rel}","templated":true}]}}