{"id":47022,"date":"2012-01-20T14:10:42","date_gmt":"2012-01-20T12:10:42","guid":{"rendered":"http:\/\/www.korhanyilmaz.com\/?p=47022"},"modified":"2012-01-20T14:38:06","modified_gmt":"2012-01-20T12:38:06","slug":"dogan-ailesine-ozel-tesekkur","status":"publish","type":"post","link":"http:\/\/www.korhanyilmaz.com\/?p=47022","title":{"rendered":"Do\u011fan Ailesi\u2019ne \u00f6zel te\u015fekk\u00fcr"},"content":{"rendered":"<p style=\"text-align: center;\"><a href=\"http:\/\/www.korhanyilmaz.com\/wp-content\/uploads\/2012\/01\/9318.jpg\"  class=\"lightview\"><img loading=\"lazy\" decoding=\"async\" class=\"aligncenter  wp-image-47023\" src=\"http:\/\/www.korhanyilmaz.com\/wp-content\/uploads\/2012\/01\/9318.jpg\" alt=\"\" width=\"320\" height=\"192\" \/><\/a><\/p>\n<p style=\"text-align: justify;\">Almanya Uyum Vakf\u0131\u2019n\u0131n yeni y\u0131l resepsiyonuna, \u015eans\u00f6lye Angela Merkel de kat\u0131ld\u0131. Merkel, \u00fclkedeki en b\u00fcy\u00fck yabanc\u0131 toplulu\u011funu olu\u015fturan T\u00fcrklerin topluma uyumuna yapt\u0131\u011f\u0131 katk\u0131lar nedeniyle, Do\u011fan Ailesi\u2019ne de \u00f6zellikle te\u015fekk\u00fcr etti ve ekledi: \u201cUyum konusunda iyi fikirlere her zaman a\u00e7\u0131\u011f\u0131z.\u201d\u00a0<!--more--><\/p>\n<p style=\"text-align: justify;\">ALMANYA \u015eans\u00f6lyesi Angela Merkel, Berlin\u2019de, Almanya Uyum Vakf\u0131\u2019n\u0131n Bertelsmann Vakf\u0131 binas\u0131nda verdi\u011fi yeni y\u0131l resepsiyonuna kat\u0131ld\u0131. Se\u00e7kin konuklara bir konu\u015fma yaparak Almanya\u2019daki yabanc\u0131lar\u0131n topluma uyumunun \u00f6nemini bir kez daha dile getiren Merkel, \u00fclkedeki T\u00fcrklerin topluma uyumuna yapt\u0131\u011f\u0131 katk\u0131lar nedeniyle, Do\u011fan Ailesi\u2019ne de \u00f6zellikle te\u015fekk\u00fcr etti. Uyumun ba\u015far\u0131s\u0131 i\u00e7in toplumun her kesimine g\u00f6revler d\u00fc\u015ft\u00fc\u011f\u00fcn\u00fc s\u00f6yleyen Merkel, \u201cUyuma b\u00fcy\u00fck \u00f6nem veriyoruz. Bunun i\u00e7indir ki, Uyum Zirvesi\u2019ni hayata ge\u00e7irdik. Uyum konusunda iyi fikirlere her zaman a\u00e7\u0131\u011f\u0131z\u201d dedi.<\/p>\n<p style=\"text-align: justify;\"><strong>\u00d6nlemler yolda\u00a0<\/strong><\/p>\n<p style=\"text-align: justify;\"><a href=\"http:\/\/www.korhanyilmaz.com\/wp-content\/uploads\/2012\/01\/9319.jpg\"  class=\"lightview\"><img loading=\"lazy\" decoding=\"async\" class=\"alignleft  wp-image-47024\" style=\"margin-left: 10px; margin-right: 10px;\" src=\"http:\/\/www.korhanyilmaz.com\/wp-content\/uploads\/2012\/01\/9319.jpg\" alt=\"\" width=\"280\" height=\"168\" \/><\/a>Ocak ay\u0131 sonunda toplanacak yeni uyum zirvesinde, federal d\u00fczeyde daha somut uyum planlar\u0131 haz\u0131rlayacaklar\u0131n\u0131 belirten Merkel, uyum politikalar\u0131n\u0131n hayat bulmas\u0131 i\u00e7in katk\u0131 sunan herkese te\u015fekk\u00fcr ederken \u201cAlmanya Uyum Vakf\u0131\u2019na ve Almanya\u2019daki bu insanlar\u0131n uyumuna yo\u011fun katk\u0131lar\u0131ndan dolay\u0131, Do\u011fan Ailesi\u2019ne \u00f6zellikle te\u015fekk\u00fcr ediyorum\u201d dedi. Almanya Ba\u015fbakan\u0131 Merkel, ayn\u0131 zamanda, Almanya Uyum Vakf\u0131\u2019na destek veren Burda Grubu ile Axel Springer ve Bertelsmann Vakf\u0131\u2019na da te\u015fekk\u00fcr etti.<\/p>\n<p style=\"text-align: justify;\"><strong>\u2018Dil \u00f6nemli anahtar\u2019\u00a0<\/strong><\/p>\n<p style=\"text-align: justify;\">Ba\u015fbakan Merkel, uyumun Almanca \u00f6\u011frenmekle ba\u015flad\u0131\u011f\u0131n\u0131n alt\u0131n\u0131 \u00e7izdi\u011fi konu\u015fmas\u0131nda, \u201cHer zaman s\u00f6yledi\u011fimiz gibi, uyumda dil \u00e7ok \u00f6nemli. \u0130nsanlar\u0131 dil \u00f6\u011frenmeleri konusunda cesaretlendirmeliyiz\u201d diyerek, Almanca \u00f6\u011freneceklere y\u00f6nelik yeni te\u015fviklerin sinyalini verdi. Sporun uyuma \u00e7ok \u00f6nemli katk\u0131s\u0131 oldu\u011funu da kaydeden Merkel, Almanya\u2019ya yeni gelen g\u00f6\u00e7menlerin, k\u00fclt\u00fcr ve ya\u015fam bi\u00e7imleriyle \u00fclkeye ayr\u0131 bir dinamizm sa\u011flad\u0131\u011f\u0131n\u0131 da dile getirdi. Uyumun, insanlar merakl\u0131 ve hareketli kald\u0131k\u00e7a ba\u015far\u0131ya ula\u015fabilece\u011finin alt\u0131n\u0131 \u00e7izen Merkel, \u201cUyumun ba\u015far\u0131ya ula\u015fmas\u0131nda Alman toplumuna da g\u00f6rev ve sorumluluk d\u00fc\u015f\u00fcyor. Alman toplumunun g\u00f6\u00e7menleri kabul etmeye haz\u0131r olmas\u0131, uyumu ba\u015far\u0131ya ta\u015f\u0131yacakt\u0131r. G\u00f6\u00e7menlere de sorumluluk d\u00fc\u015f\u00fcyor. Onlar\u0131n da uyuma istekli olduklar\u0131n\u0131 g\u00f6stermeleri gerekir\u201d dedi.<\/p>\n<p style=\"text-align: justify;\"><strong><a href=\"http:\/\/www.korhanyilmaz.com\/wp-content\/uploads\/2012\/01\/9320.jpg\"  class=\"lightview\"><img loading=\"lazy\" decoding=\"async\" class=\"alignright  wp-image-47025\" style=\"margin-left: 10px; margin-right: 10px;\" src=\"http:\/\/www.korhanyilmaz.com\/wp-content\/uploads\/2012\/01\/9320.jpg\" alt=\"\" width=\"280\" height=\"168\" \/><\/a>UYUM \u0130\u00c7\u0130N EL ELE\u00a0<\/strong><\/p>\n<p style=\"text-align: justify;\">\u0130\u015fte Almanya Uyum Vakf\u0131\u2019n\u0131n yeni y\u0131l resepsiyonuna kat\u0131lan konuklar:<\/p>\n<p style=\"text-align: justify;\">Almanya Ba\u015fbakan\u0131 Angela Merkel, Almanya Uyum Vakf\u0131 Y\u00f6netim Kurulu \u00fcyesi ve Federal H\u00fck\u00fcmetin G\u00f6\u00e7 ve Uyumdan Sorumlu Devlet Bakan\u0131 Maria B\u00f6hmer, Vak\u0131f Kuratoryum Ba\u015fkan\u0131 Prof. Dr. Hubert Burda, \u00fcyeler Ayd\u0131n Do\u011fan, Liz Mohn, Vakf\u0131n Y\u00f6netim Kurulu \u00fcyeleri Sevda Boduro\u011flu, Wolfgang F\u00fcrstner, Kai Diekmann, \u0130brahim Evsan, Dr. Thomas Gauly, Uli Hoeness ve Dr. Tonio Kr\u00f6ger, Berlin B\u00fcy\u00fckel\u00e7isi H\u00fcseyin Avni Karsl\u0131o\u011flu, Ba\u015fkonsolos Mustafa Pulat, Berlin \u00c7al\u0131\u015fma ve Uyum Senat\u00f6r\u00fc Dilek Kolat, Berlin Sosyal Senat\u00f6rl\u00fc\u011f\u00fc M\u00fcste\u015far\u0131, Berlin Eyalet Meclis milletvekili ve H\u0131ristiyan Demokrat Birlik Partisi Federal Y\u00f6netim Kurulu \u00fcyesi Emine Demirb\u00fcken Wegner, Sosyal Demokrat Parti Genel Ba\u015fkan Yard\u0131mc\u0131s\u0131 ve Federal Meclis Milletvekili Aydan \u00d6zo\u011fuz, Ye\u015filler Federal Meclis Milletvekili Memet K\u0131l\u0131\u00e7, Ye\u015filler Berlin Eyalet Meclis Milletvekili \u00d6zcan Mutlu ve \u00e7ok say\u0131da davetli.<\/p>\n<p style=\"text-align: justify;\">Do\u011fan Holding Onursal Ba\u015fkan\u0131 Ayd\u0131n Do\u011fan, Almanya Uyum Vakf\u0131\u2019n\u0131n resepsiyonunda Ba\u015fbakan Angela Merkel ve Federal H\u00fck\u00fcmet\u2019in G\u00f6\u00e7 ve Uyumdan Sorumlu Devlet Bakan\u0131 Maria B\u00f6hmer ile bir araya geldi. Ba\u015fbakan Merkel, Do\u011fan Ailesi\u2019ne, uyuma katk\u0131lar\u0131 nedeniyle \u00f6zellikle te\u015fekk\u00fcr etti.<\/p>\n<p style=\"text-align: justify;\"><a href=\"http:\/\/www.hurriyet.com.tr\/planet\/19728161.asp\" target=\"_blank\">Kaynak : H\u00fcrriyet.com.tr<\/a><\/p>\n","protected":false},"excerpt":{"rendered":"<p style=\"text-align: center;\">\n<p style=\"text-align: justify;\">Almanya Uyum Vakf\u0131\u2019n\u0131n yeni y\u0131l resepsiyonuna, \u015eans\u00f6lye Angela Merkel de kat\u0131ld\u0131. Merkel, \u00fclkedeki en b\u00fcy\u00fck yabanc\u0131 toplulu\u011funu olu\u015fturan T\u00fcrklerin topluma uyumuna yapt\u0131\u011f\u0131 katk\u0131lar nedeniyle, Do\u011fan Ailesi\u2019ne de \u00f6zellikle te\u015fekk\u00fcr etti ve ekledi: \u201cUyum konusunda iyi fikirlere her zaman a\u00e7\u0131\u011f\u0131z.\u201d <\/p>\n","protected":false},"author":1,"featured_media":0,"comment_status":"open","ping_status":"open","sticky":false,"template":"","format":"standard","meta":{"footnotes":""},"categories":[105],"tags":[],"class_list":["post-47022","post","type-post","status-publish","format-standard","hentry","category-gundem","odd"],"_links":{"self":[{"href":"http:\/\/www.korhanyilmaz.com\/index.php?rest_route=\/wp\/v2\/posts\/47022","targetHints":{"allow":["GET"]}}],"collection":[{"href":"http:\/\/www.korhanyilmaz.com\/index.php?rest_route=\/wp\/v2\/posts"}],"about":[{"href":"http:\/\/www.korhanyilmaz.com\/index.php?rest_route=\/wp\/v2\/types\/post"}],"author":[{"embeddable":true,"href":"http:\/\/www.korhanyilmaz.com\/index.php?rest_route=\/wp\/v2\/users\/1"}],"replies":[{"embeddable":true,"href":"http:\/\/www.korhanyilmaz.com\/index.php?rest_route=%2Fwp%2Fv2%2Fcomments&post=47022"}],"version-history":[{"count":0,"href":"http:\/\/www.korhanyilmaz.com\/index.php?rest_route=\/wp\/v2\/posts\/47022\/revisions"}],"wp:attachment":[{"href":"http:\/\/www.korhanyilmaz.com\/index.php?rest_route=%2Fwp%2Fv2%2Fmedia&parent=47022"}],"wp:term":[{"taxonomy":"category","embeddable":true,"href":"http:\/\/www.korhanyilmaz.com\/index.php?rest_route=%2Fwp%2Fv2%2Fcategories&post=47022"},{"taxonomy":"post_tag","embeddable":true,"href":"http:\/\/www.korhanyilmaz.com\/index.php?rest_route=%2Fwp%2Fv2%2Ftags&post=47022"}],"curies":[{"name":"wp","href":"https:\/\/api.w.org\/{rel}","templated":true}]}}