{"id":47007,"date":"2012-01-20T09:25:24","date_gmt":"2012-01-20T07:25:24","guid":{"rendered":"http:\/\/www.korhanyilmaz.com\/?p=47007"},"modified":"2012-01-20T13:50:41","modified_gmt":"2012-01-20T11:50:41","slug":"roj-tvnin-yayini-kesildi","status":"publish","type":"post","link":"http:\/\/www.korhanyilmaz.com\/?p=47007","title":{"rendered":"ROJ TV&#8217;nin yay\u0131n\u0131 kesildi"},"content":{"rendered":"<p style=\"text-align: center;\"><a href=\"http:\/\/www.korhanyilmaz.com\/wp-content\/uploads\/2012\/01\/9315.jpg\"  class=\"lightview\"><img loading=\"lazy\" decoding=\"async\" class=\"aligncenter  wp-image-47008\" src=\"http:\/\/www.korhanyilmaz.com\/wp-content\/uploads\/2012\/01\/9315.jpg\" alt=\"\" width=\"338\" height=\"195\" \/><\/a><\/p>\n<p style=\"text-align: justify;\">Eutelsat uydu \u015firketi, Danimarka mahkemesinin verdi\u011fi &#8220;ROJ TV, PKK&#8217;n\u0131n yay\u0131n organ\u0131d\u0131r&#8221; karar\u0131 \u00fczerine kanal\u0131n uydular\u0131ndan yapt\u0131\u011f\u0131 yay\u0131n\u0131 durdurdu. D\u0131\u015fi\u015fleri Bakanl\u0131\u011f\u0131 karar\u0131 memnuniyetle kar\u015f\u0131lad\u0131\u011f\u0131n\u0131 a\u00e7\u0131klad\u0131.<\/p>\n<p style=\"text-align: justify;\">D\u0131\u015fi\u015fleri Bakanl\u0131\u011f\u0131, ilgili uydu \u015firketinin, ROJ TV&#8217;nin kendi uydular\u0131 \u00fczerindeki varl\u0131\u011f\u0131na son verme yolunda ald\u0131\u011f\u0131 karar\u0131n, konuya ili\u015fkin dava s\u00fcrecinde teyit edilen ve mahkeme karar\u0131yla h\u00fck\u00fcm alt\u0131na al\u0131nan tespitlerin do\u011fal bir gere\u011fi olarak de\u011ferlendirildi\u011fini belirtti.\u00a0<!--more--><\/p>\n<p style=\"text-align: justify;\">D\u0131\u015fi\u015fleri Bakanl\u0131\u011f\u0131&#8217;ndan yap\u0131lan a\u00e7\u0131klamada, &#8221;Danimarka&#8217;da ROJ TV ile ana \u015firketi &#8216;Mezopotamya Yay\u0131nc\u0131l\u0131k A\/S&#8217; aleyhine 2005 y\u0131l\u0131nda ba\u015flat\u0131lan soru\u015fturma s\u00fcreci sonucunda, 10 Ocak 2012 tarihinde Kopenhag \u015eehir Mahkemesince al\u0131nan karara ili\u015fkin g\u00f6r\u00fc\u015flerin, ayn\u0131 g\u00fcn yap\u0131lan Bakanl\u0131k a\u00e7\u0131klamas\u0131yla duyuruldu\u011fu&#8221; hat\u0131rlat\u0131ld\u0131.<\/p>\n<p style=\"text-align: justify;\">A\u00e7\u0131klamada, &#8221;An\u0131lan mahkeme taraf\u0131ndan al\u0131nan kararda, PKK&#8217;n\u0131n ter\u00f6rist \u00f6rg\u00fct\u00fc niteli\u011fi teyit edilmi\u015f ve ROJ TV&#8217;nin PKK ad\u0131na propaganda yapt\u0131\u011f\u0131, ter\u00f6rizmi ilerletti\u011fi ve kanal\u0131n PKK taraf\u0131ndan kontrol ve finanse edildi\u011fi belirtilmi\u015fti. B\u00f6ylece, ROJ TV&#8217;nin PKK ile ba\u011flant\u0131s\u0131 a\u00e7\u0131kl\u0131kla ortaya konmu\u015ftu.&#8221; denildi.<\/p>\n<p style=\"text-align: justify;\">D\u0131\u015fi\u015fleri Bakanl\u0131\u011f\u0131&#8217;n\u0131n a\u00e7\u0131klamas\u0131nda \u015f\u00f6yle denildi: &#8221;\u0130lgili uydu \u015firketinin, yukar\u0131daki ger\u00e7eklerden hareketle, ROJ TV&#8217;nin kendi uydular\u0131 \u00fczerindeki varl\u0131\u011f\u0131na son verme yolunda ald\u0131\u011f\u0131 karar\u0131 ve da\u011f\u0131t\u0131m \u015firketlerine ROJ TV&#8217;nin yay\u0131nlar\u0131n\u0131 sona erdirmeleri y\u00f6n\u00fcndeki \u00e7a\u011fr\u0131s\u0131n\u0131, konuya ili\u015fkin dava s\u00fcrecinde teyit edilen ve mahkeme karar\u0131yla h\u00fck\u00fcm alt\u0131na al\u0131nan tespitlerin do\u011fal bir gere\u011fi olarak de\u011ferlendirmekteyiz. Al\u0131nan bu karar\u0131n mahkemede h\u00fckme ba\u011flanan sonu\u00e7la uyumlu oldu\u011fu kanaatindeyiz.&#8221;<\/p>\n<p style=\"text-align: justify;\"><a href=\"http:\/\/www.ntvmsnbc.com\/id\/25315363\" target=\"_blank\">Kaynak : NTVMSNBC<\/a><\/p>\n","protected":false},"excerpt":{"rendered":"<p style=\"text-align: center;\">\n<p style=\"text-align: justify;\">Eutelsat uydu \u015firketi, Danimarka mahkemesinin verdi\u011fi &#8220;ROJ TV, PKK&#8217;n\u0131n yay\u0131n organ\u0131d\u0131r&#8221; karar\u0131 \u00fczerine kanal\u0131n uydular\u0131ndan yapt\u0131\u011f\u0131 yay\u0131n\u0131 durdurdu. D\u0131\u015fi\u015fleri Bakanl\u0131\u011f\u0131 karar\u0131 memnuniyetle kar\u015f\u0131lad\u0131\u011f\u0131n\u0131 a\u00e7\u0131klad\u0131.<\/p>\n<p style=\"text-align: justify;\">D\u0131\u015fi\u015fleri Bakanl\u0131\u011f\u0131, ilgili uydu \u015firketinin, ROJ TV&#8217;nin kendi uydular\u0131 \u00fczerindeki varl\u0131\u011f\u0131na son verme yolunda ald\u0131\u011f\u0131 karar\u0131n, konuya ili\u015fkin dava s\u00fcrecinde teyit edilen ve mahkeme <\/p>\n","protected":false},"author":1,"featured_media":0,"comment_status":"open","ping_status":"open","sticky":false,"template":"","format":"standard","meta":{"footnotes":""},"categories":[105],"tags":[],"class_list":["post-47007","post","type-post","status-publish","format-standard","hentry","category-gundem","odd"],"_links":{"self":[{"href":"http:\/\/www.korhanyilmaz.com\/index.php?rest_route=\/wp\/v2\/posts\/47007","targetHints":{"allow":["GET"]}}],"collection":[{"href":"http:\/\/www.korhanyilmaz.com\/index.php?rest_route=\/wp\/v2\/posts"}],"about":[{"href":"http:\/\/www.korhanyilmaz.com\/index.php?rest_route=\/wp\/v2\/types\/post"}],"author":[{"embeddable":true,"href":"http:\/\/www.korhanyilmaz.com\/index.php?rest_route=\/wp\/v2\/users\/1"}],"replies":[{"embeddable":true,"href":"http:\/\/www.korhanyilmaz.com\/index.php?rest_route=%2Fwp%2Fv2%2Fcomments&post=47007"}],"version-history":[{"count":0,"href":"http:\/\/www.korhanyilmaz.com\/index.php?rest_route=\/wp\/v2\/posts\/47007\/revisions"}],"wp:attachment":[{"href":"http:\/\/www.korhanyilmaz.com\/index.php?rest_route=%2Fwp%2Fv2%2Fmedia&parent=47007"}],"wp:term":[{"taxonomy":"category","embeddable":true,"href":"http:\/\/www.korhanyilmaz.com\/index.php?rest_route=%2Fwp%2Fv2%2Fcategories&post=47007"},{"taxonomy":"post_tag","embeddable":true,"href":"http:\/\/www.korhanyilmaz.com\/index.php?rest_route=%2Fwp%2Fv2%2Ftags&post=47007"}],"curies":[{"name":"wp","href":"https:\/\/api.w.org\/{rel}","templated":true}]}}