{"id":47003,"date":"2012-01-20T13:35:17","date_gmt":"2012-01-20T11:35:17","guid":{"rendered":"http:\/\/www.korhanyilmaz.com\/?p=47003"},"modified":"2012-01-20T13:47:35","modified_gmt":"2012-01-20T11:47:35","slug":"sarkozynin-mektubuna-sert-tepki","status":"publish","type":"post","link":"http:\/\/www.korhanyilmaz.com\/?p=47003","title":{"rendered":"Sarkozy&#8217;nin mektubuna sert tepki!"},"content":{"rendered":"<p style=\"text-align: center;\"><a href=\"http:\/\/www.korhanyilmaz.com\/wp-content\/uploads\/2012\/01\/9314.jpg\"  class=\"lightview\"><img loading=\"lazy\" decoding=\"async\" class=\"aligncenter  wp-image-47004\" src=\"http:\/\/www.korhanyilmaz.com\/wp-content\/uploads\/2012\/01\/9314.jpg\" alt=\"\" width=\"315\" height=\"219\" \/><\/a><\/p>\n<p style=\"text-align: justify;\">Fransa Cumhurba\u015fkan\u0131 Nicolas Sarkozy&#8217;nin, soyk\u0131r\u0131m inkar\u0131n\u0131 cezaland\u0131ran tasar\u0131 hakk\u0131nda Ba\u015fbakan Erdo\u011fan&#8217;a yazd\u0131\u011f\u0131 mektubu D\u0131\u015fi\u015fleri Bakan\u0131 Ahmet Davuto\u011flu ele\u015ftirdi, &#8221;Sarkozy&#8217;nin \u00f6nce kendi de\u011ferleri tarihi ile y\u00fczle\u015fmesi laz\u0131m&#8221;dedi.<\/p>\n<p style=\"text-align: justify;\">Bakan Davuto\u011flu, &#8221;E\u011fer karar \u00e7\u0131karsa Fransa&#8217;n\u0131n entellekt\u00fcel tarihinde kara leke olarak kalacakt\u0131r&#8221; yorumunu yapt\u0131.\u00a0<!--more--><\/p>\n<p style=\"text-align: justify;\">T\u00fcrkiye&#8217;nin bu konudaki tutumunun a\u00e7\u0131k ve net oldu\u011funun alt\u0131n\u0131 \u00e7izen Davuto\u011flu, &#8220;Hi\u00e7bir kanaat, hi\u00e7bir mektup bu d\u00fc\u015f\u00fcncemizi de\u011fi\u015ftirmez&#8221; diye konu\u015ftu.<\/p>\n<p style=\"text-align: justify;\">Fransa Senatosu Kanunlar Komitesi&#8217;nde Pazartesi g\u00fcn\u00fc tasar\u0131 hakk\u0131nda b\u00fcy\u00fck bir oy fark\u0131yla al\u0131nan ret karar\u0131n\u0131n T\u00fcrkiye&#8217;nin hakl\u0131 tutumunu teyit etti\u011fini kaydeden Davuto\u011flu, &#8220;Say\u0131n Sarkozy&#8217;den de partisinden de Fransa Senatosu&#8217;ndan da her \u015feyden \u00f6nce Avrupa de\u011ferlerine sayg\u0131l\u0131 olmalar\u0131n\u0131 bekliyoruz&#8221; dedi.<\/p>\n<p style=\"text-align: justify;\">&#8220;Tarihi istismar edenler o istismar\u0131n alt\u0131nda kal\u0131rlar&#8221; diye konu\u015fan Davuto\u011flu, &#8220;Tarihi istismar ad\u0131na dogma \u00fcreterek, Avrupa&#8217;y\u0131 Orta \u00c7a\u011f&#8217;\u0131n karanl\u0131\u011f\u0131na geri g\u00f6t\u00fcrmek isteyenler, o karanl\u0131\u011f\u0131n i\u00e7inde kal\u0131rlar ve hi\u00e7bir zaman \u00e7a\u011fda\u015f bir toplum olma netli\u011fi kazanamazlar&#8221; ifadesini kulland\u0131.<\/p>\n<p style=\"text-align: justify;\">Davuto\u011flu, \u015f\u00f6yle devam etti:<\/p>\n<p style=\"text-align: justify;\">&#8220;Bug\u00fcn Fransa&#8217;da ya\u015fanan tart\u0131\u015fma, Fransa Senatosu&#8217;nda \u00f6n\u00fcm\u00fczdeki g\u00fcnlerde ya\u015fanacak tart\u0131\u015fma, bir T\u00fcrk-Ermeni tart\u0131\u015fmas\u0131n\u0131n \u00e7ok \u00f6tesine ge\u00e7mi\u015ftir. \u00dc\u00e7\u00fcnc\u00fc bir \u00fclkenin, iki halk\u0131n ili\u015fkilerine m\u00fcdahale etmesinin de \u00e7ok \u00f6tesine ge\u00e7mi\u015ftir. 2001&#8217;deki karar b\u00f6yle bir karard\u0131. Fransa&#8217;n\u0131n haddine de\u011fildir. Bir \u00fc\u00e7\u00fcnc\u00fc taraf\u0131n, iki halk\u0131n tarihiyle ilgili bu \u015fekilde m\u00fcdahalede bulunmas\u0131 do\u011fru da de\u011fildir, adil de de\u011fildir. Ama burada daha da \u00f6teye ge\u00e7erek, insanlar\u0131n fikir \u00f6zg\u00fcrl\u00fc\u011f\u00fcn\u00fc yok etmek, \u015fu veya bu \u015fekilde kanaatlerini ifade eden insanlar\u0131 cezaland\u0131rmaya kalkmak, modern toplum olman\u0131n en temel ilkelerini yok saymak demektir.&#8221;<\/p>\n<p style=\"text-align: justify;\">Fransa Cumhurba\u015fkan\u0131 Sarkozy&#8217;nin kendi de\u011ferleriyle ve tarihiyle y\u00fczle\u015fmesi gerekti\u011fini belirten Davuto\u011flu, Frans\u0131z senat\u00f6rleri de tekrar d\u00fc\u015f\u00fcnmeye \u00e7a\u011f\u0131rd\u0131.<\/p>\n<p style=\"text-align: justify;\">T\u00fcrk h\u00fck\u00fcmetinin sadece temsil etti\u011fi millet bak\u0131m\u0131ndan de\u011fil, bir insanl\u0131k g\u00f6revi olarak da bu yasan\u0131n \u00e7\u0131kmamas\u0131 i\u00e7in \u00e7al\u0131\u015faca\u011f\u0131n\u0131 vurgulayan Davuto\u011flu, &#8220;E\u011fer \u00e7\u0131karsa da bu yasan\u0131n ya\u015famamas\u0131 i\u00e7in \u00e7al\u0131\u015fmak ve bu konuda her t\u00fcrl\u00fc tedbiri almak T\u00fcrkiye&#8217;nin her \u015feyden \u00f6nce en temel hakk\u0131d\u0131r ve sorumlulu\u011fudur. Bundan da herhangi bir \u015fekilde farkl\u0131 d\u00fc\u015f\u00fcnmemiz s\u00f6z konusu olamaz. Hi\u00e7bir kanaat, hi\u00e7bir mektup bu d\u00fc\u015f\u00fcncemizi de\u011fi\u015ftirmez&#8221; diye konu\u015ftu.<\/p>\n<p style=\"text-align: justify;\"><strong>ROJ TV karar\u0131:<\/strong><\/p>\n<p style=\"text-align: justify;\">Davuto\u011flu&#8217;nun g\u00fcndeminde Danimarka mahkemesinin ROJ TV&#8217;ye verdi\u011fi para cezas\u0131 ve yay\u0131n\u0131n\u0131n durdurulmas\u0131 karar\u0131 da vard\u0131.<\/p>\n<p style=\"text-align: justify;\">Davuto\u011flu, gazetecilerin, Eutelsat&#8217;\u0131n ROJ TV yay\u0131nlar\u0131n\u0131 durdurma karar\u0131 almas\u0131na ili\u015fkin sorular\u0131 \u00fczerine, Danimarka yarg\u0131s\u0131n\u0131n verdi\u011fi karar\u0131n ard\u0131ndan, bu hukuki karar\u0131n mutlaka uygulamada da g\u00f6r\u00fclmesi gerekti\u011fi y\u00f6n\u00fcnde bir a\u00e7\u0131klama yapt\u0131\u011f\u0131n\u0131 hat\u0131rlatt\u0131.<\/p>\n<p style=\"text-align: justify;\">Davuto\u011flu, \u015f\u00f6yle konu\u015ftu:<\/p>\n<p style=\"text-align: justify;\">&#8220;Ortada b\u00f6yle bir hukuki karar oldu\u011fu i\u00e7in ilgili kurumlar da kendi ba\u011f\u0131ms\u0131z tutumlar\u0131yla bu hukuki karar\u0131n sonu\u00e7lar\u0131n\u0131 kendi uygulamalar\u0131na yans\u0131t\u0131yorlar. Dolay\u0131s\u0131yla bunun i\u00e7in herhangi bir \u00f6zel te\u015febb\u00fcse bile gerek kalmaks\u0131z\u0131n zaten ortada olan bir sorumluluk bu. Bir TV kurulu\u015fu ter\u00f6r faaliyetleriyle a\u00e7\u0131k\u00e7a ili\u015fkilendiriliyor. Bir TV kurulu\u015funun a\u00e7\u0131k bir \u015fekilde ter\u00f6rle irtibat\u0131 ortaya konuyor ise uluslararas\u0131 kurulu\u015flar\u0131n, ticari kurulu\u015flar\u0131n, \u00fclkelerin de tutumlar\u0131n\u0131 buna g\u00f6re belirlemesi laz\u0131m. Bekledi\u011fimiz bir karard\u0131. Do\u011fal seyri i\u00e7inde bekledi\u011fimiz bir karard\u0131. \u00dcmit ederiz b\u00fct\u00fcn di\u011fer kurulu\u015flar da Eutelsat&#8217;\u0131n ald\u0131\u011f\u0131 karar\u0131 \u00f6rnek alarak ter\u00f6r\u00fc sponsor edecek yay\u0131nlara kar\u015f\u0131 insani ve hukuki g\u00f6revlerini yerine getirirler&#8221;<\/p>\n<p style=\"text-align: justify;\">Davuto\u011flu, di\u011fer kurumlar\u0131n alacaklar\u0131 kararlar\u0131 da yak\u0131ndan takip etmeye devam edeceklerini s\u00f6yledi.<\/p>\n<p style=\"text-align: justify;\"><a href=\"http:\/\/www.cnnturk.com\/2012\/turkiye\/01\/20\/sarkozynin.mektubuna.sert.tepki\/645660.0\/index.html\" target=\"_blank\">Kaynak : CNN T\u00dcRK<\/a><\/p>\n","protected":false},"excerpt":{"rendered":"<p style=\"text-align: center;\">\n<p style=\"text-align: justify;\">Fransa Cumhurba\u015fkan\u0131 Nicolas Sarkozy&#8217;nin, soyk\u0131r\u0131m inkar\u0131n\u0131 cezaland\u0131ran tasar\u0131 hakk\u0131nda Ba\u015fbakan Erdo\u011fan&#8217;a yazd\u0131\u011f\u0131 mektubu D\u0131\u015fi\u015fleri Bakan\u0131 Ahmet Davuto\u011flu ele\u015ftirdi, &#8221;Sarkozy&#8217;nin \u00f6nce kendi de\u011ferleri tarihi ile y\u00fczle\u015fmesi laz\u0131m&#8221;dedi.<\/p>\n<p style=\"text-align: justify;\">Bakan Davuto\u011flu, &#8221;E\u011fer karar \u00e7\u0131karsa Fransa&#8217;n\u0131n entellekt\u00fcel tarihinde kara leke olarak kalacakt\u0131r&#8221; yorumunu yapt\u0131. <\/p>\n","protected":false},"author":1,"featured_media":0,"comment_status":"open","ping_status":"open","sticky":false,"template":"","format":"standard","meta":{"footnotes":""},"categories":[105],"tags":[],"class_list":["post-47003","post","type-post","status-publish","format-standard","hentry","category-gundem","odd"],"_links":{"self":[{"href":"http:\/\/www.korhanyilmaz.com\/index.php?rest_route=\/wp\/v2\/posts\/47003","targetHints":{"allow":["GET"]}}],"collection":[{"href":"http:\/\/www.korhanyilmaz.com\/index.php?rest_route=\/wp\/v2\/posts"}],"about":[{"href":"http:\/\/www.korhanyilmaz.com\/index.php?rest_route=\/wp\/v2\/types\/post"}],"author":[{"embeddable":true,"href":"http:\/\/www.korhanyilmaz.com\/index.php?rest_route=\/wp\/v2\/users\/1"}],"replies":[{"embeddable":true,"href":"http:\/\/www.korhanyilmaz.com\/index.php?rest_route=%2Fwp%2Fv2%2Fcomments&post=47003"}],"version-history":[{"count":0,"href":"http:\/\/www.korhanyilmaz.com\/index.php?rest_route=\/wp\/v2\/posts\/47003\/revisions"}],"wp:attachment":[{"href":"http:\/\/www.korhanyilmaz.com\/index.php?rest_route=%2Fwp%2Fv2%2Fmedia&parent=47003"}],"wp:term":[{"taxonomy":"category","embeddable":true,"href":"http:\/\/www.korhanyilmaz.com\/index.php?rest_route=%2Fwp%2Fv2%2Fcategories&post=47003"},{"taxonomy":"post_tag","embeddable":true,"href":"http:\/\/www.korhanyilmaz.com\/index.php?rest_route=%2Fwp%2Fv2%2Ftags&post=47003"}],"curies":[{"name":"wp","href":"https:\/\/api.w.org\/{rel}","templated":true}]}}