{"id":46995,"date":"2012-01-20T09:10:10","date_gmt":"2012-01-20T07:10:10","guid":{"rendered":"http:\/\/www.korhanyilmaz.com\/?p=46995"},"modified":"2012-01-20T13:25:40","modified_gmt":"2012-01-20T11:25:40","slug":"savci-kurbanlari-gormeden-rapor-yazmis","status":"publish","type":"post","link":"http:\/\/www.korhanyilmaz.com\/?p=46995","title":{"rendered":"Savc\u0131 kurbanlar\u0131 g\u00f6rmeden rapor yazm\u0131\u015f"},"content":{"rendered":"<p style=\"text-align: center;\"><a href=\"http:\/\/www.korhanyilmaz.com\/wp-content\/uploads\/2012\/01\/9312.jpg\"  class=\"lightview\"><img loading=\"lazy\" decoding=\"async\" class=\"aligncenter  wp-image-46996\" src=\"http:\/\/www.korhanyilmaz.com\/wp-content\/uploads\/2012\/01\/9312.jpg\" alt=\"\" width=\"333\" height=\"191\" \/><\/a><\/p>\n<p style=\"text-align: justify;\">Uludere\u2019de 34 ki\u015finin \u00f6ld\u00fc\u011f\u00fc bombard\u0131man\u0131n ard\u0131ndan savc\u0131lar\u0131n olay yerini havadan helikopterle gezdi\u011fi ve hi\u00e7bir \u015fey g\u00f6remediklerini tutunakla kayda ge\u00e7irdikleri ortaya \u00e7\u0131kt\u0131.<\/p>\n<p style=\"text-align: justify;\">Sava\u015f u\u00e7aklar\u0131n\u0131n hava harek\u00e2t\u0131 sonucunda 34 ki\u015finin ya\u015fam\u0131n\u0131 yitirdi\u011fi Uludere\u2019deki katliamla ilgili \u201colay yeri incelemesi\u201dnin de bir skandala d\u00f6n\u00fc\u015ft\u00fc\u011f\u00fc \u00f6ne s\u00fcr\u00fcld\u00fc.\u00a0<!--more--><\/p>\n<p style=\"text-align: justify;\">Cumhuriyet Gazetesi&#8217;nin ula\u015ft\u0131\u011f\u0131 Olay Yeri \u0130nceleme-Havadan Ke\u015fif Tutana\u011f\u0131\u201dna g\u00f6re, savc\u0131lar katliam\u0131n ya\u015fand\u0131\u011f\u0131 yere \u201chalk\u0131n toplanmas\u0131 ve ter\u00f6r b\u00f6lgesi\u201d olmas\u0131 nedeniyle ayak basmad\u0131, askeri helikopterle \u201cku\u015f bak\u0131\u015f\u0131\u201d ke\u015fif yapt\u0131.<\/p>\n<p style=\"text-align: justify;\">Havadan yap\u0131lan ke\u015fif, \u201c&#8230; Helikopter hareket halinde iken s\u00f6z konusu yerlerin tamam\u0131n\u0131n kamera ile g\u00f6r\u00fcnt\u00fclenerek kaydedildi\u011fi, patlay\u0131c\u0131 madde isabet eden yerlerde ve da\u011f\u0131n di\u011fer yerlerinde helikopter i\u00e7inde bulunmam\u0131z nedeniyle \u00e7\u0131plak g\u00f6zle \u00f6l\u00fc hayvan ya da insan\u0131n g\u00f6r\u00fcnmedi\u011fi, yine \u00e7\u0131plak g\u00f6zle insan ve hayvan ge\u00e7ti\u011fine dair iz g\u00f6r\u00fclmedi\u011fi\u201d t\u00fcmceleriyle tutana\u011fa ge\u00e7irildi.<\/p>\n<p style=\"text-align: justify;\"><strong>YAKLA\u015eIK 35 K\u0130\u015e\u0130 \u00d6LM\u00dc\u015e<\/strong><\/p>\n<p style=\"text-align: justify;\">Uludere \u0130l\u00e7esi ile Irak aras\u0131ndaki s\u0131n\u0131r hatt\u0131n\u0131n yak\u0131n\u0131nda \u201cIrak s\u0131n\u0131r\u0131n\u0131n i\u00e7erisinde\u201d Kurani\u015f mevkiinde \u201cyakla\u015f\u0131k 35 ki\u015finin \u00f6ld\u00fcr\u00fclmesi\u201d olay\u0131na ili\u015fkin y\u00fcr\u00fct\u00fclen soru\u015fturmada neden olay yerine gidilemedi\u011fi, 29 Aral\u0131k 2011 tarihli Olay Yeri \u0130nceleme-Havadan Ke\u015fif Tutana\u011f\u0131\u2019nda \u201cOlay yerinin Irak \u00fclkesi s\u0131n\u0131r\u0131 i\u00e7inde yer almas\u0131, s\u00f6z konusu yerin b\u00f6l\u00fcc\u00fc ter\u00f6r \u00f6rg\u00fct\u00fcn\u00fcn yo\u011fun olarak faaliyette bulundu\u011fu bir yer olmas\u0131 ve 35 ki\u015finin \u00f6l\u00fcm\u00fc nedeniyle \u00f6lenlerin yak\u0131nlar\u0131n\u0131n ve G\u00fclyaz\u0131 k\u00f6y\u00fc ile Ortasu k\u00f6y\u00fcnde ikamet edenlerin olay yerinde topland\u0131klar\u0131 ve infial halinde olduklar\u0131n\u0131n tespit edilmesi nedenleriyle&#8230;\u201d t\u00fcmceleriyle anlat\u0131ld\u0131.<\/p>\n<p style=\"text-align: justify;\">\u201cBu durumun a\u015f\u0131labilmesi\u201d i\u00e7in il\u00e7e jandarma komutanl\u0131\u011f\u0131ndan olay yerinin \u201chavadan ke\u015ffinin yap\u0131labilmesi\u201d i\u00e7in helikopter istendi\u011fi belirtildi. Jandarmadan verilen helikopter ile Cumhuriyet Savc\u0131lar\u0131 Ali T\u00fcrk, Muhammet Sa\u011flam ve foto\u011fraf \u00e7ekmesi i\u00e7in g\u00f6revlendirilen polis memuru Hasan H\u00fcseyin Ekici\u2019den olu\u015fan heyetle olay yerine gidildi.<\/p>\n<p style=\"text-align: justify;\">\u0130ki savc\u0131 ile bir polis foto\u011fraf bilirki\u015fisinin imzas\u0131n\u0131 ta\u015f\u0131yan tutanakta, ke\u015ffe ili\u015fkin \u015fu de\u011ferlendirme yer ald\u0131:\u201cOlay yerinin Irak \u00fclkesi s\u0131n\u0131rlar\u0131 i\u00e7erisinde Kurani\u015f olarak adland\u0131r\u0131lan yerde bulunan y\u00fcksek bir da\u011f\u0131n yama\u00e7lar\u0131 ve zirvesi oldu\u011fu, da\u011f\u0131n tamam\u0131n\u0131n karla kapl\u0131 oldu\u011fu ve da\u011f\u0131n yama\u00e7 ve zirvelerinde 4 adet bomba patlad\u0131\u011f\u0131n\u0131 g\u00f6sterir b\u00fcy\u00fck siyahl\u0131k b\u00f6lgenin bulundu\u011fu, s\u00f6z konusu b\u00f6lgelerin tamamen a\u00e7\u0131k olan yerler oldu\u011fu ve g\u00f6r\u00fc\u015f\u00fc zorla\u015ft\u0131racak hi\u00e7bir engelin bulunmad\u0131\u011f\u0131, helikopter hareket halinde iken s\u00f6z konusu yerlerin tamam\u0131n\u0131n kamera ile g\u00f6r\u00fcnt\u00fclenerek kaydedildi\u011fi, patlay\u0131c\u0131 madde isabet eden yerlerde ve da\u011f\u0131n di\u011fer yerlerinde helikopter i\u00e7inde bulunmam\u0131z nedeniyle \u00e7\u0131plak g\u00f6zle \u00f6l\u00fc hayvan ya da insan\u0131n g\u00f6r\u00fcnmedi\u011fi, yine \u00e7\u0131plak g\u00f6zle insan ve hayvan ge\u00e7ti\u011fine dair iz g\u00f6r\u00fclmedi\u011fi, bu tespitlerin kaydedilen kamera g\u00f6r\u00fcnt\u00fclerinden tespit edilebilece\u011finin de\u011ferlendirildi\u011fi anla\u015f\u0131lmakla, olaylar\u0131n yat\u0131\u015fmas\u0131 ve g\u00fcvenli\u011fin sa\u011fland\u0131\u011f\u0131 yak\u0131n bir g\u00fcnde olay yeri incelemesi yapt\u0131r\u0131lmas\u0131na ve olay yeri g\u00f6r\u00fcnt\u00fclerinin uzman bilirki\u015filere incelettirilmesine karar verilerek i\u015fbu olay yeri inceleme tutana\u011f\u0131 hep birlikte imza alt\u0131na al\u0131nd\u0131.\u201d<\/p>\n<p style=\"text-align: justify;\">Daha sonra da olay yerinde inceleme yap\u0131lmad\u0131\u011f\u0131, b\u00f6lgedeki \u201cdelil\u201d niteli\u011findeki bomba par\u00e7alar\u0131n\u0131n askerler taraf\u0131ndan toplanarak savc\u0131l\u0131\u011fa ula\u015ft\u0131r\u0131ld\u0131\u011f\u0131 anla\u015f\u0131ld\u0131.<\/p>\n<p style=\"text-align: justify;\"><a href=\"http:\/\/www.ntvmsnbc.com\/id\/25315356\" target=\"_blank\">Kaynak : NTVMSNBC<\/a><\/p>\n","protected":false},"excerpt":{"rendered":"<p style=\"text-align: center;\">\n<p style=\"text-align: justify;\">Uludere\u2019de 34 ki\u015finin \u00f6ld\u00fc\u011f\u00fc bombard\u0131man\u0131n ard\u0131ndan savc\u0131lar\u0131n olay yerini havadan helikopterle gezdi\u011fi ve hi\u00e7bir \u015fey g\u00f6remediklerini tutunakla kayda ge\u00e7irdikleri ortaya \u00e7\u0131kt\u0131.<\/p>\n<p style=\"text-align: justify;\">Sava\u015f u\u00e7aklar\u0131n\u0131n hava harek\u00e2t\u0131 sonucunda 34 ki\u015finin ya\u015fam\u0131n\u0131 yitirdi\u011fi Uludere\u2019deki katliamla ilgili \u201colay yeri incelemesi\u201dnin de bir skandala d\u00f6n\u00fc\u015ft\u00fc\u011f\u00fc \u00f6ne s\u00fcr\u00fcld\u00fc. <\/p>\n","protected":false},"author":1,"featured_media":0,"comment_status":"open","ping_status":"open","sticky":false,"template":"","format":"standard","meta":{"footnotes":""},"categories":[105],"tags":[],"class_list":["post-46995","post","type-post","status-publish","format-standard","hentry","category-gundem","odd"],"_links":{"self":[{"href":"http:\/\/www.korhanyilmaz.com\/index.php?rest_route=\/wp\/v2\/posts\/46995","targetHints":{"allow":["GET"]}}],"collection":[{"href":"http:\/\/www.korhanyilmaz.com\/index.php?rest_route=\/wp\/v2\/posts"}],"about":[{"href":"http:\/\/www.korhanyilmaz.com\/index.php?rest_route=\/wp\/v2\/types\/post"}],"author":[{"embeddable":true,"href":"http:\/\/www.korhanyilmaz.com\/index.php?rest_route=\/wp\/v2\/users\/1"}],"replies":[{"embeddable":true,"href":"http:\/\/www.korhanyilmaz.com\/index.php?rest_route=%2Fwp%2Fv2%2Fcomments&post=46995"}],"version-history":[{"count":0,"href":"http:\/\/www.korhanyilmaz.com\/index.php?rest_route=\/wp\/v2\/posts\/46995\/revisions"}],"wp:attachment":[{"href":"http:\/\/www.korhanyilmaz.com\/index.php?rest_route=%2Fwp%2Fv2%2Fmedia&parent=46995"}],"wp:term":[{"taxonomy":"category","embeddable":true,"href":"http:\/\/www.korhanyilmaz.com\/index.php?rest_route=%2Fwp%2Fv2%2Fcategories&post=46995"},{"taxonomy":"post_tag","embeddable":true,"href":"http:\/\/www.korhanyilmaz.com\/index.php?rest_route=%2Fwp%2Fv2%2Ftags&post=46995"}],"curies":[{"name":"wp","href":"https:\/\/api.w.org\/{rel}","templated":true}]}}