{"id":46990,"date":"2012-01-20T11:23:37","date_gmt":"2012-01-20T09:23:37","guid":{"rendered":"http:\/\/www.korhanyilmaz.com\/?p=46990"},"modified":"2012-01-20T13:20:52","modified_gmt":"2012-01-20T11:20:52","slug":"gul-chp-herhalde-mahkemeye-gider","status":"publish","type":"post","link":"http:\/\/www.korhanyilmaz.com\/?p=46990","title":{"rendered":"G\u00fcl: CHP herhalde mahkemeye gider"},"content":{"rendered":"<p style=\"text-align: center;\"><a href=\"http:\/\/www.korhanyilmaz.com\/wp-content\/uploads\/2012\/01\/9311.jpg\"  class=\"lightview\"><img loading=\"lazy\" decoding=\"async\" class=\"aligncenter  wp-image-46991\" src=\"http:\/\/www.korhanyilmaz.com\/wp-content\/uploads\/2012\/01\/9311.jpg\" alt=\"\" width=\"338\" height=\"195\" \/><\/a><\/p>\n<p style=\"text-align: justify;\">Cumhurba\u015fkan\u0131 G\u00fcl, cumhurba\u015fkanl\u0131\u011f\u0131 se\u00e7iminin 7 y\u0131l olarak belirlenmesinin Anayasa\u2019ya ayk\u0131r\u0131 oldu\u011fu tart\u0131\u015fmalar\u0131na ili\u015fkin \u201cCHP bunu iddia ediyorsa herhalde Anayasa Mahkemesi\u2019ne gidecektir\u201d dedi.<\/p>\n<p style=\"text-align: justify;\">ANKARA &#8211; Cumhurba\u015fkan\u0131 Abdullah G\u00fcl, Ni\u011fde Valili\u011fi&#8217;ni ziyaretinde gazetecilerin g\u00fcndeme ili\u015fkin sorular\u0131n\u0131 yan\u0131tlad\u0131.\u00a0<!--more--><\/p>\n<p style=\"text-align: justify;\">Cumhurba\u015fkan\u0131 G\u00fcl, Cumhurba\u015fkan\u0131 Se\u00e7imi Kanunu Tasar\u0131s\u0131&#8217;n\u0131n TBMM Genel Kurulunda kabul edildi\u011fi ve bu konuda anayasaya ayk\u0131r\u0131l\u0131k tart\u0131\u015fmalar\u0131n\u0131n oldu\u011funun hat\u0131rlat\u0131lmas\u0131 \u00fczerine \u015funlar\u0131 s\u00f6yledi:<\/p>\n<p style=\"text-align: justify;\">&#8221;Konuyla ilgili ben s\u00f6yleyeceklerimi s\u00f6yledim daha \u00f6nce, ekleyecek bir \u015feyim yok ama anayasaya ayk\u0131r\u0131l\u0131\u011f\u0131 iddia ediliyorsa tabii ki Anayasa Mahkemesine herhalde anamuhalefet partisi iddia ediyorsa gidecektir.&#8221;<\/p>\n<p style=\"text-align: justify;\"><span style=\"color: #000000;\"><em><strong>&#8221; K\u00d6\u015eK&#8217;\u00dcN SE\u00c7\u0130M\u0130<\/strong>\u00a0<\/em><\/span><\/p>\n<p style=\"text-align: justify;\"><span style=\"color: #000000;\"><em>Cumhurba\u015fkan\u0131 Abdullah G\u00fcl&#8217;\u00fcn g\u00f6rev s\u00fcresini de belirleyen 24 maddelik Cumhurba\u015fkan\u0131 Se\u00e7imi Kanunu Tasar\u0131s\u0131, TBMM Genel Kurulu&#8217;nda kabul edildi.\u00a0<\/em><\/span><\/p>\n<p style=\"text-align: justify;\"><span style=\"color: #000000;\"><em>D\u00fczenlemeye g\u00f6re; Cumhurba\u015fkan\u0131 Abdullah G\u00fcl&#8217;\u00fcn g\u00f6rev s\u00fcresi ge\u00e7ici maddeyle 7 y\u0131l olarak belirlendi.\u00a0<\/em><\/span><\/p>\n<p style=\"text-align: justify;\"><span style=\"color: #000000;\"><em>Yeni yasaya g\u00f6re; Abdullah G\u00fcl dahil, \u00f6nceki cumhurba\u015fkanlar\u0131n\u0131n ikinci kez aday olamayacak.&#8221;<\/em><\/span><\/p>\n<p style=\"text-align: justify;\"><strong>&#8216;DEMEK K\u0130 BAZI \u015eEYLER G\u00d6ZDEN GE\u00c7\u0130R\u0130LMEL\u0130&#8217;<\/strong><\/p>\n<p style=\"text-align: justify;\">Bir gazetecinin &#8221;\u0130stanbul Cumhuriyet Savc\u0131l\u0131\u011f\u0131 taraf\u0131ndan Hrant Dink davas\u0131 ile ilgili \u0130stanbul, Ankara ve Trabzon&#8217;da soru\u015fturma ba\u015flat\u0131ld\u0131\u011f\u0131na ili\u015fkin iddialar oldu\u011funun&#8221; hat\u0131rlat\u0131lmas\u0131 \u00fczerine G\u00fcl, &#8221;Bunlar yarg\u0131 s\u00fcreci demek ki idari konuda da ara\u015ft\u0131r\u0131lacak \u015feyler var ise muhakkak ki ara\u015ft\u0131r\u0131lacakt\u0131r. \u0130hmal var m\u0131 yok mu? Ayr\u0131ca yarg\u0131 s\u00fcreci bitmedi biliyorsunuz&#8221; dedi.<\/p>\n<p style=\"text-align: justify;\">G\u00fcl, bir ba\u015fka gazetecinin Mahkeme Ba\u015fkan\u0131n\u0131n ve Savc\u0131n\u0131n a\u00e7\u0131klamalar\u0131n\u0131 hat\u0131rlatarak de\u011ferlendirmesini sormas\u0131 \u00fczerine de \u015f\u00f6yle konu\u015ftu:<\/p>\n<p style=\"text-align: justify;\">&#8221;Yarg\u0131 s\u00fcre\u00e7lerine polemi\u011fe girmeden bakmak gerekir. Bunlar asl\u0131nda yarg\u0131lama s\u00fcrecinin devam\u0131, savc\u0131 mahkeme karar\u0131ndan tatmin olmazsa temyize gidebilir. Temyize giderken de bu s\u00f6yledi\u011finiz arg\u00fcmanlar\u0131 ileri s\u00fcrerek gider. Mahkemede birinci a\u015famada karar\u0131n\u0131 vermi\u015f durumda, ama s\u00fcre\u00e7 devam ediyor. Esas Yarg\u0131tay b\u00fct\u00fcn bu olup bitenleri g\u00f6zden ge\u00e7irecektir, de\u011ferlendirecektir. Kamuoyunun tepkisi gayet a\u00e7\u0131k bir \u015fekilde ortada, demek ki hala baz\u0131 \u015feyleri ara\u015ft\u0131rmak daha iyi bir \u015fekilde g\u00f6zden ge\u00e7irmek gerekiyor. Dan\u0131\u015ftay&#8217;daki cinayette de biliyorsunuz mahkemenin karar\u0131 farkl\u0131yd\u0131 daha sonra Yarg\u0131tay da ba\u015fka bir \u015fekilde de\u011ferlendirildi. Ve yarg\u0131 s\u00fcreci hala devam ediyor. O bak\u0131mdan s\u00fcrece b\u00f6yle bakmak gerekir.&#8221;<\/p>\n<p style=\"text-align: justify;\"><strong>Ba\u015fbu\u011f\u2019un tutuklanmas\u0131<\/strong><\/p>\n<p style=\"text-align: justify;\">&#8221;\u0130lker Ba\u015fbu\u011f&#8217;un yarg\u0131lanma s\u00fcrecinde siz &#8216;Y\u00fcce Divan&#8217;da yarg\u0131lanmas\u0131 gerekir&#8217; dediniz. Ama mahkeme &#8216;ben yarg\u0131layaca\u011f\u0131m&#8217; dedi. Buradaki g\u00f6r\u00fc\u015f ayr\u0131l\u0131\u011f\u0131n\u0131n kayna\u011f\u0131nda ne vard\u0131?&#8221; sorusu \u00fczerine de G\u00fcl, &#8221;Mahkemenin karar\u0131&#8221; yan\u0131t\u0131n\u0131 verdi.<\/p>\n<p style=\"text-align: justify;\"><a href=\"http:\/\/www.ntvmsnbc.com\/id\/25315439\" target=\"_blank\">Kaynak : NTVMSNBC<\/a><\/p>\n","protected":false},"excerpt":{"rendered":"<p style=\"text-align: center;\">\n<p style=\"text-align: justify;\">Cumhurba\u015fkan\u0131 G\u00fcl, cumhurba\u015fkanl\u0131\u011f\u0131 se\u00e7iminin 7 y\u0131l olarak belirlenmesinin Anayasa\u2019ya ayk\u0131r\u0131 oldu\u011fu tart\u0131\u015fmalar\u0131na ili\u015fkin \u201cCHP bunu iddia ediyorsa herhalde Anayasa Mahkemesi\u2019ne gidecektir\u201d dedi.<\/p>\n<p style=\"text-align: justify;\">ANKARA &#8211; Cumhurba\u015fkan\u0131 Abdullah G\u00fcl, Ni\u011fde Valili\u011fi&#8217;ni ziyaretinde gazetecilerin g\u00fcndeme ili\u015fkin sorular\u0131n\u0131 yan\u0131tlad\u0131. <\/p>\n","protected":false},"author":1,"featured_media":0,"comment_status":"open","ping_status":"open","sticky":false,"template":"","format":"standard","meta":{"footnotes":""},"categories":[105],"tags":[],"class_list":["post-46990","post","type-post","status-publish","format-standard","hentry","category-gundem","odd"],"_links":{"self":[{"href":"http:\/\/www.korhanyilmaz.com\/index.php?rest_route=\/wp\/v2\/posts\/46990","targetHints":{"allow":["GET"]}}],"collection":[{"href":"http:\/\/www.korhanyilmaz.com\/index.php?rest_route=\/wp\/v2\/posts"}],"about":[{"href":"http:\/\/www.korhanyilmaz.com\/index.php?rest_route=\/wp\/v2\/types\/post"}],"author":[{"embeddable":true,"href":"http:\/\/www.korhanyilmaz.com\/index.php?rest_route=\/wp\/v2\/users\/1"}],"replies":[{"embeddable":true,"href":"http:\/\/www.korhanyilmaz.com\/index.php?rest_route=%2Fwp%2Fv2%2Fcomments&post=46990"}],"version-history":[{"count":0,"href":"http:\/\/www.korhanyilmaz.com\/index.php?rest_route=\/wp\/v2\/posts\/46990\/revisions"}],"wp:attachment":[{"href":"http:\/\/www.korhanyilmaz.com\/index.php?rest_route=%2Fwp%2Fv2%2Fmedia&parent=46990"}],"wp:term":[{"taxonomy":"category","embeddable":true,"href":"http:\/\/www.korhanyilmaz.com\/index.php?rest_route=%2Fwp%2Fv2%2Fcategories&post=46990"},{"taxonomy":"post_tag","embeddable":true,"href":"http:\/\/www.korhanyilmaz.com\/index.php?rest_route=%2Fwp%2Fv2%2Ftags&post=46990"}],"curies":[{"name":"wp","href":"https:\/\/api.w.org\/{rel}","templated":true}]}}