{"id":46986,"date":"2012-01-20T11:58:59","date_gmt":"2012-01-20T09:58:59","guid":{"rendered":"http:\/\/www.korhanyilmaz.com\/?p=46986"},"modified":"2012-01-20T13:13:14","modified_gmt":"2012-01-20T11:13:14","slug":"sarkozyden-erdogana-mektup","status":"publish","type":"post","link":"http:\/\/www.korhanyilmaz.com\/?p=46986","title":{"rendered":"Sarkozy&#8217;den Erdo\u011fan&#8217;a mektup"},"content":{"rendered":"<p style=\"text-align: center;\"><a href=\"http:\/\/www.korhanyilmaz.com\/wp-content\/uploads\/2012\/01\/9310.jpg\"  class=\"lightview\"><img loading=\"lazy\" decoding=\"async\" class=\"aligncenter  wp-image-46987\" src=\"http:\/\/www.korhanyilmaz.com\/wp-content\/uploads\/2012\/01\/9310.jpg\" alt=\"\" width=\"384\" height=\"221\" \/><\/a><\/p>\n<p style=\"text-align: justify;\">Fransa Cumhurba\u015fkan\u0131 Nicolas Sarkozy, Ba\u015fbakan Tayyip Erdo\u011fan&#8217;a mektup yazarak, pazartesi g\u00fcn\u00fc Fransa Senatosu&#8217;nun g\u00fcndemine gelecek \u2018soyk\u0131r\u0131m\u0131n\u2019 inkar\u0131n\u0131 su\u00e7 sayan yasa tasar\u0131s\u0131n\u0131n T\u00fcrk- Frans\u0131z ili\u015fkilerini bozmamas\u0131 y\u00f6n\u00fcndeki temennisini iletti.<!--more--><\/p>\n<p style=\"text-align: justify;\">Sarkozy Erdo\u011fan&#8217;a mektubunda, &#8220;Say\u0131n Ba\u015fbakan, bana daha evvel yazm\u0131\u015f oldu\u011funuz mektuba cevaben, Senato\u2019da g\u00f6r\u00fc\u015f\u00fclecek olan ve iki \u00fclke aras\u0131ndaki ili\u015fkiler a\u00e7\u0131s\u0131ndan \u00f6nem arzeden yasa tasar\u0131s\u0131 hakk\u0131nda size yaz\u0131yorum. \u00d6ncelikle belirtmek isterim ki, yasan\u0131n amac\u0131 Frans\u0131z toplumunun uzun s\u00fcredir ya\u015fad\u0131klar\u0131 inkar duygusunu gidermek ve 100 y\u0131ld\u0131r s\u00fcren yaralar\u0131n\u0131 sarmakt\u0131r. Bu kabul edilen t\u00fcm soyk\u0131r\u0131mlara d\u00f6n\u00fck, genel kapsaml\u0131 bir tasar\u0131d\u0131r.&#8221; dedi.<\/p>\n<p style=\"text-align: justify;\"><strong>&#8216;TAR\u0130HLE Y\u00dcZLE\u015eMEK KOLAY DE\u011e\u0130L&#8217;<\/strong><\/p>\n<p style=\"text-align: justify;\">H\u00fcrriyet gazetesinin haberine g\u00f6re, Sarkozy, &#8220;Tasar\u0131 metninde ne bir halk ne de bir devlet hedef al\u0131nmaktad\u0131r. \u00c7\u00fcnk\u00fc T\u00fcrk halk\u0131n\u0131n Birinci D\u00fcnya Sava\u015f\u0131 ve Osmanl\u0131 \u0130mparatorlu\u011fu\u2019nun \u00e7\u00f6k\u00fc\u015f\u00fc s\u0131ras\u0131nda ya\u015fad\u0131\u011f\u0131 ac\u0131y\u0131 da \u00e7ok iyi anlamaktad\u0131r. Biliyorum ki, tarihle y\u00fczle\u015fmek kolay de\u011fildir. Ama Fransa, itiraf\u0131 g\u00fc\u00e7 olan bu g\u00f6revini yapt\u0131. K\u00f6le ticaretindeki sorumlulu\u011funu kabul etti. Alman i\u015fgali s\u0131ras\u0131nda, Fransa\u2019da ya\u015fayan Yahudilerin toplanarak kamplara g\u00f6nderilmesindeki rol\u00fcn\u00fc tan\u0131d\u0131.&#8221; ifadelerini kulland\u0131.<\/p>\n<p style=\"text-align: justify;\"><strong>&#8216;CEZAY\u0130R KONUSUNDA \u00dcLKEM\u0130 KINADIM&#8217;<\/strong><\/p>\n<p style=\"text-align: justify;\">&#8220;Ben \u015fahsen, 2007 y\u0131l\u0131nda Cezayir\u2019in Konstantin kentinde yapt\u0131\u011f\u0131m konu\u015fmada Fransa\u2019n\u0131n Cezayir\u2019de Frans\u0131z s\u00f6m\u00fcrgesinin k\u00f6r vah\u015fetini ve Cezayir halk\u0131n\u0131n anlat\u0131lmam\u0131\u015f ac\u0131lar\u0131n\u0131 dile getirerek k\u0131nad\u0131m&#8221; diyen Sarkozy \u015f\u00f6yle devam etti,<\/p>\n<p style=\"text-align: justify;\">&#8220;T\u00fcrkiye b\u00fcy\u00fck bir \u00fclkedir ve Fransa i\u00e7in \u00f6nemli bir m\u00fcttefiktir. \u0130ki dost ve m\u00fcttefik \u00fclke olarak, bize yak\u0131\u015fan bi\u00e7imde akl\u0131n hakim gelmesini diliyorum. Bilmenizi istiyorum ki, bu yasayla ilgili at\u0131lacak a\u015f\u0131r\u0131 ad\u0131mlar iki \u00fclke aras\u0131ndaki \u00e7ok y\u00f6nl\u00fc ili\u015fkilere zarar verece\u011fi gibi sonu\u00e7lar\u0131 da vahim olacakt\u0131r ve sorumlulu\u011fu da giri\u015fim sahiplerine ait olacakt\u0131r.&#8221;<\/p>\n<p style=\"text-align: justify;\"><a href=\"http:\/\/www.ntvmsnbc.com\/id\/25315455\" target=\"_blank\">Kaynak : NTVMSNBC<\/a><\/p>\n","protected":false},"excerpt":{"rendered":"<p style=\"text-align: center;\">\n<p style=\"text-align: justify;\">Fransa Cumhurba\u015fkan\u0131 Nicolas Sarkozy, Ba\u015fbakan Tayyip Erdo\u011fan&#8217;a mektup yazarak, pazartesi g\u00fcn\u00fc Fransa Senatosu&#8217;nun g\u00fcndemine gelecek \u2018soyk\u0131r\u0131m\u0131n\u2019 inkar\u0131n\u0131 su\u00e7 sayan yasa tasar\u0131s\u0131n\u0131n T\u00fcrk- Frans\u0131z ili\u015fkilerini bozmamas\u0131 y\u00f6n\u00fcndeki temennisini iletti.<\/p>\n","protected":false},"author":1,"featured_media":0,"comment_status":"open","ping_status":"open","sticky":false,"template":"","format":"standard","meta":{"footnotes":""},"categories":[105],"tags":[],"class_list":["post-46986","post","type-post","status-publish","format-standard","hentry","category-gundem","odd"],"_links":{"self":[{"href":"http:\/\/www.korhanyilmaz.com\/index.php?rest_route=\/wp\/v2\/posts\/46986","targetHints":{"allow":["GET"]}}],"collection":[{"href":"http:\/\/www.korhanyilmaz.com\/index.php?rest_route=\/wp\/v2\/posts"}],"about":[{"href":"http:\/\/www.korhanyilmaz.com\/index.php?rest_route=\/wp\/v2\/types\/post"}],"author":[{"embeddable":true,"href":"http:\/\/www.korhanyilmaz.com\/index.php?rest_route=\/wp\/v2\/users\/1"}],"replies":[{"embeddable":true,"href":"http:\/\/www.korhanyilmaz.com\/index.php?rest_route=%2Fwp%2Fv2%2Fcomments&post=46986"}],"version-history":[{"count":0,"href":"http:\/\/www.korhanyilmaz.com\/index.php?rest_route=\/wp\/v2\/posts\/46986\/revisions"}],"wp:attachment":[{"href":"http:\/\/www.korhanyilmaz.com\/index.php?rest_route=%2Fwp%2Fv2%2Fmedia&parent=46986"}],"wp:term":[{"taxonomy":"category","embeddable":true,"href":"http:\/\/www.korhanyilmaz.com\/index.php?rest_route=%2Fwp%2Fv2%2Fcategories&post=46986"},{"taxonomy":"post_tag","embeddable":true,"href":"http:\/\/www.korhanyilmaz.com\/index.php?rest_route=%2Fwp%2Fv2%2Ftags&post=46986"}],"curies":[{"name":"wp","href":"https:\/\/api.w.org\/{rel}","templated":true}]}}