{"id":46977,"date":"2012-01-20T12:08:58","date_gmt":"2012-01-20T10:08:58","guid":{"rendered":"http:\/\/www.korhanyilmaz.com\/?p=46977"},"modified":"2012-01-20T12:37:42","modified_gmt":"2012-01-20T10:37:42","slug":"canli-yayinda-sut-icti-korkmadan-icin-dedi","status":"publish","type":"post","link":"http:\/\/www.korhanyilmaz.com\/?p=46977","title":{"rendered":"Canl\u0131 yay\u0131nda s\u00fct i\u00e7ti, &#8216;korkmadan i\u00e7in&#8217; dedi"},"content":{"rendered":"<p style=\"text-align: center;\"><a href=\"http:\/\/www.korhanyilmaz.com\/wp-content\/uploads\/2012\/01\/9308.jpg\"  class=\"lightview\"><img loading=\"lazy\" decoding=\"async\" class=\"aligncenter  wp-image-46978\" src=\"http:\/\/www.korhanyilmaz.com\/wp-content\/uploads\/2012\/01\/9308.jpg\" alt=\"\" width=\"333\" height=\"191\" \/><\/a><\/p>\n<p style=\"text-align: justify;\">Tar\u0131m Bakan\u0131 Mehdi Eker, s\u00fct\u00fcn kanser yapt\u0131\u011f\u0131 iddialar\u0131n\u0131 de\u011ferlendirdi. Star TV&#8217;de canl\u0131 yay\u0131nda s\u00fct i\u00e7en Eker, &#8220;Anneler korkmadan \u00e7ocuklar\u0131na s\u00fct i\u00e7irebilirler&#8221; dedi.<\/p>\n<p style=\"text-align: justify;\">\u0130STANBUL &#8211; S\u00fct\u00fcn kanser yapt\u0131\u011f\u0131 iddialar\u0131 g\u00fcndemdeki yerini koruyor.<\/p>\n<p style=\"text-align: justify;\">Tar\u0131m Bakan\u0131 Mehdi Eker, Star TV&#8217;deki Melek program\u0131nda konuyla ilgili de\u011ferlendirme yapt\u0131.\u00a0<!--more--><\/p>\n<p style=\"text-align: justify;\">Eker \u015funlar\u0131 s\u00f6yledi: &#8220;Bir bardak s\u00fctte f\u0131rt\u0131na kopar\u0131ld\u0131. Bir c\u00fcmle \u00e7ekilip man\u015fete \u00e7ekildi. Biz bu do\u011fru de\u011fil dedik. Bizim ba\u015flatt\u0131\u011f\u0131m\u0131z sistemle tarladan sofraya kadar b\u00fct\u00fcn \u00fcretilen b\u00fct\u00fcn g\u0131da maddeleri denetleniyor. Sanayide i\u015flenen s\u00fct g\u00fcvenilir s\u00fctt\u00fcr. Ambalajlanan s\u00fct, denetleniyor. Bir\u00e7ok a\u015famadan sonra paketlenip sat\u0131\u015fa sunuluyor.<\/p>\n<p style=\"text-align: justify;\">S\u00fct \u00e7ok sa\u011fl\u0131kl\u0131 bir i\u00e7ecek. Her ya\u015ftaki insan\u0131n t\u00fcketmesi gereken bir i\u00e7ecek. G\u00fcvenilirdir. G\u00f6n\u00fcl rahatl\u0131\u011f\u0131yla anneler, kendileri t\u00fcketibilirler. \u00c7ocuklar\u0131na korkmadan i\u00e7irebilirler. Sokak s\u00fctleri sa\u011fl\u0131ks\u0131z olabilir. Burada dikkatli olmak laz\u0131m. Onlar\u0131n denetimi yeteri kadar yap\u0131lamiyor. \u0130\u00e7ine bir \u015fey kat\u0131ld\u0131 m\u0131 bunu bilmiyorsun. Ambalajl\u0131 s\u00fct \u00e7ok daha g\u00fcvenlidir. Yeni g\u0131da g\u00fcvenli\u011fi sistemiyle her kademede denetliyoruz.<\/p>\n<p style=\"text-align: justify;\">Etiketleri eskiden okunmuyordu. Bunu yasaklad\u0131k en az 12 punto b\u00fcy\u00fckl\u00fc\u011f\u00fcnde olacak. Denetledi\u011fimiz yanl\u0131\u015f bir \u015fey olunca markay\u0131 tespit edip &#8216;\u015fu firma sa\u011fl\u0131\u011fa ayk\u0131r\u0131 i\u015flemi yapt\u0131&#8217; diyece\u011fiz.&#8221;<\/p>\n<p style=\"text-align: justify;\"><strong>CANLI YAYINDA \u0130\u00c7T\u0130<\/strong><\/p>\n<p style=\"text-align: justify;\">Annelerin korkmadan \u00e7ocuklar\u0131na s\u00fct i\u00e7irebilece\u011fini belirten Eker, kendisi de canl\u0131 yay\u0131nda s\u00fct i\u00e7ti.<\/p>\n<p style=\"text-align: justify;\"><strong>ARAL DA \u00c7AY \u0130\u00c7M\u0130\u015eT\u0130<\/strong><\/p>\n<p style=\"text-align: justify;\">Cahit Aral, 1986&#8217;daki \u00c7ernobil felaketi sonras\u0131 \u00e7aylarda radyasyon oldu\u011fu iddialar\u0131n\u0131 yalanlamak i\u00e7in kameralar\u0131n \u00f6n\u00fcnde \u00e7ay i\u00e7mi\u015fti. D\u00f6nemin Sanayi Bakan\u0131 Aral&#8217;\u0131n bu hareketi kamuoyunda aylarca konu\u015fulmu\u015ftu.<\/p>\n<p style=\"text-align: justify;\"><a href=\"http:\/\/www.ntvmsnbc.com\/id\/25315459\/\" target=\"_blank\">Kaynak : NTVMSNBC<\/a><\/p>\n","protected":false},"excerpt":{"rendered":"<p style=\"text-align: center;\">\n<p style=\"text-align: justify;\">Tar\u0131m Bakan\u0131 Mehdi Eker, s\u00fct\u00fcn kanser yapt\u0131\u011f\u0131 iddialar\u0131n\u0131 de\u011ferlendirdi. Star TV&#8217;de canl\u0131 yay\u0131nda s\u00fct i\u00e7en Eker, &#8220;Anneler korkmadan \u00e7ocuklar\u0131na s\u00fct i\u00e7irebilirler&#8221; dedi.<\/p>\n<p style=\"text-align: justify;\">\u0130STANBUL &#8211; S\u00fct\u00fcn kanser yapt\u0131\u011f\u0131 iddialar\u0131 g\u00fcndemdeki yerini koruyor.<\/p>\n<p style=\"text-align: justify;\">Tar\u0131m Bakan\u0131 Mehdi Eker, Star TV&#8217;deki Melek program\u0131nda konuyla ilgili de\u011ferlendirme yapt\u0131. <\/p>\n","protected":false},"author":1,"featured_media":0,"comment_status":"open","ping_status":"open","sticky":false,"template":"","format":"standard","meta":{"footnotes":""},"categories":[105],"tags":[],"class_list":["post-46977","post","type-post","status-publish","format-standard","hentry","category-gundem","odd"],"_links":{"self":[{"href":"http:\/\/www.korhanyilmaz.com\/index.php?rest_route=\/wp\/v2\/posts\/46977","targetHints":{"allow":["GET"]}}],"collection":[{"href":"http:\/\/www.korhanyilmaz.com\/index.php?rest_route=\/wp\/v2\/posts"}],"about":[{"href":"http:\/\/www.korhanyilmaz.com\/index.php?rest_route=\/wp\/v2\/types\/post"}],"author":[{"embeddable":true,"href":"http:\/\/www.korhanyilmaz.com\/index.php?rest_route=\/wp\/v2\/users\/1"}],"replies":[{"embeddable":true,"href":"http:\/\/www.korhanyilmaz.com\/index.php?rest_route=%2Fwp%2Fv2%2Fcomments&post=46977"}],"version-history":[{"count":0,"href":"http:\/\/www.korhanyilmaz.com\/index.php?rest_route=\/wp\/v2\/posts\/46977\/revisions"}],"wp:attachment":[{"href":"http:\/\/www.korhanyilmaz.com\/index.php?rest_route=%2Fwp%2Fv2%2Fmedia&parent=46977"}],"wp:term":[{"taxonomy":"category","embeddable":true,"href":"http:\/\/www.korhanyilmaz.com\/index.php?rest_route=%2Fwp%2Fv2%2Fcategories&post=46977"},{"taxonomy":"post_tag","embeddable":true,"href":"http:\/\/www.korhanyilmaz.com\/index.php?rest_route=%2Fwp%2Fv2%2Ftags&post=46977"}],"curies":[{"name":"wp","href":"https:\/\/api.w.org\/{rel}","templated":true}]}}