{"id":46955,"date":"2012-01-19T17:18:35","date_gmt":"2012-01-19T15:18:35","guid":{"rendered":"http:\/\/www.korhanyilmaz.com\/?p=46955"},"modified":"2012-01-20T03:17:10","modified_gmt":"2012-01-20T01:17:10","slug":"evin-esen-topraga-verildi","status":"publish","type":"post","link":"http:\/\/www.korhanyilmaz.com\/?p=46955","title":{"rendered":"Evin Esen topra\u011fa verildi"},"content":{"rendered":"<p style=\"text-align: justify;\"><a href=\"http:\/\/www.korhanyilmaz.com\/wp-content\/uploads\/2012\/01\/92831.jpg\"  class=\"lightview\"><img loading=\"lazy\" decoding=\"async\" class=\"aligncenter size-full wp-image-46956\" title=\"\" src=\"http:\/\/www.korhanyilmaz.com\/wp-content\/uploads\/2012\/01\/92831.jpg\" alt=\"\" width=\"348\" height=\"176\" \/><\/a><\/p>\n<p style=\"text-align: justify;\">Ge\u00e7irdi\u011fi rahats\u0131zl\u0131k sonucu hayat\u0131n\u0131 kaybeden dizi oyuncusu Evin Esen (53), \u0130stanbul\u2019da topra\u011fa verildi.<\/p>\n<p style=\"text-align: justify;\">Evin Esen i\u00e7in ikindi vakti \u015eakirin Camii\u2019nde cenaze t\u00f6reni d\u00fczenlendi. Camideki t\u00f6rende Esen\u2019in eski e\u015fi ve ayn\u0131 zamanda rol arkada\u015f\u0131 oyuncu \u00dcmit Yesin, taziyeleri kabul etti. T\u00f6rene, Esen\u2019in en son rol ald\u0131\u011f\u0131 &#8220;Akasya Dura\u011f\u0131&#8221; dizisi oyuncular\u0131 Zeki Alasya, Levent \u00dclgen, Cezmi Bask\u0131n, Asl\u0131 Altaylar, Nilg\u00fcn Belg\u00fcn, Melek Baykal, Ate\u015f Fatih U\u00e7an, G\u00fclay Baltac\u0131, Pelin S\u00f6nmez ile \u015fark\u0131c\u0131 Ali \u015ean, tiyatrocu ve oyuncu M\u00fcjdat gezen, oyuncular Atilla Saral, \u015eevket \u00c7oruh ve Mustafa \u00dcst\u00fcnda\u011f\u2019\u0131n da aralar\u0131nda bulundu\u011fu \u00e7ok say\u0131da dizi oyuncusu ile tiyatrocu kat\u0131ld\u0131.\u00a0<!--more--><\/p>\n<p style=\"text-align: justify;\">Esen\u2019in cenazesi burada k\u0131l\u0131nan cenaze namaz\u0131n\u0131n ard\u0131ndan Karacaahmet Mezarl\u0131\u011f\u0131\u2019nda topa\u011fa verildi. Cenaze t\u00f6renine sanat\u00e7\u0131 \u0130brahim Tatl\u0131ses ile yap\u0131mc\u0131 T\u00fcrker \u0130nano\u011flu da \u00e7elenk g\u00f6nderdi. Evin Esen, d\u00fcn gece solunum yetersizli\u011fi nedeniyle G\u00f6ztepe E\u011fitim ve Ara\u015ft\u0131rma Hastanesi\u2019ne g\u00f6t\u00fcr\u00fclm\u00fc\u015f, burada kalbi duran Esen\u2019e canland\u0131rma yap\u0131lm\u0131\u015ft\u0131. Esen daha sonra yak\u0131nlar\u0131 taraf\u0131ndan Pendik Kaynarca \u00d6zel Medicine Hospital Hastanesine g\u00f6t\u00fcr\u00fclmek istenirken yolda tekrar kalbinin durmas\u0131 \u00fczerine hayat\u0131n\u0131 kaybetmi\u015fti.<\/p>\n<p style=\"text-align: justify;\"><strong>ROL ARAKADA\u015eLARI SON YOLCULU\u011eUNDA YANINDAYDI\u00a0<\/strong><\/p>\n<p style=\"text-align: justify;\">Evin Esen\u2019i son olarak \u2019\u015eaziment&#8221; rol\u00fcn\u00fc oynad\u0131\u011f\u0131 &#8220;Akasya Dura\u011f\u0131&#8221; adl\u0131 dizideki rol arkada\u015flar\u0131 cenaze t\u00f6reninde yaln\u0131z b\u0131rakmad\u0131. Rol arkada\u015f\u0131 olan Zeki Alasya, &#8220;Evin, \u00e7al\u0131\u015fmazsa ge\u00e7inemeyecek durumda oldu\u011fu i\u00e7in \u00e7al\u0131\u015ft\u0131. Sa\u011fl\u0131k durumu \u00e7ok k\u00f6t\u00fcyd\u00fc. Zor \u00e7al\u0131\u015f\u0131yordu. Son zamanlarda rollerini azaltm\u0131\u015flard\u0131. S\u00f6z\u00fcn bitti\u011fi yerdeyiz. \u00dcz\u00fcnt\u00fcm, iyi bir arkada\u015f\u0131m\u0131 kaybetmekten \u00f6te, iyi bir sanat\u00e7\u0131 gitti. Nur i\u00e7inde yats\u0131n&#8221; dedi.<\/p>\n<p style=\"text-align: justify;\">Nilg\u00fcn Belg\u00fcn de Esen\u2019in y\u0131llar\u0131n\u0131 sanata vermi\u015f emek\u00e7i bir sanat\u00e7\u0131 oldu\u011funu belirterek, &#8220;Sa\u011fl\u0131k durumu iyi de\u011fildi. Hem bizlerle birlikte olmak istiyordu, hem de sa\u011fl\u0131\u011f\u0131 buna m\u00fcsaade etmiyordu. Ama kendi iste\u011fiyle dizide \u00e7al\u0131\u015ft\u0131. \u015eirketimiz ona \u00e7al\u0131\u015fma dedi ama o \u00e7al\u0131\u015farak hayat\u0131n\u0131 kaybetti&#8221; diye konu\u015ftu.<\/p>\n<p style=\"text-align: justify;\">Levent \u00dclgen ise duygular\u0131n\u0131 &#8220;\u00c7ok ani oldu. \u00c7ok severdik birbirimizi. Ke\u015fke dizideki gibi olsa, birden bire canlansa. \u00d6l\u00fcm ger\u00e7ek hayatta ac\u0131 oluyormu\u015f. Senaryo gibi olmuyormu\u015f&#8221; \u015feklinde ifade etti. M\u00fcjdat Gezen de Esen\u2019in \u00e7ok iyi bir dost ve \u00e7ok iyi bir sanat\u00e7\u0131 oldu\u011funu ifade etti. Eski e\u015fi ve dizideki rol arkada\u015f\u0131 olan \u00dcmit Yesin ise Esen\u2019in s\u00fcrprizleri seven \u00e7ok \u015fakac\u0131 bir ki\u015fili\u011fi oldu\u011funu kaydederek, &#8220;\u015eakay\u0131 \u00e7ok severdi, \u015faka yapt\u0131 bize. Biz ayr\u0131lsak da dostlu\u011fumuz s\u00fcr\u00fcyordu. Neredeyse \u00e7ocuklu\u011fumuz beraber ge\u00e7ti. Bazen insan evlili\u011fi beceremez ama dostlu\u011fu becerir. Biz \u00f6yleydik. \u00c7ok \u00fczg\u00fcn\u00fcm&#8221; dedi.<\/p>\n<p style=\"text-align: justify;\">Camideki t\u00f6rende, Esen\u2019in yak\u0131nlar\u0131n\u0131n ve rol arkada\u015flar\u0131n\u0131n g\u00f6zya\u015flar\u0131n\u0131 tutamad\u0131\u011f\u0131 g\u00f6r\u00fcld\u00fc.<\/p>\n<p style=\"text-align: justify;\"><strong>\u0130L SA\u011eLIK M\u00dcD\u00dcRL\u00dc\u011e\u00dc\u2019NDEN EV\u0130N ESEN\u2019\u0130N \u00d6L\u00dcM\u00dcYLE \u0130LG\u0130L\u0130 A\u00c7IKLAMA\u00a0<\/strong><\/p>\n<p style=\"text-align: justify;\">\u0130stanbul \u0130l Sa\u011fl\u0131k M\u00fcd\u00fcrl\u00fc\u011f\u00fc, sanat\u00e7\u0131 Evin Esen\u2019in \u00f6l\u00fcm\u00fcn\u00fcn ard\u0131ndan &#8220;yo\u011fun bak\u0131mda yer yoktu&#8221; iddialar\u0131yla ilgili a\u00e7\u0131klama yapt\u0131. Yaz\u0131l\u0131 a\u00e7\u0131klamada \u015f\u00f6yle denildi:<\/p>\n<p style=\"text-align: justify;\">&#8220;Sanat\u00e7\u0131 Evin Esen i\u00e7in hastanenin yo\u011fun bak\u0131m yata\u011f\u0131 dolu oldu\u011fu i\u00e7in 2,5 saat yo\u011fun bak\u0131m yata\u011f\u0131 olan hastane arand\u0131\u011f\u0131 belirtilmektedir. M\u00fcd\u00fcrl\u00fc\u011f\u00fcm\u00fcz konuyu de\u011ferlendirmi\u015f olup, a\u015fa\u011f\u0131daki a\u00e7\u0131klamay\u0131 kamuoyu ile payla\u015fma gere\u011fi duymu\u015ftur. Sanat\u00e7\u0131 Evin Esen 18.01.2012 tarihinde saat 19:00 civar\u0131nda Medeniyet \u00dcniversitesi G\u00f6ztepe E\u011fitim ve Ara\u015ft\u0131rma Hastanesi acil servisine getirilmi\u015ftir. 2-3 g\u00fcnd\u00fcr s\u00fcren konu\u015fma bozuklu\u011fu, nefes darl\u0131\u011f\u0131, bilin\u00e7 bozuklu\u011fu \u015fik\u00e2yetiyle hasta yak\u0131nlar\u0131 taraf\u0131ndan getirilen sanat\u00e7\u0131n\u0131n yap\u0131lan ilk muayenede solunum ve dola\u015f\u0131m yetersizli\u011fine ba\u011fl\u0131 olarak ileri derecede morarman\u0131n oldu\u011fu ve nabz\u0131n\u0131n \u00e7ok yava\u015f att\u0131\u011f\u0131 g\u00f6r\u00fcld\u00fc. Hastanede iki kere kalbi duran hastaya yakla\u015f\u0131k bir saat m\u00fcdahale edildikten sonra hastanenin yo\u011fun bak\u0131m servisi dolu oldu\u011fu i\u00e7in g\u00f6revli hekim taraf\u0131ndan saat 20:03\u2019te Anadolu yakas\u0131 112 Komuta Kontrol Merkezi aranarak yo\u011fun bak\u0131m ihtiyac\u0131 olan hasta i\u00e7in uygun bir hastaneye sevki istenmi\u015ftir. 112 Komuta Kontrol Merkezi kay\u0131tlar\u0131nda hasta i\u00e7in saat 20:05\u2019te bir \u00f6zel hastanenin yo\u011fun bak\u0131m \u00fcnitesi ayarland\u0131\u011f\u0131 ve nakil i\u00e7in Kad\u0131k\u00f6y 3 No\u2019lu Acil Yard\u0131m \u0130stasyon ekibinin saat 20:21\u2019de vakaya \u00e7\u0131k\u0131\u015f yapt\u0131\u011f\u0131 belirtilmi\u015ftir. Sa\u011fl\u0131k ekibi saat 20:29\u2019da Medeniyet \u00dcniversitesi G\u00f6ztepe E\u011fitim ve Ara\u015ft\u0131rma Hastanesi\u2019ne varm\u0131\u015f ve hastay\u0131 saat 20:55\u2019te Pendik\u2019te bulunan \u00f6zel hastaneye nakledilmi\u015ftir. Nakil esnas\u0131nda da kardiyak arrest ( Kalp durmas\u0131 ) olan hasta i\u00e7in saat 20:54\u2019te \u00f6zel hastaneye mavi kod bildirilmi\u015f olup \u00f6nceden haz\u0131rl\u0131klar\u0131n yap\u0131lmas\u0131 sa\u011flanm\u0131\u015ft\u0131r. Sanat\u00e7\u0131 Evin Esen\u2019in vefat\u0131ndan dolay\u0131 \u00fcz\u00fcnt\u00fclerimizi belirtir, yak\u0131nlar\u0131na ve sevdiklerine ba\u015f sa\u011fl\u0131\u011f\u0131 dileriz.&#8221;<\/p>\n<p style=\"text-align: justify;\"><a href=\"http:\/\/haber.gazetevatan.com\/evin-esen-topraga-verildi\/425507\/1\/Gundem\" target=\"_blank\">Kaynak : VATAN Gazetesi<\/a><\/p>\n","protected":false},"excerpt":{"rendered":"<p style=\"text-align: justify;\">\n<p style=\"text-align: justify;\">Ge\u00e7irdi\u011fi rahats\u0131zl\u0131k sonucu hayat\u0131n\u0131 kaybeden dizi oyuncusu Evin Esen (53), \u0130stanbul\u2019da topra\u011fa verildi.<\/p>\n<p style=\"text-align: justify;\">Evin Esen i\u00e7in ikindi vakti \u015eakirin Camii\u2019nde cenaze t\u00f6reni d\u00fczenlendi. Camideki t\u00f6rende Esen\u2019in eski e\u015fi ve ayn\u0131 zamanda rol arkada\u015f\u0131 oyuncu \u00dcmit Yesin, taziyeleri kabul etti. T\u00f6rene, Esen\u2019in en son rol ald\u0131\u011f\u0131 &#8220;Akasya Dura\u011f\u0131&#8221; dizisi <\/p>\n","protected":false},"author":1,"featured_media":0,"comment_status":"open","ping_status":"open","sticky":false,"template":"","format":"standard","meta":{"footnotes":""},"categories":[105],"tags":[666],"class_list":["post-46955","post","type-post","status-publish","format-standard","hentry","category-gundem","tag-evin-esen","odd"],"_links":{"self":[{"href":"http:\/\/www.korhanyilmaz.com\/index.php?rest_route=\/wp\/v2\/posts\/46955","targetHints":{"allow":["GET"]}}],"collection":[{"href":"http:\/\/www.korhanyilmaz.com\/index.php?rest_route=\/wp\/v2\/posts"}],"about":[{"href":"http:\/\/www.korhanyilmaz.com\/index.php?rest_route=\/wp\/v2\/types\/post"}],"author":[{"embeddable":true,"href":"http:\/\/www.korhanyilmaz.com\/index.php?rest_route=\/wp\/v2\/users\/1"}],"replies":[{"embeddable":true,"href":"http:\/\/www.korhanyilmaz.com\/index.php?rest_route=%2Fwp%2Fv2%2Fcomments&post=46955"}],"version-history":[{"count":0,"href":"http:\/\/www.korhanyilmaz.com\/index.php?rest_route=\/wp\/v2\/posts\/46955\/revisions"}],"wp:attachment":[{"href":"http:\/\/www.korhanyilmaz.com\/index.php?rest_route=%2Fwp%2Fv2%2Fmedia&parent=46955"}],"wp:term":[{"taxonomy":"category","embeddable":true,"href":"http:\/\/www.korhanyilmaz.com\/index.php?rest_route=%2Fwp%2Fv2%2Fcategories&post=46955"},{"taxonomy":"post_tag","embeddable":true,"href":"http:\/\/www.korhanyilmaz.com\/index.php?rest_route=%2Fwp%2Fv2%2Ftags&post=46955"}],"curies":[{"name":"wp","href":"https:\/\/api.w.org\/{rel}","templated":true}]}}