{"id":46951,"date":"2012-01-20T07:57:49","date_gmt":"2012-01-20T05:57:49","guid":{"rendered":"http:\/\/www.korhanyilmaz.com\/?p=46951"},"modified":"2012-01-20T12:30:51","modified_gmt":"2012-01-20T10:30:51","slug":"asabini-bozmayacak-programlari-izliyor","status":"publish","type":"post","link":"http:\/\/www.korhanyilmaz.com\/?p=46951","title":{"rendered":"Kanser de\u011filim"},"content":{"rendered":"<p style=\"text-align: center;\"><a href=\"http:\/\/www.korhanyilmaz.com\/wp-content\/uploads\/2012\/01\/9307.jpg\"  class=\"lightview\"><img loading=\"lazy\" decoding=\"async\" class=\"aligncenter  wp-image-46974\" src=\"http:\/\/www.korhanyilmaz.com\/wp-content\/uploads\/2012\/01\/9307.jpg\" alt=\"\" width=\"382\" height=\"214\" \/><\/a><\/p>\n<p style=\"text-align: justify;\">Erdo\u011fan, ameliyat sonras\u0131 Kanal D\u2019de Mehmet Ali Birand\u2019\u0131n sorular\u0131n\u0131 yan\u0131tlad\u0131. G\u00f6r\u00fc\u015fmenin i\u00e7eri\u011fine ili\u015fkin bilgi veren Birand, \u201cErdo\u011fan\u2019a \u2018kanser misiniz?\u2019 diye sordum. \u2018Hay\u0131r kanser de\u011filim\u2019 yan\u0131t\u0131n\u0131 verdi\u201d dedi.<\/p>\n<p style=\"text-align: justify;\">Ba\u015fbakan Recep Tayyip Tayyip Erdo\u011fan, ge\u00e7en y\u0131l 26 Kas\u0131m\u2019da \u0130stanbul\u2019da ge\u00e7irdi\u011fi operasyon sonras\u0131 ortaya at\u0131lan \u201cKanser nedeniyle kemoterapi g\u00f6r\u00fcyor\u201d iddialar\u0131n\u0131 yalanlad\u0131. Mehmet Ali Birand, Kanal D\u2019de d\u00fcn gece yay\u0131nlanan 32. G\u00fcn program\u0131 \u00f6ncesi Erdo\u011fan ile yapt\u0131\u011f\u0131 r\u00f6portaj\u0131n baz\u0131 \u00f6nemli ayr\u0131nt\u0131lar\u0131n\u0131 ana haber b\u00fclteninde anlatt\u0131.<!--more--><\/p>\n<p style=\"text-align: justify;\">Birand, \u201ckanser misiniz\u201d sorusuna Erdo\u011fan\u2019\u0131n \u201chay\u0131r kanser de\u011filim\u201d yan\u0131t\u0131 verdi\u011fini belirterek \u201cBen de kanser tedavisi g\u00f6ren, kemoterapi olan bir insan\u0131m. Bunun ne demek oldu\u011funu, insan\u0131 nas\u0131l sarst\u0131\u011f\u0131n\u0131 \u00e7ok iyi bilirim. Birine bak\u0131nca kolayl\u0131kla kemoterapi g\u00f6r\u00fcp g\u00f6rmedi\u011fini anlar\u0131m. Bakt\u0131m, anlad\u0131m. Hay\u0131r, g\u00f6rm\u00fcyor\u201d dedi.<\/p>\n<p style=\"text-align: justify;\"><strong>\u2018TV izliyorum\u2019<\/strong><\/p>\n<p style=\"text-align: justify;\">Birand\u2019\u0131n sa\u011fl\u0131\u011f\u0131yla ilgili sorular\u0131 \u00fczerine, eski \u00e7al\u0131\u015fma temposuna doktorlar\u0131n tavsiyesiyle martta ba\u015flayaca\u011f\u0131 yan\u0131t\u0131n\u0131 veren Erdo\u011fan \u00f6zetle \u015f\u00f6yle konu\u015ftu: \u201cDoktor r\u00f6lantide giderse iyi olur mesai diyor. Yurti\u00e7i biraz yap\u0131yorum ama yurtd\u0131\u015f\u0131na martta ba\u015flayaca\u011f\u0131m. Mart\u2019tan sonra yava\u015f yava\u015f ucu a\u00e7\u0131\u011fa gireriz. Sabah kalk\u0131\u015f normal. 06.30 filan gibi kalk\u0131\u015f\u0131m var. Sonra 1 saat istirahatim var, kahvalt\u0131m falan var. Sonra gazeteler okunuyor. Eskiden arkada\u015flar \u00f6zetliyordu. Arkada\u015flar bu aralar bana biraz f\u0131rsat tan\u0131d\u0131lar. Televizyon da seyrediyoruz. Daha \u00e7ok asab\u0131m\u0131 bozmayacak olanlar\u0131 seyrediyorum. Tart\u0131\u015fmalar\u0131 \u00e7ok takip etmiyorum, \u00e7\u00fcnk\u00fc \u00e7ok s\u0131k\u0131c\u0131 oluyor. \u015eunu g\u00f6r\u00fcyorsunuz, insan hayat\u0131yla ilgili bilerek yorum yap\u0131lm\u0131yor. Bilinmeden, belgeye dayal\u0131 olmayan yorumlar ve onlar\u0131n alt\u0131nda \u00e7o\u011fu zaman maalesef baz\u0131 iftiralar\u0131 g\u00f6rmek&#8230;O zaman bunu dinleme, sadece haberi dinle.\u201d<\/p>\n<p style=\"text-align: justify;\">Mevcut s\u00fcre\u00e7te mesaisine \u00f6\u011flen 12.00 &#8211; 13.00 gibi ba\u015flad\u0131\u011f\u0131n\u0131 dile getiren Erdo\u011fan \u201cnormal zamanda ev-ofisteki \u00e7al\u0131\u015fmam var, Ba\u015fbakanl\u0131k\u2019taki \u00e7al\u0131\u015fmam var. Ev &#8211; ofisteki \u00e7al\u0131\u015fmam sabah erken saatlerde ba\u015flar. Ondan sonra Ba\u015fbakanl\u0131k, 11.00 gibi resmen ba\u015flar\u201d dedi.<\/p>\n<p style=\"text-align: justify;\"><strong>\u2018Bazen han\u0131m k\u0131z\u0131yor\u2019<\/strong><\/p>\n<p style=\"text-align: justify;\">Erdo\u011fan, Birand\u2019\u0131n \u201cak\u015fam ka\u00e7ta evde oldu\u011fu\u201dnu sormas\u0131 \u00fczerine de ilgin\u00e7 bir yan\u0131t verdi: \u201cAk\u015fam\u0131n ucu a\u00e7\u0131k. Bazen han\u0131m sinirleniyor falan, ama geli\u015fim bu halimle bile yine 22.00\u2019yi. normal zamanda (gece) 12\u2019yi a\u015f\u0131yor zaten. \u00c7\u00fcnk\u00fc b\u00fct\u00fcn g\u00fcn g\u00f6r\u00fc\u015fmeler vs. falan ge\u00e7ti\u011fi i\u00e7in, ak\u015fam saat 7 &#8211; 8\u2019den sonra dosyalar\u0131 incelemeye ba\u015fl\u0131yorsunuz. \u00c7\u00fcnk\u00fc dosya biriktirmeyi sevmem. Dosya birikmemesi laz\u0131m. Bunlar tabii bakanl\u0131klar\u0131 da harekete ge\u00e7iriyor.<\/p>\n<p style=\"text-align: justify;\">Bu a\u00e7\u0131dan \u00f6nemli.\u201d Erdo\u011fan, ameliyattan sonraki ilk grup toplant\u0131s\u0131n\u0131 hat\u0131rlatan Birand\u2019\u0131n \u201ceskiyi aratm\u0131yorsunuz. Gene gayet sert, gayet sesi y\u00fcksek\u201d s\u00f6zleri \u00fczerine de \u201cb\u00f6yle muhalefet olursa, sa\u011folsun biz de enerjimizi toplar\u0131z\u201d diye espri yapt\u0131.<\/p>\n<p style=\"text-align: justify;\"><strong>\u2018Ya olursunuz, ya \u00f6l\u00fcrs\u00fcn\u00fcz\u2019<\/strong><\/p>\n<p style=\"text-align: justify;\">Birand, \u00e7ekimden sonra Ak Parti \u0130l Ba\u015fkanl\u0131\u011f\u0131\u2019n\u0131n 8. kat\u0131nda pa\u00e7a \u00e7orbas\u0131 ve d\u00f6ner yediklerini, baz\u0131 \u00f6zel sorular\u0131 da Ba\u015fbakan\u2019a burada y\u00f6neltti\u011fini kaydetti. Yemekte S\u00fcmeyye Erdo\u011fan\u2019\u0131n da oldu\u011funu kaydeden Birand, Ba\u015fbakan\u2019\u0131n \u201cAmeliyat\u0131m s\u0131ras\u0131nda kendimi bir Galatasarayl\u0131ya teslim ettim\u201d dedi\u011fini aktard\u0131. (Prof. Dursun Bu\u011fra Galatasarayl\u0131ym\u0131\u015f) Birand\u2019a g\u00f6re Erdo\u011fan\u2019\u0131n iki \u015fikayeti var: Birincisi sesinin k\u0131s\u0131lmas\u0131. Ameliyat i\u00e7in a\u011fz\u0131ndan sokulan hortumdan dolay\u0131 sesi k\u0131s\u0131lm\u0131\u015f. As\u0131l \u015fikayeti s\u0131rt a\u011fr\u0131s\u0131&#8230; Ameliyat sonras\u0131 sa\u011f taraf\u0131na aya\u011f\u0131n\u0131 da hafif kald\u0131rarak yatt\u0131\u011f\u0131 i\u00e7in s\u0131rt a\u011fr\u0131s\u0131 \u00e7ekiyor.<\/p>\n<p style=\"text-align: justify;\"><strong>\u201828 \u015eubat bizi g\u00fc\u00e7l\u00fc k\u0131ld\u0131\u2019<\/strong><\/p>\n<p style=\"text-align: justify;\">Erdo\u011fan, Fransa Senatosu\u2019na gelecek soyk\u0131r\u0131m tasar\u0131s\u0131 i\u00e7in \u201cSuland\u0131r\u0131lm\u0131\u015f bir karar var ortada. \u00c7al\u0131\u015fmalar\u0131m\u0131z\u0131 s\u00fcrd\u00fcr\u00fcyoruz\u201d derken, 28 \u015eubat\u2019la ilgili sorular \u00fczerine \u00f6zetle \u015f\u00f6yle konustu:<\/p>\n<p style=\"text-align: justify;\">\u201cRP, FP\u2019deki performans\u0131m\u0131z ortada. FP kurulunca buraya ge\u00e7tik. Fazilet kapat\u0131lmam\u0131\u015f olsayd\u0131 ayr\u0131lmaya gerek yoktu. Hamdolsun halk\u0131m\u0131z\u0131n bize olan ilgisi alakas\u0131, 28 \u015eubat\u2019a ra\u011fmen bizi g\u00fc\u00e7l\u00fc k\u0131ld\u0131. Maalesef genelde bir kayba u\u011frad\u0131k. \u00c7al\u0131\u015fmalar\u0131m\u0131za aynen devam ettik. Bunun kapatma getirece\u011fini bekliyor muydunuz diye sorarsan\u0131z, b\u00f6yle bir tehlikeyi bekliyorduk.<\/p>\n<p style=\"text-align: justify;\">28 \u015eubat demokratik parlamenter sistemin s\u0131k\u0131nt\u0131da oldu\u011funu ortaya koydu. Omurgal\u0131 duru\u015fa ihtiya\u00e7 oldu\u011fu d\u00f6nemde yaln\u0131z kal\u0131yorsunuz. (Askerin sizi iktidar yapmayaca\u011f\u0131n\u0131 d\u00fc\u015f\u00fcnd\u00fcn\u00fcz m\u00fc sorusu \u00fczerine) \u201cAkl\u0131m\u0131zdan b\u00f6yle bir \u015fey ge\u00e7irseydik asla bu partiyi kurmazd\u0131k. Ya olursunuz, ya \u00f6l\u00fcrs\u00fcn\u00fcz. Birini tercih edeceksiniz\u201d dedi.<\/p>\n<p style=\"text-align: justify;\">Erdo\u011fan, Dink karar\u0131yla ilgili olarak da \u015fu yorumu yapt\u0131: \u201c32 saatte bu i\u015fin failini yakalam\u0131\u015f bir h\u00fck\u00fcmetiz. Bundan sonras\u0131 yarg\u0131ya ait bir s\u00fcre\u00e7tir ve bu s\u00fcre\u00e7 uzam\u0131\u015ft\u0131r. Dolay\u0131s\u0131yla biz bu s\u00fcre\u00e7te yarg\u0131dan h\u00fck\u00fcmete ne intikal etmi\u015fse yerine getirmi\u015fizdir.\u201d<\/p>\n<p style=\"text-align: justify;\"><a href=\"http:\/\/siyaset.milliyet.com.tr\/kanser-degilim\/siyaset\/siyasetdetay\/20.01.2012\/1491401\/default.htm\" target=\"_blank\">Kaynak : Milliyet.com.tr<\/a><\/p>\n","protected":false},"excerpt":{"rendered":"<p style=\"text-align: center;\">\n<p style=\"text-align: justify;\">Erdo\u011fan, ameliyat sonras\u0131 Kanal D\u2019de Mehmet Ali Birand\u2019\u0131n sorular\u0131n\u0131 yan\u0131tlad\u0131. G\u00f6r\u00fc\u015fmenin i\u00e7eri\u011fine ili\u015fkin bilgi veren Birand, \u201cErdo\u011fan\u2019a \u2018kanser misiniz?\u2019 diye sordum. \u2018Hay\u0131r kanser de\u011filim\u2019 yan\u0131t\u0131n\u0131 verdi\u201d dedi.<\/p>\n<p style=\"text-align: justify;\">Ba\u015fbakan Recep Tayyip Tayyip Erdo\u011fan, ge\u00e7en y\u0131l 26 Kas\u0131m\u2019da \u0130stanbul\u2019da ge\u00e7irdi\u011fi operasyon sonras\u0131 ortaya at\u0131lan \u201cKanser nedeniyle kemoterapi g\u00f6r\u00fcyor\u201d iddialar\u0131n\u0131 yalanlad\u0131. <\/p>\n","protected":false},"author":1,"featured_media":0,"comment_status":"open","ping_status":"open","sticky":false,"template":"","format":"standard","meta":{"footnotes":""},"categories":[105],"tags":[],"class_list":["post-46951","post","type-post","status-publish","format-standard","hentry","category-gundem","odd"],"_links":{"self":[{"href":"http:\/\/www.korhanyilmaz.com\/index.php?rest_route=\/wp\/v2\/posts\/46951","targetHints":{"allow":["GET"]}}],"collection":[{"href":"http:\/\/www.korhanyilmaz.com\/index.php?rest_route=\/wp\/v2\/posts"}],"about":[{"href":"http:\/\/www.korhanyilmaz.com\/index.php?rest_route=\/wp\/v2\/types\/post"}],"author":[{"embeddable":true,"href":"http:\/\/www.korhanyilmaz.com\/index.php?rest_route=\/wp\/v2\/users\/1"}],"replies":[{"embeddable":true,"href":"http:\/\/www.korhanyilmaz.com\/index.php?rest_route=%2Fwp%2Fv2%2Fcomments&post=46951"}],"version-history":[{"count":0,"href":"http:\/\/www.korhanyilmaz.com\/index.php?rest_route=\/wp\/v2\/posts\/46951\/revisions"}],"wp:attachment":[{"href":"http:\/\/www.korhanyilmaz.com\/index.php?rest_route=%2Fwp%2Fv2%2Fmedia&parent=46951"}],"wp:term":[{"taxonomy":"category","embeddable":true,"href":"http:\/\/www.korhanyilmaz.com\/index.php?rest_route=%2Fwp%2Fv2%2Fcategories&post=46951"},{"taxonomy":"post_tag","embeddable":true,"href":"http:\/\/www.korhanyilmaz.com\/index.php?rest_route=%2Fwp%2Fv2%2Ftags&post=46951"}],"curies":[{"name":"wp","href":"https:\/\/api.w.org\/{rel}","templated":true}]}}