{"id":4695,"date":"2009-03-04T09:07:26","date_gmt":"2009-03-04T07:07:26","guid":{"rendered":"http:\/\/www.korhanyilmaz.com\/?p=4695"},"modified":"2009-03-04T09:07:26","modified_gmt":"2009-03-04T07:07:26","slug":"kilicdarogluna-protestoda-tanidik-isim","status":"publish","type":"post","link":"http:\/\/www.korhanyilmaz.com\/?p=4695","title":{"rendered":"K\u0131l\u0131\u00e7daro\u011flu&#039;na protestoda tan\u0131d\u0131k isim"},"content":{"rendered":"<p style=\"text-align: center;\"><img loading=\"lazy\" decoding=\"async\" class=\"aligncenter size-full wp-image-4696\" title=\"K\u0131l\u0131\u00e7daro\u011flu'na protestoda tan\u0131d\u0131k isim \" src=\"http:\/\/www.korhanyilmaz.com\/wp-content\/uploads\/2009\/03\/040320091329150465832.jpg\" alt=\"K\u0131l\u0131\u00e7daro\u011flu'na protestoda tan\u0131d\u0131k isim \" width=\"376\" height=\"240\" \/><\/p>\n<p style=\"text-align: justify;\"><strong>K\u0131l\u0131\u00e7daro\u011flu&#8217;nu protesto eden ki\u015fi &#8220;Humeyni&#8217;yi Atat\u00fcrk&#8217;ten daha \u00e7ok seviyorum&#8221; diyen Nuray Bezirgan&#8217;\u0131n e\u015fi \u00e7\u0131kt\u0131<\/strong><\/p>\n<p style=\"text-align: justify;\">\u0130stanbul&#8217;un Fatih il\u00e7esinde se\u00e7im \u00e7al\u0131\u015fmalar\u0131 y\u00fcr\u00fcten CHP \u0130stanbul B\u00fcy\u00fck\u015fehir Belediye Ba\u015fkan aday\u0131 Kemal K\u0131l\u0131\u00e7daro\u011flu, &#8220;Frans\u0131zlar Mara\u015f&#8217;ta sald\u0131rm\u0131\u015ft\u0131 \u00e7ar\u015fafl\u0131 kad\u0131na, CHP&#8217;liler d\u00fcn Ba\u011fc\u0131lar&#8217;da sald\u0131rd\u0131&#8221; yaz\u0131l\u0131 d\u00f6vizle protesto edildi.<\/p>\n<p style=\"text-align: justify;\">CHP \u0130stanbul B\u00fcy\u00fck\u015fehir Belediye Ba\u015fkan aday\u0131 Kemal K\u0131l\u0131\u00e7daro\u011flu, yerel se\u00e7im \u00e7al\u0131\u015fmalar\u0131 kapsam\u0131nda Fatih&#8217;teydi.<!--more--><br \/>\nEsnaf\u0131 ziyaret eden K\u0131l\u0131\u00e7daro\u011flu, aralar\u0131nda t\u00fcrban ve \u00e7ar\u015fafl\u0131 kad\u0131nlar\u0131n da yer ald\u0131\u011f\u0131 vatanda\u015flarla tek tek tokala\u015ft\u0131, sohbet etti. \u00c7ar\u015fafl\u0131 kad\u0131nlar, &#8220;Allah yolunu a\u00e7\u0131k etsin&#8221; diyerek K\u0131l\u0131\u00e7daro\u011flu&#8217;na se\u00e7im yar\u0131\u015f\u0131nda ba\u015far\u0131 diledi.<\/p>\n<p style=\"text-align: justify;\">Bu s\u0131rada K\u0131l\u0131\u00e7daro\u011flu&#8217;nun yan\u0131ndaki CHP Fatih Belediye Ba\u015fkan aday\u0131 Can \u00d6zyedierler&#8217;in \u00e7ar\u015fafl\u0131 kad\u0131nlardan birinin elini \u00f6pmesi dikkat \u00e7ekti.<\/p>\n<p style=\"text-align: justify;\">K\u0131l\u0131\u00e7daro\u011flu \u00f6nderli\u011finde fatih sokaklar\u0131nda dola\u015fan CHP&#8217;liler, &#8220;Ey Fatihliler \u00e7ar\u015fafa t\u00fck\u00fcrenler \u00f6rt\u00fcye sald\u0131ranlar geliyor&#8221; yaz\u0131l\u0131 d\u00f6viz a\u00e7an 4-5 ki\u015filik grup taraf\u0131ndan protesto edildi.<\/p>\n<p style=\"text-align: justify;\">CHP&#8217;lilerle tart\u0131\u015fan grup \u00fcyelerinden ad\u0131n\u0131n \u00d6mer Bezirgan oldu\u011funu belirten ki\u015fi, &#8220;Frans\u0131zlar Mara\u015f&#8217;ta sald\u0131rm\u0131\u015ft\u0131 \u00e7ar\u015fafl\u0131 kad\u0131na, CHP&#8217;liler d\u00fcn Ba\u011fc\u0131lar&#8217;da sald\u0131rd\u0131. \u00c7ar\u015faf bu \u00fclkenin ger\u00e7e\u011fi. Benim e\u015fim ailem \u00f6rt\u00fcl\u00fc ve \u00e7ar\u015fafl\u0131d\u0131r&#8221; dedi.<\/p>\n<p style=\"text-align: justify;\">K\u0131l\u0131\u00e7daro\u011flu, protestocu grupla diyalog kurmadan esnaf\u0131 dola\u015fmaya devam ederken CHP&#8217;liler ile bu ki\u015filer aras\u0131ndaki tart\u0131\u015fma bir s\u00fcre sonra sona erdi.<\/p>\n<p style=\"text-align: justify;\">K\u0131l\u0131\u00e7daro\u011flu, daha sonra bir kahvehanede gazetecilerin sorular\u0131n\u0131 yan\u0131tlad\u0131. Protestoyla ilgili konu\u015fan K\u0131l\u0131\u00e7daro\u011flu, &#8220;Protestoyu g\u00f6rmedim ancak bu t\u00fcr protestolar\u0131 do\u011fal kar\u015f\u0131l\u0131yorum. Ger\u00e7ekten bir bayana yap\u0131lan haks\u0131zl\u0131kt\u0131. Ne olursa olsun o bir insan ve bayan. Onun \u00e7ar\u015faf\u0131n\u0131n zorla a\u00e7\u0131lmas\u0131 do\u011fru de\u011fildir. Bir ka\u00e7 kendini bilmez adam b\u00f6yle yap\u0131yor sonu\u00e7ta b\u00f6yle bir\u015fey ortaya \u00e7\u0131k\u0131yor&#8221; dedi.<\/p>\n<p style=\"text-align: justify;\"><strong>Protestocu tan\u0131d\u0131k \u00e7\u0131kt\u0131<\/strong><\/p>\n<p style=\"text-align: justify;\">Fatih&#8217;te K\u0131l\u0131\u00e7daro\u011flu&#8217;nu protesto eden \u00d6mer Bezirgan&#8217;\u0131n, bir tart\u0131\u015fma program\u0131nda &#8220;Humeyni&#8217;yi Atat\u00fcrk&#8217;ten daha \u00e7ok seviyorum&#8221; diyen Nuray Bezirgan&#8217;\u0131n e\u015fi oldu\u011fu \u00f6\u011frenildi. <span style=\"color: #888888;\">(CNN T\u00fcrk)<\/span><\/p>\n<div style=\"width: 366px\" class=\"wp-caption aligncenter\"><img loading=\"lazy\" decoding=\"async\" src=\"http:\/\/foto.gazetevatan.com\/newpics\/news\/040320090906305065464_3.jpg\" alt=\"\" width=\"356\" height=\"208\" align=\"center\" \/><p class=\"wp-caption-text\">Nuray Bezirgan Filistin&#39;e destek mitinginde g\u00f6r\u00fcnt\u00fclenmi\u015fti<\/p><\/div>\n","protected":false},"excerpt":{"rendered":"<p style=\"text-align: center;\">\n<p style=\"text-align: justify;\">K\u0131l\u0131\u00e7daro\u011flu&#8217;nu protesto eden ki\u015fi &#8220;Humeyni&#8217;yi Atat\u00fcrk&#8217;ten daha \u00e7ok seviyorum&#8221; diyen Nuray Bezirgan&#8217;\u0131n e\u015fi \u00e7\u0131kt\u0131<\/p>\n<p style=\"text-align: justify;\">\u0130stanbul&#8217;un Fatih il\u00e7esinde se\u00e7im \u00e7al\u0131\u015fmalar\u0131 y\u00fcr\u00fcten CHP \u0130stanbul B\u00fcy\u00fck\u015fehir Belediye Ba\u015fkan aday\u0131 Kemal K\u0131l\u0131\u00e7daro\u011flu, &#8220;Frans\u0131zlar Mara\u015f&#8217;ta sald\u0131rm\u0131\u015ft\u0131 \u00e7ar\u015fafl\u0131 kad\u0131na, CHP&#8217;liler d\u00fcn Ba\u011fc\u0131lar&#8217;da sald\u0131rd\u0131&#8221; yaz\u0131l\u0131 d\u00f6vizle protesto edildi.<\/p>\n<p style=\"text-align: justify;\">CHP \u0130stanbul B\u00fcy\u00fck\u015fehir Belediye Ba\u015fkan <\/p>\n","protected":false},"author":1,"featured_media":0,"comment_status":"open","ping_status":"closed","sticky":false,"template":"","format":"standard","meta":{"footnotes":""},"categories":[105],"tags":[],"class_list":["post-4695","post","type-post","status-publish","format-standard","hentry","category-gundem","odd"],"_links":{"self":[{"href":"http:\/\/www.korhanyilmaz.com\/index.php?rest_route=\/wp\/v2\/posts\/4695","targetHints":{"allow":["GET"]}}],"collection":[{"href":"http:\/\/www.korhanyilmaz.com\/index.php?rest_route=\/wp\/v2\/posts"}],"about":[{"href":"http:\/\/www.korhanyilmaz.com\/index.php?rest_route=\/wp\/v2\/types\/post"}],"author":[{"embeddable":true,"href":"http:\/\/www.korhanyilmaz.com\/index.php?rest_route=\/wp\/v2\/users\/1"}],"replies":[{"embeddable":true,"href":"http:\/\/www.korhanyilmaz.com\/index.php?rest_route=%2Fwp%2Fv2%2Fcomments&post=4695"}],"version-history":[{"count":0,"href":"http:\/\/www.korhanyilmaz.com\/index.php?rest_route=\/wp\/v2\/posts\/4695\/revisions"}],"wp:attachment":[{"href":"http:\/\/www.korhanyilmaz.com\/index.php?rest_route=%2Fwp%2Fv2%2Fmedia&parent=4695"}],"wp:term":[{"taxonomy":"category","embeddable":true,"href":"http:\/\/www.korhanyilmaz.com\/index.php?rest_route=%2Fwp%2Fv2%2Fcategories&post=4695"},{"taxonomy":"post_tag","embeddable":true,"href":"http:\/\/www.korhanyilmaz.com\/index.php?rest_route=%2Fwp%2Fv2%2Ftags&post=4695"}],"curies":[{"name":"wp","href":"https:\/\/api.w.org\/{rel}","templated":true}]}}