{"id":46946,"date":"2012-01-19T20:08:36","date_gmt":"2012-01-19T18:08:36","guid":{"rendered":"http:\/\/www.korhanyilmaz.com\/?p=46946"},"modified":"2012-01-20T02:09:25","modified_gmt":"2012-01-20T00:09:25","slug":"izmir-iddianamesi-kabul-edildi","status":"publish","type":"post","link":"http:\/\/www.korhanyilmaz.com\/?p=46946","title":{"rendered":"&#8216;\u0130zmir&#8217; iddianamesi kabul edildi"},"content":{"rendered":"<p style=\"text-align: justify;\"><a href=\"http:\/\/www.korhanyilmaz.com\/wp-content\/uploads\/2012\/01\/9304.jpg\"  class=\"lightview\"><img loading=\"lazy\" decoding=\"async\" class=\"aligncenter size-full wp-image-46947\" title=\"\" src=\"http:\/\/www.korhanyilmaz.com\/wp-content\/uploads\/2012\/01\/9304.jpg\" alt=\"\" width=\"325\" height=\"214\" \/><\/a><\/p>\n<p style=\"text-align: justify;\">\u0130zmir B\u00fcy\u00fck\u015fehir Belediyesi&#8217;ne yap\u0131lan operasyonlar\u0131n ard\u0131ndan haz\u0131rlanan iddianamede, B\u00fcy\u00fck\u015fehir Belediye Ba\u015fkan\u0131 Aziz Kocao\u011flu i\u00e7in 397 y\u0131l hapis isteniyor.<\/p>\n<p style=\"text-align: justify;\">\u0130zmir 8\u2019inci A\u011f\u0131r Ceza Mahkemesi\u2019nce kabul edilen iddianemede, 1 numaral\u0131 san\u0131k olarak yer verilen B\u00fcy\u00fck\u015fehir Belediye Ba\u015fkan\u0131 Aziz Kocao\u011flu hakk\u0131nda 34 ayr\u0131 su\u00e7tan toplam 397 y\u0131l hapis cezas\u0131 istendi.\u00a0<!--more--><\/p>\n<p style=\"text-align: justify;\">\u0130ki numaral\u0131 san\u0131k Genel Sekreter tutuklu Pervin \u015eenel Gen\u00e7 i\u00e7in 261, \u00fc\u00e7 numaral\u0131 tutuksuz san\u0131k Sait Ersu H\u0131z\u0131r i\u00e7in 123 y\u0131l hapis cezas\u0131 istendi.<\/p>\n<p style=\"text-align: justify;\">\u0130ddianameye g\u00f6re, Gen\u00e7\u2019in de aralar\u0131nda bulundu\u011fu 29\u2019u tutuklu 130 san\u0131k hakk\u0131nda, \u201cSu\u00e7 i\u015flemek amac\u0131yla \u00f6rg\u00fct kurmak ve y\u00f6netmek, su\u00e7 i\u015flemek amac\u0131yla kurulan \u00f6rg\u00fcte \u00fcye olmak, \u00f6rg\u00fcte bilerek isteyerek yard\u0131m etme, \u00f6rg\u00fct\u00fcn faaliyeti kapsam\u0131nda \u00e7ok say\u0131da ihaleye fesat kar\u0131\u015ft\u0131rma, ihalelerde bask\u0131 cebir tehdit uygulama, edimin ifas\u0131na fesat kar\u0131\u015ft\u0131rma, haks\u0131z menfaat temin etme, hizmet nedeniyle g\u00fcveni k\u00f6t\u00fcye kullanma, g\u00f6revi k\u00f6t\u00fcye kullanma, belgelerde sahtecilik, su\u00e7u ve su\u00e7lular\u0131 gizleme&#8217; su\u00e7lar\u0131ndan 6 ile 397 y\u0131l aras\u0131nda hapis cezas\u0131 istendi.<\/p>\n<p style=\"text-align: justify;\"><strong>10 KLAS\u00d6R, 324 SAYFA<\/strong><\/p>\n<p style=\"text-align: justify;\">Savc\u0131 \u00c7engil taraf\u0131ndan haz\u0131rlanan 10 klas\u00f6r 324 sayfadan olu\u015fan iddianamede, ma\u011fdurlar\u0131n Mete Atilla K\u0131rdar, Fatih Yado\u011flu, m\u00fc\u015ftekiler Cevhari Cem Kiraz ve Kaz\u0131m Ayd\u0131n oldu\u011fu belirtildi, san\u0131klar aras\u0131ndaki TAPE\u2019ler de delil olarak sunuldu.<\/p>\n<p style=\"text-align: justify;\"><strong>2011 YILI VE \u00d6NCES\u0130<\/strong><\/p>\n<p style=\"text-align: justify;\">\u0130\u015flenen su\u00e7lar\u0131n 2011 y\u0131l\u0131 ve \u00f6ncesi oldu\u011funa de\u011finen Savc\u0131 \u00c7engil, projeli soru\u015fturma kapsam\u0131nda, ilk a\u015famada 02.05.2011 tarihinde yap\u0131lan operasyonla bir k\u0131s\u0131m \u015f\u00fcphelilerin yakalan\u0131p g\u00f6zalt\u0131na al\u0131nd\u0131\u011f\u0131n\u0131, su\u00e7a konu kan\u0131tlar\u0131n b\u00fcy\u00fck k\u0131sm\u0131na el konuldu\u011funu, \u015f\u00fcpheliler Pervin \u015eenel Gen\u00e7, Hulusi G\u00fcl\u015fen ve Hakan Say\u2019\u0131n su\u00e7 \u00f6rg\u00fct\u00fcn\u00fc y\u00f6netmek, \u00f6rg\u00fct\u00fcn faaliyeti kapsam\u0131nda ihalelere fesat kar\u0131\u015ft\u0131rmak su\u00e7lar\u0131ndan tutukland\u0131\u011f\u0131n\u0131, di\u011fer 14 \u015f\u00fcphelinin ise su\u00e7 \u00f6rg\u00fct\u00fcne \u00fcye olmak, ihaleye fesat kar\u0131\u015ft\u0131rmak veya sahtecilik suretiyle kurumu zarara u\u011fratmak su\u00e7lar\u0131ndan tutukland\u0131klar\u0131n\u0131, el konulan ihale, edimin ifas\u0131na fesat kar\u0131\u015ft\u0131rma dosyalar\u0131 ile sahtecilik iddialar\u0131na konu belge ve d\u00f6k\u00fcmanlar \u00fczerinden bilirki\u015fi incelemelerinin yapt\u0131r\u0131ld\u0131\u011f\u0131, inceleme a\u015famas\u0131nda irtibat nedeniyle bir k\u0131s\u0131m soru\u015fturma dosyalar\u0131n\u0131n mevcut soru\u015fturma dosyas\u0131 ile birle\u015ftirildi\u011fini belirtti. \u00c7engil, bilirki\u015fi raporlar\u0131n\u0131n haricinde, m\u00fc\u015fteki ve ma\u011fdurlar\u0131n \u015fikayetlerine de tek tek yer verildi.<\/p>\n<p style=\"text-align: justify;\"><strong>\u00d6RG\u00dcT\u00dcN YAPISI VE SU\u00c7LAMALAR<\/strong><\/p>\n<p style=\"text-align: justify;\">\u0130ddianamede, \u00f6rg\u00fct yap\u0131s\u0131 da tek tek de\u011ferlendirildi. Tespitlere g\u00f6re, \u0130zmir B\u00fcy\u00fck\u015fenir Belediye Ba\u015fkan\u0131 Aziz Kocao\u011flu\u2019nun, \u00f6rg\u00fct lideri konumunda oldu\u011fu, y\u00f6neticilere emir talimatlar verdi\u011fi, \u00c7ankaya katl\u0131 otopark\u0131n kiraya verilmesi, 750 yeni durak yap\u0131m\u0131 ve kiraya verilmesi, Buca Toplu Konut ihalelerine fesat kar\u0131\u015ft\u0131rma, edimin ifas\u0131na fesat kar\u0131\u015ft\u0131rma eylemleri, \u0130ZFA\u015e&#8217;a yapt\u0131r\u0131lan usuls\u00fcz \u00f6demeler ile Genel Sekreter Pervin \u015eenel Gen\u00e7&#8217;in odas\u0131ndan ele ge\u00e7en Belediye Tefti\u015f Kurulunun haz\u0131rlad\u0131\u011f\u0131 raporda tespit edilen, halen soru\u015fturmas\u0131 devam eden usuls\u00fczl\u00fckleri \u00f6rtbas etmesi, i\u015flem yapt\u0131rmamas\u0131 eylemlerine bizzat kat\u0131lmas\u0131 ve \u00f6rg\u00fct y\u00f6neticilerinin kat\u0131ld\u0131klar\u0131 di\u011fer eylemlerin kaydedilen telefon g\u00f6r\u00fc\u015fmeleri ile ortam dinleme ve g\u00f6r\u00fcnt\u00fclerinden \u00f6rg\u00fct \u00fcyeleri ile aras\u0131ndaki \u00f6rg\u00fctsel irtibat\u0131n ortaya \u00e7\u0131kt\u0131\u011f\u0131 kaydedildi. Ba\u015fkan Kocao\u011flu\u2019nun, Genel Sekreter Vekili Pervin \u015eenel Gen\u00e7 ve baz\u0131 ki\u015filerle yapt\u0131\u011f\u0131 telefon g\u00f6r\u00fc\u015fmelerinin kay\u0131tlar\u0131 da kendisiyle ilgili de\u011ferlendirmeye \u0131\u015f\u0131k tutmas\u0131 i\u00e7in iddianameye konuldu.<\/p>\n<p style=\"text-align: justify;\"><strong>FATURALANDIRILMA \u0130\u015eLEMLER\u0130N\u0130 YAPIYORDU<\/strong><\/p>\n<p style=\"text-align: justify;\">Grand Plaza A.\u015e. Eski Genel M\u00fcd\u00fcr\u00fc Reha Pekerten\u2019in, Pervin \u015eenel Gen\u00e7\u2019in \u00f6rg\u00fct\u00fcn\u00fcn \u00fcyesi oldu\u011fu, yap\u0131lan yolsuzluklar\u0131n faturaland\u0131r\u0131lmas\u0131 i\u015flemlerinde etkili rol ald\u0131\u011f\u0131, \u00f6\u011fretmenler g\u00fcn\u00fcnde da\u011f\u0131t\u0131lmak \u00fczere atk\u0131 ve \u015fal al\u0131m\u0131, 50 ton mandalinan\u0131n \u015firkete \u00f6detilmesi olaylar\u0131na kat\u0131ld\u0131\u011f\u0131, telefon g\u00f6r\u00fc\u015fmeleriyle de su\u00e7 i\u015fleme iradesi ve \u00f6rg\u00fctsel irtibat\u0131n\u0131 ortaya koydu\u011fu dile getirildi.<\/p>\n<p style=\"text-align: justify;\"><strong>AL\u0130 S\u00dcHA SABUKTAY<\/strong><\/p>\n<p style=\"text-align: justify;\">\u0130ZENERJ\u0130 Genel M\u00fcd\u00fcr\u00fc olarak g\u00f6rev yapan Sabuktay\u2019\u0131n, Alia\u011fa Menderes Banliy\u00f6 hatt\u0131 sisteminin kentte ya\u015fayanlara 90 saniyelik film ile 32 sinema salonunda tan\u0131t\u0131lmas\u0131 ihalesine fesat kar\u0131\u015ft\u0131rd\u0131\u011f\u0131, \u015eevval Sam konseri, \u0130zmir B\u00fcy\u00fck\u015fehir Belediye Ba\u015fkanl\u0131\u011f\u0131 Destek Hizmetleri Dairesi Ba\u015fkanl\u0131\u011f\u0131\u2019nca ger\u00e7ekle\u015ftirilen tan\u0131t\u0131m i\u00e7in \u00e7ekilen foto\u011fraflar\u0131n masa\u00fcst\u00fc reklam filmine d\u00f6n\u00fc\u015ft\u00fcr\u00fclmesi hizmet al\u0131m ihalelerine fesat kar\u0131\u015ft\u0131rd\u0131\u011f\u0131 iddia edildi.<\/p>\n<p style=\"text-align: justify;\"><strong>HAYDAR BALLI<\/strong><\/p>\n<p style=\"text-align: justify;\">Grand Plaza A.\u015e. Genel M\u00fcd\u00fcr Yard\u0131mc\u0131s\u0131 Ball\u0131\u2019n\u0131n, yolsuzluklar\u0131n faturaland\u0131r\u0131lmas\u0131 i\u015flemlerinin yap\u0131lmas\u0131nda rol ald\u0131\u011f\u0131, se\u00e7im b\u00fcrolar\u0131na g\u00f6nderilen kumanyalar, \u00f6\u011fretmenler g\u00fcn\u00fcnde da\u011f\u0131t\u0131lan atk\u0131 ve \u015fal ihalelerine fesat kar\u0131\u015ft\u0131rd\u0131\u011f\u0131 ileri s\u00fcr\u00fcld\u00fc.<\/p>\n<p style=\"text-align: justify;\"><strong>H\u00dcSEY\u0130N KIRMIZI, ERHAN BEY, T\u00dcLAY AZER\u0130, LEVENT \u0130\u015eLER VE SEL\u00c7UK SAVCI<\/strong><\/p>\n<p style=\"text-align: justify;\">Karar ve Tutanaklar Daire Ba\u015fkan\u0131 T\u00fclay Azeri\u2019nin, B\u00fcy\u00fck\u015fehir Belediyesi Spor Kul\u00fcb\u00fc\u2019nden yap\u0131lan usuls\u00fcz harcamalar, Sheraton Oteli\u2019den yap\u0131lan usuls\u00fcz harcamalara kat\u0131ld\u0131\u011f\u0131, Genel Sekreter Yard\u0131mc\u0131s\u0131 Erhan Bey , \u0130ZELMAN Genel M\u00fcd\u00fcr\u00fc H\u00fcseyin K\u0131rm\u0131z\u0131 ve Emlak Y\u00f6netimi Daire Ba\u015fkan\u0131 Sel\u00e7uk Savc\u0131\u2019n\u0131n, \u00c7ankaya Katl\u0131 Otopark \u0130halesi\u2019ne fesat kar\u0131\u015ft\u0131r\u0131lmas\u0131n\u0131n yan\u0131s\u0131da, atk\u0131, \u015fal ve reklam filmleri ihalesine fesat kar\u0131\u015ft\u0131rd\u0131\u011f\u0131 ileri s\u00fcr\u00fcld\u00fc. K\u0131rm\u0131z\u0131\u2019n\u0131n, ihaleyle ilgili, \u201cYa da d\u00f6vecez adamlar\u0131&#8221; dedi\u011fi \u015feklindeki telefon konu\u015fmas\u0131 da yer ald\u0131.<\/p>\n<p style=\"text-align: justify;\"><strong>\u00d6ZT\u00dcRK KURT<\/strong><\/p>\n<p style=\"text-align: justify;\">\u0130ZENERJ\u0130 \u00e7al\u0131\u015fan\u0131 Kurt\u2019un, banliy\u00f6 ula\u015f\u0131m sisteminin vatanda\u015flara tan\u0131t\u0131lmas\u0131, toplu ula\u015f\u0131m\u0131n \u00f6zendirilerek tasarruf ve \u00e7evre kirlili\u011finin azalt\u0131lmas\u0131 ama\u00e7l\u0131 filmlerin senaryosunun haz\u0131rlanmas\u0131, yap\u0131lmas\u0131 ve teslimiyle ilgili ihaleye fesat kar\u0131\u015ft\u0131rd\u0131\u011f\u0131, Kaz\u0131m Murat Ayd\u0131n\u2019\u0131 engellemeye \u00e7al\u0131\u015ft\u0131\u011f\u0131, tehdit olaylar\u0131na kar\u0131\u015ft\u0131\u011f\u0131 iddia edildi.<\/p>\n<p style=\"text-align: justify;\"><strong>HAKAN SAY, \u00d6MER DEVR\u0130M ERG\u0130N, HARUN ARSLAN<\/strong><\/p>\n<p style=\"text-align: justify;\">\u00dc\u00e7 ki\u015finin, Ersu H\u0131z\u0131r\u2019la hareket etti\u011fi, yerine gelen Pervin \u015eenel Gen\u00e7\u2019le faaliyetlerine devam ettikleri, organizasyon firmalar\u0131 arac\u0131l\u0131\u011f\u0131yla ihalelere kat\u0131ld\u0131klar\u0131, gizli anla\u015fmalar yapt\u0131klar\u0131, kurum g\u00f6revlileriyle irtibat kurup gizli bilgilere ula\u015ft\u0131klar\u0131 iddia edildi.<\/p>\n<p style=\"text-align: justify;\"><strong>PINAR \u00c7ALI\u015eKAN<\/strong><\/p>\n<p style=\"text-align: justify;\">Destek Hizmetleri Daire Ba\u015fkanl\u0131\u011f\u0131 \u00e7al\u0131\u015fan\u0131 \u00c7al\u0131\u015fkan\u2019\u0131n, banliy\u00f6 tan\u0131t\u0131m film ve Balkan halk danslar\u0131 festivali hizmet al\u0131m ihalelerine i\u015ftirak ederek su\u00e7 i\u015fleme iradesini ortaya koydu\u011fu kaydedildi.<\/p>\n<p style=\"text-align: justify;\"><strong>ATA KARATA\u015e, SEDAT SAKUR, OKTAY SAKUR, MUSTAFA \u00c7AKAR<\/strong><\/p>\n<p style=\"text-align: justify;\">Hakan Say\u2019la ortakl\u0131\u011f\u0131ndan ayr\u0131lan Ata Karata\u015f\u2019\u0131n Sedat ve Oktay Sakur ile birlikte iki firma kurdu\u011fu, k\u00fclt\u00fcr sanat hizmet al\u0131mlar\u0131ndaki ihalelerin hep bu firmalara verildi\u011fi, gizli anla\u015fmalar yapt\u0131klar\u0131, kurum g\u00f6revlileriyle irtibat kurup gizli bilgilere ula\u015ft\u0131klar\u0131 iddia edildi.<\/p>\n<p style=\"text-align: justify;\"><strong>ALAETT\u0130N ERASLAN<\/strong><\/p>\n<p style=\"text-align: justify;\">Aysa firmas\u0131 yetkilisi olan Erarslan\u2019\u0131n, k\u00fclt\u00fcr sanat ihalelerinde haks\u0131z yollara ba\u015fvurdu\u011fu kaydedildi.<\/p>\n<p style=\"text-align: justify;\"><strong>SERP\u0130L BARAN<\/strong><\/p>\n<p style=\"text-align: justify;\">Genel Sekreter Yard\u0131mc\u0131s\u0131 Baran\u2019\u0131n, yine foto\u011fraf \u00e7ekimi ve tan\u0131t\u0131m filmi hizmet al\u0131m\u0131 ihalelerine fesat kar\u0131\u015ft\u0131rd\u0131\u011f\u0131 ileri s\u00fcr\u00fcld\u00fc.<\/p>\n<p style=\"text-align: justify;\"><strong>SERP\u0130L KESK\u0130N, MEHMET SAYAR, MURAT \u00d6ZEL<\/strong><\/p>\n<p style=\"text-align: justify;\">Destek Hizmetleri Daire Ba\u015fkan\u0131 Serpil Keskin, Hizmet Al\u0131mlar\u0131 \u015eube M\u00fcd\u00fcr\u00fc Mehmet Sayar, K\u00fclt\u00fcr Daire Ba\u015fkan\u0131 Murat \u00d6zel\u2019in, yine, banliy\u00f6 ula\u015f\u0131m sisteminin vatanda\u015flara tan\u0131t\u0131lmas\u0131, toplu ula\u015f\u0131m\u0131n \u00f6zendirilerek tasarruf ve \u00e7evre kirlili\u011finin azalt\u0131lmas\u0131 amac\u0131yla reklam filmi hizmet al\u0131m\u0131, \u00f6\u011fretmenler g\u00fcn\u00fcnde atk\u0131, \u015fal da\u011f\u0131t\u0131lmas\u0131 ve balkan halk danslar\u0131 festivali ihalelerine fesat kar\u0131\u015ft\u0131rd\u0131klar\u0131 ileri s\u00fcr\u00fcld\u00fc. K\u00fclt\u00fcr Daire Eski Ba\u015fkan\u0131 Abdulhalim Cumhur Yaz\u0131c\u0131 ve ailesinin de, \u00c7e\u015fme\u2019deki bir otelde konaklama \u00fccretinin de, belediyeden ihale alan bir firma taraf\u0131ndan kar\u015f\u0131land\u0131\u011f\u0131 ortaya \u00e7\u0131kar\u0131ld\u0131.<\/p>\n<p style=\"text-align: justify;\"><strong>RESM\u0130YETTE G\u00d6REV\u0130 YOK<\/strong><\/p>\n<p style=\"text-align: justify;\">Pervin \u015eenel Gen\u00e7\u2019in karde\u015fi Nagihan Gen\u00e7\u2019in, Ahmet Adnan Saygun Sanat Merkezi\u2019nde 2011 y\u015f\u0131l\u0131nda ger\u00e7ekle\u015ftirilicek konser organizasyonu hizmeti al\u0131mlar\u0131 ihalesinde gizli bilgileri firma g\u00f6revlilerine aktard\u0131\u011f\u0131, bu sanat merkezinde resmiyette hi\u00e7bir g\u00f6revi olmamas\u0131na ra\u011fmen buran\u0131n m\u00fcd\u00fcr\u00fc olarak \u00e7al\u0131\u015ft\u0131\u011f\u0131n\u0131 beyan etti\u011fi a\u00e7\u0131kland\u0131.<\/p>\n<p style=\"text-align: justify;\"><strong>ZEK\u0130 KARATAY<\/strong><\/p>\n<p style=\"text-align: justify;\">Protokol M\u00fcd\u00fcr\u00fc Zeki Karatay\u2019\u0131n, \u015eevval Sam konseri ihalesinde, konserin \u00f6rg\u00fct mensuplar\u0131na yapt\u0131r\u0131lmas\u0131n\u0131 sa\u011flad\u0131\u011f\u0131, otel konaklama \u00fccretinin \u00f6denmesi eylemine i\u015ftirak etti\u011fi belirtildi.<\/p>\n<p style=\"text-align: justify;\"><strong>B\u0130LG\u0130SAYARINDAN G\u0130ZL\u0130 ASKER\u0130 BELGE \u00c7IKMI\u015e<\/strong><\/p>\n<p style=\"text-align: justify;\">Ak\u00e7aabat isimli k\u00f6ftecinin sahibi Pervanlar\u2019\u0131n, \u0130BB Spor Kul\u00fcb\u00fc\u2019nden bir k\u0131s\u0131m yap\u0131m ve tadilat i\u015flerini ald\u0131\u011f\u0131, Pervin \u015eenel Gen\u00e7 ile yak\u0131n ili\u015fki kurdu\u011fu, Gen\u00e7\u2019in gizli hesaptan Pervanlar\u2019a ger\u00e7ek d\u0131\u015f\u0131 faturalarla \u00f6deme yapt\u0131rd\u0131\u011f\u0131, bilgisayar\u0131ndan \u00e7\u0131kan gizli askeri bilgilerle ilgili de incelemenin devam etti\u011fi kaydedildi.<\/p>\n<p style=\"text-align: justify;\"><strong>FATMA I\u015eIK \u00c7EL\u0130KO\u011eLU<\/strong><\/p>\n<p style=\"text-align: justify;\">\u00c7eliko\u011flu\u2019nun balkan halk danslar\u0131 festivali hizmet al\u0131m ihalelerine ve Buca toplu konut yap\u0131m ihalelerine fesat kar\u0131\u015ft\u0131rd\u0131\u011f\u0131 iddia edildi.<\/p>\n<p style=\"text-align: justify;\"><strong>ZEL\u0130HA G\u00dcL \u015eENER<\/strong><\/p>\n<p style=\"text-align: justify;\">\u0130ZDEN\u0130Z VE \u0130ZULA\u015e Y\u00f6netim Kurulu Ba\u015fkan\u0131 Zeliha G\u00fcl \u015eener\u2019in, Buca tophlu konut yap\u0131m\u0131ndaki ve 750 durak ihalesine fesat kar\u0131\u015ft\u0131rd\u0131\u011f\u0131 ileri s\u00fcr\u00fcld\u00fc.<\/p>\n<p style=\"text-align: justify;\"><strong>CAFER KONCA<\/strong><\/p>\n<p style=\"text-align: justify;\">Sendikac\u0131 Konca\u2019n\u0131n, i\u015fe al\u0131m ihalelerine fesat kar\u0131\u015ft\u0131rd\u0131\u011f\u0131, ihaleye firme\u015fye \u00e7al\u0131\u015fan baz\u0131 ki\u015fileri tehdit etti\u011fi iddia edildi.<\/p>\n<p style=\"text-align: justify;\"><strong>SA\u0130T ERSU HIZIR<\/strong><\/p>\n<p style=\"text-align: justify;\">H\u0131z\u0131r\u2019\u0131n g\u00f6rev yapt\u0131\u011f\u0131 d\u00f6nemde soru\u015fturmaya ba\u015flanmamas\u0131 nedeniyle dinleme, teknik takip i\u015flemleri yap\u0131lmad\u0131\u011f\u0131 ancak o zaman Kocao\u011flu\u2019nun su\u00e7 \u00f6rg\u00fct\u00fc i\u00e7erisinde y\u00f6netici konumunda oldu\u011fu, kendisine ba\u011fl\u0131 \u00f6rg\u00fct\u00fcn Ferda Eser,\u0130brahim Halil D\u00fcl\u00fclo\u011flu, Muharrem Derbento\u011flu, Faz\u0131l \u00d6l\u00e7er, Zeynel Cano\u011flu\u2019ndan olu\u015ftu\u011fu ileri s\u00fcr\u00fcld\u00fc.<\/p>\n<p style=\"text-align: justify;\"><strong>MUHARREM DERBENTO\u011eLU<\/strong><\/p>\n<p style=\"text-align: justify;\">Derbento\u011flu\u2019nun, kumanyalar\u0131n se\u00e7im b\u00fcrolar\u0131na ve pide da\u011f\u0131t\u0131m\u0131n\u0131 yapan ki\u015fi oldu\u011fu belirtildi.<\/p>\n<p style=\"text-align: justify;\"><strong>FAZIL \u00d6L\u00c7ER<\/strong><\/p>\n<p style=\"text-align: justify;\">Fen \u0130\u015fleri Daire Ba\u015fkan\u0131 \u00d6l\u00e7er\u2019in Buca toplu konut ihalesindeki merdiven ihalesini tekrar yaparak kamu zarar\u0131 olu\u015fmas\u0131na kat\u0131lan, hak edi\u015flerde eksik yap\u0131lan iy\u015fleri yap\u0131lm\u0131\u015f gibi g\u00f6steren ki\u015filerden oldu\u011fu belirtildi.<\/p>\n<p style=\"text-align: justify;\"><strong>ZEYNEL CANO\u011eLU<\/strong><\/p>\n<p style=\"text-align: justify;\">\u0130ZULA\u015e Eski Genel M\u00fcd\u00fcr\u00fc Cano\u011flu\u2019nun, Sait Ersu H\u0131z\u0131r\u2019\u0131n \u00fccret \u00f6demeden uzun s\u00fcre kulland\u0131\u011f\u0131 \u015firkete ait ara\u00e7lar, telefon ve bilgisayarlar\u0131n kullan\u0131lmas\u0131na g\u00f6z yumdu\u011fu iddia ediydi.<\/p>\n<p style=\"text-align: justify;\"><strong>\u0130BRAH\u0130M HAL\u0130L D\u00dcL\u00dcLO\u011eLU<\/strong><\/p>\n<p style=\"text-align: justify;\">\u0130ZULA\u015e \u0130dari \u0130\u015fler Koordinat\u00f6r\u00fc D\u00fcl\u00fclo\u011flu\u2019nun, H\u0131z\u0131r ile aras\u0131ndaki telefonlar\u0131n iadesiyle ilgili g\u00f6r\u00fc\u015fmeler yapt\u0131\u011f\u0131 kaydedildi.<\/p>\n<p style=\"text-align: justify;\"><strong>NA\u0130L YAVUZ<\/strong><\/p>\n<p style=\"text-align: justify;\">\u0130zmir B\u00fcy\u00fck\u015fehir Belediyesi Ba\u015fkanl\u0131\u011f\u0131\u2019nca 2009 y\u0131l\u0131nda sat\u0131n al\u0131nan \u015fal ve ka\u015fkollar\u0131n, on ayr\u0131 anonim \u015firket ad\u0131na ayr\u0131 ayr\u0131 \u00f6deme yapt\u0131rabilmek i\u00e7in kasten b\u00f6l\u00fcnerek do\u011frudan temin yoluyla veya ayn\u0131 kanunun hi\u00e7bir usul\u00fcne uyulmadan \u015fallar\u0131n sat\u0131n ald\u0131r\u0131lmas\u0131 olay\u0131n\u0131 organize etti\u011fi iddia edildi.<\/p>\n<p style=\"text-align: justify;\"><strong>FERDA ESER<\/strong><\/p>\n<p style=\"text-align: justify;\">H\u0131z\u0131r\u2019la birlikte hareket etti\u011fi, eski sekreterinin bildi\u011fi yolsuzluklarla ilgili 10 bin dolar \u201csus paras\u0131\u00f6 verdi\u011fi iddialar\u0131n\u0131 bildi\u011fi ileri s\u00fcr\u00fcld\u00fc. Di\u011fer \u015f\u00fcphelilerin de, \u00f6rg\u00fct ad\u0131na eylemlerde bulunduklar\u0131, su\u00e7 i\u015fledikleri iddianemede anlat\u0131ld\u0131.<\/p>\n<p style=\"text-align: justify;\"><strong>AYRILAN DOSYALARDA VAR<\/strong><\/p>\n<p style=\"text-align: justify;\">\u0130ddianamede, mal varl\u0131klar\u0131, hesaplar, baz\u0131 us\u00fcls\u00fcz \u00f6demeler gibi \u00e7e\u015fitli konulardaki soru\u015fturmalar\u0131n devam etti\u011fi a\u00e7\u0131klan\u0131rken, 11\u2019i Karaba\u011flar Belediye Ba\u015fkan Yard\u0131mc\u0131s\u0131 Mehmet Hulusi G\u00fcl\u015fen\u2019in kat\u0131ld\u0131\u011f\u0131 belirlenen toplam 26 usuls\u00fcz eylemin dosyas\u0131n\u0131n ayr\u0131ld\u0131\u011f\u0131 anlat\u0131ld\u0131.<\/p>\n<p style=\"text-align: justify;\"><strong>SANIKLARIN \u0130S\u0130MLER\u0130 VE \u0130DD\u0130ANAMEDE YER ALDIKLARI SIRA<\/strong><\/p>\n<p style=\"text-align: justify;\">1-Aziz Kocao\u011flu<\/p>\n<p style=\"text-align: justify;\">2-Pervin \u015eenel Gen\u00e7 (TUTUKLU)<\/p>\n<p style=\"text-align: justify;\">3-Sait Ersu H\u0131z\u0131r<\/p>\n<p style=\"text-align: justify;\">4-Hilmi \u00d6zen (TUTUKLU)<\/p>\n<p style=\"text-align: justify;\">5-Levent \u0130\u015fler<\/p>\n<p style=\"text-align: justify;\">6-Serdal Sel\u00e7uk Savc\u0131 (TUTUKLU)<\/p>\n<p style=\"text-align: justify;\">7-H\u00fcseyin K\u0131rm\u0131z\u0131 (TUTUKLU)<\/p>\n<p style=\"text-align: justify;\">8-T\u00fclay Azeri (TUTUKLU)<\/p>\n<p style=\"text-align: justify;\">9-Erhan Bey (TUTUKLU)<\/p>\n<p style=\"text-align: justify;\">10-Ali S\u00fcha Sabuktay (TUTUKLU)<\/p>\n<p style=\"text-align: justify;\">11-\u00d6zt\u00fcrk Kurt<\/p>\n<p style=\"text-align: justify;\">12-Serpil Keskin<\/p>\n<p style=\"text-align: justify;\">13-Mehmet Sayar (TUTUKLU)<\/p>\n<p style=\"text-align: justify;\">14-P\u0131nar \u00c7al\u0131\u015fkan (TUTUKLU)<\/p>\n<p style=\"text-align: justify;\">15-Serpil Baran<\/p>\n<p style=\"text-align: justify;\">16-Cafer Konca (TUTUKLU)<\/p>\n<p style=\"text-align: justify;\">17-Nagihan Gen\u00e7<\/p>\n<p style=\"text-align: justify;\">18-\u00d6mer Devrim Ergin (TUTUKLU)<\/p>\n<p style=\"text-align: justify;\">19-Hakan Say (TUTUKLU)<\/p>\n<p style=\"text-align: justify;\">20-Fatma I\u015f\u0131k \u00c7eliko\u011flu (TUTUKLU)<\/p>\n<p style=\"text-align: justify;\">21-Sedat Sakur (TUTUKLU)<\/p>\n<p style=\"text-align: justify;\">22-Ata Karata\u015f (TUTUKLU)<\/p>\n<p style=\"text-align: justify;\">23-Cengiz Ba\u015fkurt (TUTUKLU)<\/p>\n<p style=\"text-align: justify;\">24-Abdulhalim Cumhur Yaz\u0131c\u0131 (TUTUKLU)<\/p>\n<p style=\"text-align: justify;\">25-Alaittin Eraslan (TUTUKLU)<\/p>\n<p style=\"text-align: justify;\">26-Zeliha G\u00fcl \u015eener (TUTUKLU)<\/p>\n<p style=\"text-align: justify;\">27-Murat \u00d6zel<\/p>\n<p style=\"text-align: justify;\">28-Zeki Karatay<\/p>\n<p style=\"text-align: justify;\">29-Haydar Ball\u0131<\/p>\n<p style=\"text-align: justify;\">30-Harun Arslan<\/p>\n<p style=\"text-align: justify;\">31-\u00dcnsal Pervanlar<\/p>\n<p style=\"text-align: justify;\">32-Reha Pekerten<\/p>\n<p style=\"text-align: justify;\">33-Faz\u0131l \u00d6l\u00e7er<\/p>\n<p style=\"text-align: justify;\">34-Oktay Sakur<\/p>\n<p style=\"text-align: justify;\">35-Muharrem Derbento\u011fullar\u0131 (TUTUKLU)<\/p>\n<p style=\"text-align: justify;\">36-Nail Yavuz<\/p>\n<p style=\"text-align: justify;\">37-Ferda Eser<\/p>\n<p style=\"text-align: justify;\">38-Zeynel Canol<\/p>\n<p style=\"text-align: justify;\">39-\u0130brahim Halil D\u00fcl\u00fclo\u011flu<\/p>\n<p style=\"text-align: justify;\">40-Mustafa G\u00fcven A\u011far<\/p>\n<p style=\"text-align: justify;\">41-G\u00fcltekin Avk\u0131ran<\/p>\n<p style=\"text-align: justify;\">42-Candan Dipli<\/p>\n<p style=\"text-align: justify;\">43-Ahmet G\u00fcl\u00fcm<\/p>\n<p style=\"text-align: justify;\">44-Nam\u0131k Kemal Serto\u011flu<\/p>\n<p style=\"text-align: justify;\">45-Mehve\u015f Arzu Ba\u011fdatl\u0131o\u011flu<\/p>\n<p style=\"text-align: justify;\">46-Cafer Alt (TUTUKLU)<\/p>\n<p style=\"text-align: justify;\">47-Necip Binici (TUTUKLU)<\/p>\n<p style=\"text-align: justify;\">48-Ercan U\u00e7ar<\/p>\n<p style=\"text-align: justify;\">49-Yakup Y\u0131ld\u0131r\u0131m (TUTUKLU)<\/p>\n<p style=\"text-align: justify;\">50-Memi\u015f Sar\u0131 (TUTUKLU)<\/p>\n<p style=\"text-align: justify;\">51-Mahmut \u00c7elik<\/p>\n<p style=\"text-align: justify;\">52-Ali Sakall\u0131<\/p>\n<p style=\"text-align: justify;\">53-Aliriza Duran<\/p>\n<p style=\"text-align: justify;\">54-D\u00fczg\u00fcn Do\u011fan<\/p>\n<p style=\"text-align: justify;\">55-G\u00fcral Do\u011fan<\/p>\n<p style=\"text-align: justify;\">56-Ali Hep\u00e7etiner<\/p>\n<p style=\"text-align: justify;\">57-Aziz G\u00fcn<\/p>\n<p style=\"text-align: justify;\">58-Erol Ayd\u0131n<\/p>\n<p style=\"text-align: justify;\">59-Bilgihan Akpak<\/p>\n<p style=\"text-align: justify;\">60-Semih G\u00fcler<\/p>\n<p style=\"text-align: justify;\">61-Asuman G\u00f6kkaya<\/p>\n<p style=\"text-align: justify;\">62-T\u00fclay T\u00fcmay (TUTUKLU)<\/p>\n<p style=\"text-align: justify;\">63-Erol \u00c7oban<\/p>\n<p style=\"text-align: justify;\">64-Muzaffer K\u00f6se<\/p>\n<p style=\"text-align: justify;\">65-\u0130smail Yo\u011furt\u00e7u<\/p>\n<p style=\"text-align: justify;\">66-\u00d6mer Faruk Al\u00e7elik<\/p>\n<p style=\"text-align: justify;\">67-\u0130smet Halim G\u00fcrsoy<\/p>\n<p style=\"text-align: justify;\">68-Tufan Eker (TUTUKLU)<\/p>\n<p style=\"text-align: justify;\">69-H\u00fcseyin Ercan<\/p>\n<p style=\"text-align: justify;\">70-H\u00fcseyin \u00c7al\u0131\u015fkan<\/p>\n<p style=\"text-align: justify;\">71-\u0130rfan Aras<\/p>\n<p style=\"text-align: justify;\">72-Figen Seyis<\/p>\n<p style=\"text-align: justify;\">73-Rafet Bayam<\/p>\n<p style=\"text-align: justify;\">74-Turgay Akkaya<\/p>\n<p style=\"text-align: justify;\">75-Besim G\u00fcltekin<\/p>\n<p style=\"text-align: justify;\">76-\u0130brahim Tuz<\/p>\n<p style=\"text-align: justify;\">77-P\u0131nar Tosuno\u011flu (A\u011f\u0131rba\u015f),<\/p>\n<p style=\"text-align: justify;\">78-Mehmet \u00d6rs<\/p>\n<p style=\"text-align: justify;\">79-S\u00fcleyman S\u0131rr\u0131 Aydo\u011fan<\/p>\n<p style=\"text-align: justify;\">80-\u015eeyda Durakkoca<\/p>\n<p style=\"text-align: justify;\">81-Zuhal Derin<\/p>\n<p style=\"text-align: justify;\">82-Mehmet Hulusi G\u00fcl\u015fen (TUTUKLU)<\/p>\n<p style=\"text-align: justify;\">83-Deniz Badal\u0131<\/p>\n<p style=\"text-align: justify;\">84-\u00d6zg\u00fcr Ozan Y\u0131lmaz<\/p>\n<p style=\"text-align: justify;\">85-Ziya \u015eahin<\/p>\n<p style=\"text-align: justify;\">86-Sema Civelek<\/p>\n<p style=\"text-align: justify;\">87-Ahmet \u015eemsettin Ers\u00f6z<\/p>\n<p style=\"text-align: justify;\">88-Ahmet A\u015f\u00e7\u0131o\u011flu<\/p>\n<p style=\"text-align: justify;\">89-Kanber D\u00f6nmez<\/p>\n<p style=\"text-align: justify;\">90-Ay\u015fen Kalpal\u0131<\/p>\n<p style=\"text-align: justify;\">91-Hatice \u00dclk\u00fc Markovi\u00e7<\/p>\n<p style=\"text-align: justify;\">92-\u015ead\u0131man Karaka\u015f<\/p>\n<p style=\"text-align: justify;\">93-Ersoy Bozduman<\/p>\n<p style=\"text-align: justify;\">94-Ay\u015feg\u00fcl T\u00fcrk<\/p>\n<p style=\"text-align: justify;\">95-Sedat Baylan<\/p>\n<p style=\"text-align: justify;\">96-Vahyettin Akyol<\/p>\n<p style=\"text-align: justify;\">97-B\u00fclent Cankurtaran<\/p>\n<p style=\"text-align: justify;\">98-\u0130brahim K\u0131v\u0131lc\u0131m Zorlu<\/p>\n<p style=\"text-align: justify;\">99-Mustafa Nafi Kaya<\/p>\n<p style=\"text-align: justify;\">100-Ferik Faruk Boyac\u0131o\u011flu (TUTUKLU)<\/p>\n<p style=\"text-align: justify;\">101-Murat Boyac\u0131o\u011flu (TUTUKLU)<\/p>\n<p style=\"text-align: justify;\">102-G\u00f6khan Bo\u011fazkesen (TUTUKLU)<\/p>\n<p style=\"text-align: justify;\">103-\u00c7a\u011flar Haspolat<\/p>\n<p style=\"text-align: justify;\">104-\u015eulehan Ulusoy (\u0130kizg\u00fcl),<\/p>\n<p style=\"text-align: justify;\">105-Ercan Mertbilek<\/p>\n<p style=\"text-align: justify;\">106-Faik Ahmet Ak\u0131nc\u0131<\/p>\n<p style=\"text-align: justify;\">107-Bar\u0131\u015f B\u00fcy\u00fckg\u00fc\u00e7l\u00fc<\/p>\n<p style=\"text-align: justify;\">108-Sevdiye Erent\u00fcrk<\/p>\n<p style=\"text-align: justify;\">109-Erkan Tiryaki<\/p>\n<p style=\"text-align: justify;\">110-Yekta Orhan Saydam<\/p>\n<p style=\"text-align: justify;\">111-\u00c7a\u011fr\u0131 \u00c7avu\u015fo\u011flu<\/p>\n<p style=\"text-align: justify;\">112-Cemal Hayati \u00d6zt\u00fcrk<\/p>\n<p style=\"text-align: justify;\">113-Ertan Koyuncu<\/p>\n<p style=\"text-align: justify;\">114-Ta\u015fk\u0131n Aydo\u011fan<\/p>\n<p style=\"text-align: justify;\">115-Do\u011fan \u0130\u015fleyen<\/p>\n<p style=\"text-align: justify;\">116-Mehmet \u015eakir \u00d6rs<\/p>\n<p style=\"text-align: justify;\">117-Abdullah Salk\u0131m<\/p>\n<p style=\"text-align: justify;\">118-Semih Seval<\/p>\n<p style=\"text-align: justify;\">119-Veysel \u00c7\u0131ld\u0131r<\/p>\n<p style=\"text-align: justify;\">120-Filiz Y\u00fccesoy<\/p>\n<p style=\"text-align: justify;\">121-G\u00f6k\u00e7e Irmak Ke\u00e7ecigil<\/p>\n<p style=\"text-align: justify;\">122-Mustafa \u00c7akar<\/p>\n<p style=\"text-align: justify;\">123-Nurittin Dingaz<\/p>\n<p style=\"text-align: justify;\">124-Muhittin Akbulut<\/p>\n<p style=\"text-align: justify;\">125-Yasemin G\u00fcng\u00f6r<\/p>\n<p style=\"text-align: justify;\">126-Tar\u0131k Tuncer<\/p>\n<p style=\"text-align: justify;\">127-Utku Cihan<\/p>\n<p style=\"text-align: justify;\">128-Nil\u00fcfer Alt\u0131nkaya<\/p>\n<p style=\"text-align: justify;\">129-\u0130brahim Yetmen<\/p>\n<p style=\"text-align: justify;\">130-\u0130smail Korkmaz<\/p>\n<p style=\"text-align: justify;\"><strong>M\u00dcFETT\u0130\u015eLERE SU\u00c7LAMA\u00a0<\/strong><\/p>\n<p style=\"text-align: justify;\">\u0130zmir 8\u2019inci A\u011f\u0131r Ceza Mahkemesi\u2019nce kabul edilen iddianamede, \u0130zmir B\u00fcy\u00fck\u015fehir Belediyesi yapm\u0131\u015f oldu\u011fu birtak\u0131m harcamalar\u0131 orta\u011f\u0131 oldu\u011fu \u015firketlere fatura ettirmek suretiyle, giderlerinin denetimini kamu denetimden ka\u00e7\u0131rmaya \u00e7al\u0131\u015ft\u0131\u011f\u0131 ve \u015firketlerin mali karlar\u0131n\u0131 etkilemese de kanunen kabul edilmeyen giderler yazmak suretiyle ticari karlar\u0131n\u0131n d\u00fc\u015f\u00fck \u00e7\u0131kmas\u0131na neden oldu\u011fu belirtildi. Bir otelde konaklama g\u00f6sterilerek \u0130zmir B\u00fcy\u00fck\u015fehir Belediyesi Gen\u00e7lik ve Spor Kul\u00fcb\u00fc Derne\u011fi ad\u0131na sahte fatura d\u00fczenlendi\u011fi iddias\u0131na da yer verilen iddianamede, Altay Spor Kl\u00fcb\u00fc play-off ma\u00e7lar\u0131na taraftar ta\u015f\u0131nmas\u0131 i\u00e7in 2007 y\u0131l\u0131nda Belediye Spor Kul\u00fcb\u00fc\u2019ne 188 bin 210 lira \u00f6dettirilerek, kul\u00fcb\u00fcn almad\u0131\u011f\u0131 bir hizmet i\u00e7in d\u00fczenlenen sahte faturalarla belediyenin zarara u\u011frat\u0131ld\u0131\u011f\u0131n\u0131 da \u00f6ne s\u00fcr\u00fcld\u00fc.<\/p>\n<p style=\"text-align: justify;\">Ayr\u0131ca Belediye Spor Kul\u00fcb\u00fc\u2019nde tespit edilen usuls\u00fczl\u00fcklerin B\u00fcy\u00fck\u015fehir Belediye Ba\u015fkan\u0131 Aziz Kocao\u011flu ve di\u011fer kurum amirlerince g\u00f6rmezden gelindi\u011fi ileri s\u00fcr\u00fclerek, &#8220;Belediye Spor Kul\u00fcb\u00fcndeki birtak\u0131m usuls\u00fczl\u00fckleri tespit eden kurum amirleri B\u00fcy\u00fck\u015fehir Belediye Ba\u015fkan\u0131 Aziz Kocao\u011flu ile Pervin \u015eenel Gen\u00e7, Tefti\u015f Kurulu Ba\u015fkan\u0131 M. Hulusi G\u00fcl\u015fen ile incelemeyi yapan m\u00fcfetti\u015fler Filiz Y\u00fccesoy ve G\u00f6k\u00e7e Irmak Ke\u00e7ecigil\u2019in \u00f6\u011frendikleri ve tespit ettikleri bir\u00e7ok yolsuzluk ve usuls\u00fczl\u00fc\u011f\u00fc g\u00f6rmezden gelerek, su\u00e7u bildirmeme su\u00e7unu i\u015fledikleri de\u011ferlendirilmi\u015ftir&#8221; ifadelerine yer verildi.<\/p>\n<p style=\"text-align: justify;\"><strong>DEPO SORUMLUSUNUN \u015e\u0130KAYET\u0130\u00a0<\/strong><\/p>\n<p style=\"text-align: justify;\">\u0130ddianemeye konu olan soru\u015fturmalar\u0131n ba\u015flang\u0131c\u0131nda Grand Plaza A.\u015e. de depo sorumlusu olarak \u00e7al\u0131\u015f\u0131rken i\u015ften \u00e7\u0131kar\u0131lan Cem Cevahir Kiraz\u2019\u0131n, 2009 y\u0131l\u0131ndaki su\u00e7 duyurusu da etkili oldu. Kiraz\u2019\u0131n, &#8220;Beni i\u015ften att\u0131lar. Se\u00e7im d\u00f6neminde CHP se\u00e7im b\u00fcrolar\u0131na sandvi\u00e7 da\u011f\u0131tt\u0131lar&#8221; ihbar\u0131yla soru\u015fturman\u0131n d\u00fc\u011fmesine bas\u0131ld\u0131\u011f\u0131na da iddianame de yer verildi. <span style=\"color: #888888;\">&#8212;-\u00a0Tura\u00e7 TOP, Bahri KARATA\u015e \u0130ZM\u0130R (DHA)<\/span><\/p>\n<p style=\"text-align: justify;\"><a href=\"http:\/\/www.posta.com.tr\/turkiye\/HaberDetay\/_Izmir__iddianamesi_kabul_edildi.htm?ArticleID=105561\" target=\"_blank\">Kaynak : Posta.com.tr<\/a><\/p>\n","protected":false},"excerpt":{"rendered":"<p style=\"text-align: justify;\">\n<p style=\"text-align: justify;\">\u0130zmir B\u00fcy\u00fck\u015fehir Belediyesi&#8217;ne yap\u0131lan operasyonlar\u0131n ard\u0131ndan haz\u0131rlanan iddianamede, B\u00fcy\u00fck\u015fehir Belediye Ba\u015fkan\u0131 Aziz Kocao\u011flu i\u00e7in 397 y\u0131l hapis isteniyor.<\/p>\n<p style=\"text-align: justify;\">\u0130zmir 8\u2019inci A\u011f\u0131r Ceza Mahkemesi\u2019nce kabul edilen iddianemede, 1 numaral\u0131 san\u0131k olarak yer verilen B\u00fcy\u00fck\u015fehir Belediye Ba\u015fkan\u0131 Aziz Kocao\u011flu hakk\u0131nda 34 ayr\u0131 su\u00e7tan toplam 397 y\u0131l hapis cezas\u0131 istendi. <\/p>\n","protected":false},"author":1,"featured_media":0,"comment_status":"open","ping_status":"open","sticky":false,"template":"","format":"standard","meta":{"footnotes":""},"categories":[105],"tags":[],"class_list":["post-46946","post","type-post","status-publish","format-standard","hentry","category-gundem","odd"],"_links":{"self":[{"href":"http:\/\/www.korhanyilmaz.com\/index.php?rest_route=\/wp\/v2\/posts\/46946","targetHints":{"allow":["GET"]}}],"collection":[{"href":"http:\/\/www.korhanyilmaz.com\/index.php?rest_route=\/wp\/v2\/posts"}],"about":[{"href":"http:\/\/www.korhanyilmaz.com\/index.php?rest_route=\/wp\/v2\/types\/post"}],"author":[{"embeddable":true,"href":"http:\/\/www.korhanyilmaz.com\/index.php?rest_route=\/wp\/v2\/users\/1"}],"replies":[{"embeddable":true,"href":"http:\/\/www.korhanyilmaz.com\/index.php?rest_route=%2Fwp%2Fv2%2Fcomments&post=46946"}],"version-history":[{"count":0,"href":"http:\/\/www.korhanyilmaz.com\/index.php?rest_route=\/wp\/v2\/posts\/46946\/revisions"}],"wp:attachment":[{"href":"http:\/\/www.korhanyilmaz.com\/index.php?rest_route=%2Fwp%2Fv2%2Fmedia&parent=46946"}],"wp:term":[{"taxonomy":"category","embeddable":true,"href":"http:\/\/www.korhanyilmaz.com\/index.php?rest_route=%2Fwp%2Fv2%2Fcategories&post=46946"},{"taxonomy":"post_tag","embeddable":true,"href":"http:\/\/www.korhanyilmaz.com\/index.php?rest_route=%2Fwp%2Fv2%2Ftags&post=46946"}],"curies":[{"name":"wp","href":"https:\/\/api.w.org\/{rel}","templated":true}]}}