{"id":46926,"date":"2012-01-18T17:36:02","date_gmt":"2012-01-18T15:36:02","guid":{"rendered":"http:\/\/www.korhanyilmaz.com\/?p=46926"},"modified":"2012-01-19T23:38:12","modified_gmt":"2012-01-19T21:38:12","slug":"kilicdaroglundan-dink-yorumu","status":"publish","type":"post","link":"http:\/\/www.korhanyilmaz.com\/?p=46926","title":{"rendered":"K\u0131l\u0131\u00e7daro\u011flu&#8217;ndan Dink yorumu"},"content":{"rendered":"<p style=\"text-align: center;\"><a href=\"http:\/\/www.korhanyilmaz.com\/wp-content\/uploads\/2012\/01\/9300.jpg\"  class=\"lightview\"><img loading=\"lazy\" decoding=\"async\" class=\"aligncenter  wp-image-46927\" src=\"http:\/\/www.korhanyilmaz.com\/wp-content\/uploads\/2012\/01\/9300.jpg\" alt=\"\" width=\"396\" height=\"180\" \/><\/a><\/p>\n<p style=\"text-align: justify;\">CHP lideri K\u0131l\u0131\u00e7daro\u011flu, Hrant Dink&#8217;in \u00f6ld\u00fcr\u00fclmesiyle ilgili davada verilen karar hakk\u0131nda a\u00e7\u0131klama yapt\u0131.<\/p>\n<p style=\"text-align: justify;\">CHP Genel Ba\u015fkan\u0131 Kemal K\u0131l\u0131\u00e7daro\u011flu, Hrant Dink davas\u0131na ili\u015fkin \u201cParas\u0131z e\u011fitim isteyen \u00f6\u011frencileri \u00f6rg\u00fct \u00fcyesi yapanlar, Hrant Dink&#8217;i \u00f6ld\u00fcrenleri \u00f6rg\u00fcts\u00fcz yarg\u0131l\u0131yorlar. Bu AKP&#8217;nin adaletidir\u201d de\u011ferlendirmesini yapt\u0131.\u00a0<!--more--><\/p>\n<p style=\"text-align: justify;\">CHP&#8217;den yap\u0131lan yaz\u0131l\u0131 a\u00e7\u0131klamada, K\u0131l\u0131\u00e7daro\u011flu&#8217;nun Hrant Dink davas\u0131yla ilgili olarak verilen karar\u0131 \u201ctweet ile k\u0131nad\u0131\u011f\u0131\u201d belirtildi. A\u00e7\u0131klamaya g\u00f6re, K\u0131l\u0131\u00e7daro\u011flu, Twitter&#8217;daki hesab\u0131nda \u201cParas\u0131z e\u011fitim isteyen \u00f6\u011frencileri \u00f6rg\u00fct \u00fcyesi yapanlar, Hrant Dink&#8217;i \u00f6ld\u00fcrenleri \u00f6rg\u00fcts\u00fcz yarg\u0131l\u0131yorlar. Bu AKP&#8217;nin adaletidir\u201d de\u011ferlendirmesinde bulundu.<\/p>\n<p style=\"text-align: justify;\"><a href=\"http:\/\/www.gazeteport.com.tr\/haber\/74335\/kilicdaroglundan_dink_yorumu\" target=\"_blank\">Kaynak : GAZETEPORT<\/a><\/p>\n","protected":false},"excerpt":{"rendered":"<p style=\"text-align: center;\">\n<p style=\"text-align: justify;\">CHP lideri K\u0131l\u0131\u00e7daro\u011flu, Hrant Dink&#8217;in \u00f6ld\u00fcr\u00fclmesiyle ilgili davada verilen karar hakk\u0131nda a\u00e7\u0131klama yapt\u0131.<\/p>\n<p style=\"text-align: justify;\">CHP Genel Ba\u015fkan\u0131 Kemal K\u0131l\u0131\u00e7daro\u011flu, Hrant Dink davas\u0131na ili\u015fkin \u201cParas\u0131z e\u011fitim isteyen \u00f6\u011frencileri \u00f6rg\u00fct \u00fcyesi yapanlar, Hrant Dink&#8217;i \u00f6ld\u00fcrenleri \u00f6rg\u00fcts\u00fcz yarg\u0131l\u0131yorlar. Bu AKP&#8217;nin adaletidir\u201d de\u011ferlendirmesini yapt\u0131. <\/p>\n","protected":false},"author":1,"featured_media":0,"comment_status":"open","ping_status":"open","sticky":false,"template":"","format":"standard","meta":{"footnotes":""},"categories":[105],"tags":[],"class_list":["post-46926","post","type-post","status-publish","format-standard","hentry","category-gundem","odd"],"_links":{"self":[{"href":"http:\/\/www.korhanyilmaz.com\/index.php?rest_route=\/wp\/v2\/posts\/46926","targetHints":{"allow":["GET"]}}],"collection":[{"href":"http:\/\/www.korhanyilmaz.com\/index.php?rest_route=\/wp\/v2\/posts"}],"about":[{"href":"http:\/\/www.korhanyilmaz.com\/index.php?rest_route=\/wp\/v2\/types\/post"}],"author":[{"embeddable":true,"href":"http:\/\/www.korhanyilmaz.com\/index.php?rest_route=\/wp\/v2\/users\/1"}],"replies":[{"embeddable":true,"href":"http:\/\/www.korhanyilmaz.com\/index.php?rest_route=%2Fwp%2Fv2%2Fcomments&post=46926"}],"version-history":[{"count":0,"href":"http:\/\/www.korhanyilmaz.com\/index.php?rest_route=\/wp\/v2\/posts\/46926\/revisions"}],"wp:attachment":[{"href":"http:\/\/www.korhanyilmaz.com\/index.php?rest_route=%2Fwp%2Fv2%2Fmedia&parent=46926"}],"wp:term":[{"taxonomy":"category","embeddable":true,"href":"http:\/\/www.korhanyilmaz.com\/index.php?rest_route=%2Fwp%2Fv2%2Fcategories&post=46926"},{"taxonomy":"post_tag","embeddable":true,"href":"http:\/\/www.korhanyilmaz.com\/index.php?rest_route=%2Fwp%2Fv2%2Ftags&post=46926"}],"curies":[{"name":"wp","href":"https:\/\/api.w.org\/{rel}","templated":true}]}}