{"id":46923,"date":"2012-01-19T15:28:06","date_gmt":"2012-01-19T13:28:06","guid":{"rendered":"http:\/\/www.korhanyilmaz.com\/?p=46923"},"modified":"2012-01-19T23:35:34","modified_gmt":"2012-01-19T21:35:34","slug":"bahceliden-dink-yorumu","status":"publish","type":"post","link":"http:\/\/www.korhanyilmaz.com\/?p=46923","title":{"rendered":"Bah\u00e7eli&#8217;den Dink yorumu"},"content":{"rendered":"<p style=\"text-align: center;\"><a href=\"http:\/\/www.korhanyilmaz.com\/wp-content\/uploads\/2012\/01\/9299.jpg\"  class=\"lightview\"><img loading=\"lazy\" decoding=\"async\" class=\"aligncenter  wp-image-46924\" src=\"http:\/\/www.korhanyilmaz.com\/wp-content\/uploads\/2012\/01\/9299.jpg\" alt=\"\" width=\"396\" height=\"180\" \/><\/a><\/p>\n<p style=\"text-align: justify;\">MHP Genel Ba\u015fkan\u0131 Devlet Bah\u00e7eli, Hrant Dink cinayeti davas\u0131nda verilen kararla ilgili, &#8221;Bundan sonra, \u00d6zel Yetkili Mahkeme&#8217;nin verdi\u011fi s\u00f6z konusu karar\u0131n, Yarg\u0131tay&#8217;daki temyiz a\u015famas\u0131n\u0131n sonu\u00e7lanmas\u0131na kadar herkes dikkatli olmal\u0131, beyanlar\u0131nda sorumlu davranmal\u0131 ve kavga \u00e7\u0131\u011f\u0131rtkanl\u0131\u011f\u0131 yapmaktan uzak durmal\u0131d\u0131r&#8221; dedi.\u00a0<!--more--><\/p>\n<p style=\"text-align: justify;\">ANKARA &#8211; Bah\u00e7eli, yapt\u0131\u011f\u0131 yaz\u0131l\u0131 a\u00e7\u0131klamada, Agos Gazetesi Genel Yay\u0131n Y\u00f6netmeni Hrant Dink&#8217;in vah\u015fi bir cinayete kurban gitmesinin \u00fczerinden be\u015f y\u0131l ge\u00e7ti\u011fini, k\u00f6keni, kimli\u011fi ve ki\u015fili\u011fi ne olursa olsun, bir insan\u0131n elinden ya\u015fama hakk\u0131n\u0131 alman\u0131n vicdanla ve manevi de\u011ferlerle ba\u011fda\u015f\u0131r hi\u00e7bir taraf\u0131n\u0131n olmad\u0131\u011f\u0131n\u0131 ifade etti. Bah\u00e7eli, bu y\u00fczden Ermeni as\u0131ll\u0131 bir T\u00fcrk vatanda\u015f\u0131n\u0131n katledilmesini T\u00fcrk milletinin asla tasvip etmedi\u011fini ve kabullenmedi\u011fini belirterek, Hrant Dink suikast\u0131n\u0131n arkas\u0131ndan ba\u015flayan yarg\u0131 s\u00fcrecinin en sonunda temyiz a\u015famas\u0131 d\u0131\u015f\u0131nda neticelendi\u011fini ve h\u00fck\u00fcm tesis edildi\u011fini hat\u0131rlatt\u0131.<\/p>\n<p style=\"text-align: justify;\">Bu kapsamda, \u00d6zel Yetkili \u0130stanbul 14. A\u011f\u0131r Ceza Mahkemesinin be\u015f y\u0131ld\u0131r devam eden 19 san\u0131kl\u0131 Hrant Dink cinayeti davas\u0131n\u0131 karara ba\u011flad\u0131\u011f\u0131n\u0131 kaydeden Bah\u00e7eli, as\u0131l fail olarak su\u00e7u sabit g\u00f6r\u00fclen \u015fahs\u0131n, temyiz yolu a\u00e7\u0131k olmak kayd\u0131yla a\u011f\u0131rla\u015ft\u0131r\u0131lm\u0131\u015f m\u00fcebbet hapis cezas\u0131na \u00e7arpt\u0131r\u0131ld\u0131\u011f\u0131n\u0131, davan\u0131n soru\u015fturma ve kovu\u015fturma a\u015famalar\u0131 b\u00f6ylelikle sonland\u0131\u011f\u0131n\u0131 anlatt\u0131.<\/p>\n<p style=\"text-align: justify;\">Bah\u00e7eli, \u015f\u00f6yle devam etti:<\/p>\n<p style=\"text-align: justify;\">&#8221;Buradan anla\u015f\u0131laca\u011f\u0131 \u00fczere, ilgili mahkeme i\u015flenmi\u015f su\u00e7a kar\u015f\u0131l\u0131k olarak meri mevzuatta tan\u0131mlanan en a\u011f\u0131r cezay\u0131 vermi\u015f bulunmaktad\u0131r. Ne var ki, verilen karar bir\u00e7ok \u00e7evrede g\u00f6r\u00fc\u015f ayr\u0131l\u0131klar\u0131na yol a\u00e7m\u0131\u015f; farkl\u0131 yorum ve itirazlara neden olmu\u015ftur. Bilhassa, cinayetin i\u015flenmesinde \u00f6rg\u00fct izine rastlanmad\u0131\u011f\u0131na dair hukuki tespit ele\u015ftirilmi\u015f ve bu durum \u015faibeli bulunmu\u015ftur. Bitmemi\u015f yarg\u0131sal s\u00fcre\u00e7le ilgili erken ve aceleyle yap\u0131lan temelsiz de\u011ferlendirmeler \u00f6ncelikle adalet anlay\u0131\u015f\u0131ndaki \u015f\u00fcpheleri yo\u011funla\u015ft\u0131racak ve bu haliyle de hi\u00e7bir faydas\u0131 olmayacakt\u0131r. Nitekim f\u0131rsattan istifade eden &#8216;Hepimiz Ermeniyiz&#8217; diyen g\u00fcruhun, meseleyi ka\u015f\u0131yarak konuyu farkl\u0131 mecralara \u00e7ekmeye \u00e7al\u0131\u015fmas\u0131 yeni bir \u00e7eki\u015fmenin ve kutupla\u015fman\u0131n habercisi niteli\u011findedir. Kald\u0131 ki, son be\u015f y\u0131ld\u0131r konu her y\u00f6n\u00fcyle istismar edilmi\u015f ve s\u00fcrekli \u00fclke g\u00fcndeminde tutulmu\u015ftur.<\/p>\n<p style=\"text-align: justify;\">T\u00fcrk milletine mensubiyeti hi\u00e7 ak\u0131llar\u0131na getirmeyenlerin, ortak bir slogan etraf\u0131nda bulu\u015farak Hrant Dink cinayetinden nemalanmaya \u00e7al\u0131\u015fmas\u0131n\u0131 elbette aziz milletimiz ibretle ve endi\u015feyle izlemektedir. \u00dcstelik Fransa Senatosunda, \u00f6n\u00fcm\u00fczdeki hafta g\u00f6r\u00fc\u015f\u00fclecek olan s\u00f6zde Ermeni soyk\u0131r\u0131m iddialar\u0131n\u0131 inkar edenlere cezai yapt\u0131r\u0131m uygulanmas\u0131na d\u00f6n\u00fck teklifin arifesinde, Hrant Dink karar\u0131 \u00e7er\u00e7evesinde olu\u015fturulmaya \u00e7al\u0131\u015f\u0131lan ideolojik y\u0131\u011f\u0131na\u011f\u0131n \u00e7ok manidar oldu\u011fu da g\u00f6zlerden uzak tutulmamal\u0131d\u0131r.<\/p>\n<p style=\"text-align: justify;\">Mezkur cinayet davas\u0131nda, zorlama \u00f6rg\u00fct aray\u0131\u015f\u0131nda ve imalinde olanlar\u0131n, ba\u015fka hukuki konularda seslerini dahi \u00e7\u0131karmamalar\u0131 ve hatta alk\u0131\u015f tutmalar\u0131 d\u00fc\u015ft\u00fckleri \u00e7eli\u015fkinin ve girdikleri a\u00e7maz\u0131n su\u00e7 halinden ba\u015fka bir anlama gelmeyecektir.<\/p>\n<p style=\"text-align: justify;\">T\u00fcrkiye&#8217;nin bu denli hassas ve nazik d\u00f6neminde, yeni bir kriz konusu yaratarak &#8216;Hepimiz Ermeniyiz&#8217; hezeyanlar\u0131n\u0131n tekrar g\u00fcndeme getirilmesi maksatl\u0131 oldu\u011fu kadar sorunlu geli\u015fmelere de kap\u0131 aralayaca\u011f\u0131 bir an olsun ihmal edilmemelidir.<\/p>\n<p style=\"text-align: justify;\">Bundan sonra, \u00d6zel Yetkili Mahkeme&#8217;nin verdi\u011fi s\u00f6z konusu karar\u0131n, Yarg\u0131tay&#8217;daki temyiz a\u015famas\u0131n\u0131n sonu\u00e7lanmas\u0131na kadar herkes dikkatli olmal\u0131, beyanlar\u0131nda sorumlu davranmal\u0131 ve kavga \u00e7\u0131\u011f\u0131rtkanl\u0131\u011f\u0131 yapmaktan uzak durmal\u0131d\u0131r.<\/p>\n<p style=\"text-align: justify;\">\u00d6zellikle davaya bakan bir hakimin, &#8216;tatmin olmad\u0131m&#8217; s\u00f6z\u00fcn\u00fcn ise karar ve vicdanlar\u0131yla konu\u015fmas\u0131 gereken hukuk zihniyetine ayk\u0131r\u0131l\u0131k te\u015fkil etti\u011fini ve davan\u0131n seyrini g\u00f6lgeledi\u011fini bilmek ve anlamak laz\u0131md\u0131r.<\/p>\n<p style=\"text-align: justify;\">Milliyet\u00e7i Hareket Partisi, adalet kurumunda ve uygulamalar\u0131nda ciddi tahribat g\u00f6rmekte ve bunu da s\u00fcrekli olarak g\u00fcndeme getirmektedir. Ancak, gizli niyetler kapsam\u0131nda, hukuku yozla\u015ft\u0131rarak ba\u015fkalar\u0131n\u0131n de\u011firmenine su ta\u015f\u0131yan f\u00fctursuzluklar\u0131 ve hesapl\u0131 yakla\u015f\u0131mlar\u0131 da hi\u00e7bir \u015fart alt\u0131nda masum ve kabul edilebilir g\u00f6rmemi\u015f ve bundan sonrada g\u00f6rmeyecektir.&#8221;<\/p>\n<p style=\"text-align: justify;\"><a href=\"http:\/\/www.gazeteport.com.tr\/haber\/74524\/bahceliden_dink_yorumu\" target=\"_blank\">Kaynak : GAZETEPORT<\/a><\/p>\n","protected":false},"excerpt":{"rendered":"<p style=\"text-align: center;\">\n<p style=\"text-align: justify;\">MHP Genel Ba\u015fkan\u0131 Devlet Bah\u00e7eli, Hrant Dink cinayeti davas\u0131nda verilen kararla ilgili, &#8221;Bundan sonra, \u00d6zel Yetkili Mahkeme&#8217;nin verdi\u011fi s\u00f6z konusu karar\u0131n, Yarg\u0131tay&#8217;daki temyiz a\u015famas\u0131n\u0131n sonu\u00e7lanmas\u0131na kadar herkes dikkatli olmal\u0131, beyanlar\u0131nda sorumlu davranmal\u0131 ve kavga \u00e7\u0131\u011f\u0131rtkanl\u0131\u011f\u0131 yapmaktan uzak durmal\u0131d\u0131r&#8221; dedi. <\/p>\n","protected":false},"author":1,"featured_media":0,"comment_status":"open","ping_status":"open","sticky":false,"template":"","format":"standard","meta":{"footnotes":""},"categories":[105],"tags":[],"class_list":["post-46923","post","type-post","status-publish","format-standard","hentry","category-gundem","odd"],"_links":{"self":[{"href":"http:\/\/www.korhanyilmaz.com\/index.php?rest_route=\/wp\/v2\/posts\/46923","targetHints":{"allow":["GET"]}}],"collection":[{"href":"http:\/\/www.korhanyilmaz.com\/index.php?rest_route=\/wp\/v2\/posts"}],"about":[{"href":"http:\/\/www.korhanyilmaz.com\/index.php?rest_route=\/wp\/v2\/types\/post"}],"author":[{"embeddable":true,"href":"http:\/\/www.korhanyilmaz.com\/index.php?rest_route=\/wp\/v2\/users\/1"}],"replies":[{"embeddable":true,"href":"http:\/\/www.korhanyilmaz.com\/index.php?rest_route=%2Fwp%2Fv2%2Fcomments&post=46923"}],"version-history":[{"count":0,"href":"http:\/\/www.korhanyilmaz.com\/index.php?rest_route=\/wp\/v2\/posts\/46923\/revisions"}],"wp:attachment":[{"href":"http:\/\/www.korhanyilmaz.com\/index.php?rest_route=%2Fwp%2Fv2%2Fmedia&parent=46923"}],"wp:term":[{"taxonomy":"category","embeddable":true,"href":"http:\/\/www.korhanyilmaz.com\/index.php?rest_route=%2Fwp%2Fv2%2Fcategories&post=46923"},{"taxonomy":"post_tag","embeddable":true,"href":"http:\/\/www.korhanyilmaz.com\/index.php?rest_route=%2Fwp%2Fv2%2Ftags&post=46923"}],"curies":[{"name":"wp","href":"https:\/\/api.w.org\/{rel}","templated":true}]}}