{"id":46920,"date":"2012-01-19T13:18:41","date_gmt":"2012-01-19T11:18:41","guid":{"rendered":"http:\/\/www.korhanyilmaz.com\/?p=46920"},"modified":"2012-01-19T23:32:59","modified_gmt":"2012-01-19T21:32:59","slug":"yargimiza-bir-firsat-verilmeli","status":"publish","type":"post","link":"http:\/\/www.korhanyilmaz.com\/?p=46920","title":{"rendered":"&#8220;Yarg\u0131m\u0131za bir f\u0131rsat verilmeli&#8221;"},"content":{"rendered":"<p style=\"text-align: center;\"><a href=\"http:\/\/www.korhanyilmaz.com\/wp-content\/uploads\/2012\/01\/9298.jpg\"  class=\"lightview\"><img loading=\"lazy\" decoding=\"async\" class=\"aligncenter  wp-image-46921\" src=\"http:\/\/www.korhanyilmaz.com\/wp-content\/uploads\/2012\/01\/9298.jpg\" alt=\"\" width=\"396\" height=\"180\" \/><\/a><\/p>\n<p style=\"text-align: justify;\">Bakan Ba\u011f\u0131\u015f, Hrant Dink cinayetiyle ilgili davada verilen kararla ilgili temyiz s\u00fcresinin beklenmesi gerekti\u011fini s\u00f6yledi.<\/p>\n<p style=\"text-align: justify;\">ANKARA &#8211; AB Bakan\u0131 ve Ba\u015fm\u00fczakereci Egemen Ba\u011f\u0131\u015f, Hrant Dink cinayeti davas\u0131nda verilen karar hakk\u0131nda kamu vicdan\u0131 rahats\u0131zl\u0131\u011f\u0131n\u0131n a\u015fikar oldu\u011funu, ancak davan\u0131n temyiz s\u00fcrecinin beklenmesi gerekti\u011fini belirterek, &#8220;Yarg\u0131m\u0131za bir f\u0131rsat verilmesi gerekti\u011fine inan\u0131yorum&#8221; dedi.\u00a0<!--more--><\/p>\n<p style=\"text-align: justify;\">Ba\u011f\u0131\u015f, Almanya&#8217;n\u0131n Ankara B\u00fcy\u00fckel\u00e7isi Eberhard Pohl&#8217;u makam\u0131nda kabul etti. Kabul s\u0131ras\u0131nda konu\u015fan Ba\u011f\u0131\u015f, Dink cinayeti davas\u0131ndaki karar hakk\u0131ndaki bir soru \u00fczerine, kamu vicdan\u0131ndaki rahats\u0131zl\u0131k ile ilgili olarak Cumhurba\u015fkan\u0131 Abdullah G\u00fcl ve Ba\u015fbakan Recep Tayyip Erdo\u011fan&#8217;\u0131n da ayn\u0131 hassasiyeti vurgulad\u0131klar\u0131n\u0131 hat\u0131rlatt\u0131. Avrupa Birli\u011fi&#8217;nden de bu konuda \u00e7a\u011fr\u0131lar geldi\u011fini ifade eden Ba\u011f\u0131\u015f, &#8220;Yarg\u0131m\u0131za bir f\u0131rsat verilmesi gerekti\u011fine inan\u0131yorum. Yarg\u0131m\u0131z\u0131n daha temyiz s\u00fcreci var. Bu i\u015fin Yarg\u0131tay s\u00fcreci var. Onu bir g\u00f6relim. Ondan sonra neticeyi birlikte de\u011ferlendirelim&#8221; dedi.<\/p>\n<p style=\"text-align: justify;\">Hen\u00fcz bir netice almak i\u00e7in \u00e7ok erken oldu\u011funun alt\u0131n\u0131 \u00e7izen ve AB Komisyonu&#8217;nun da dava ile ilgili talepte bulundu\u011funu kaydeden Ba\u011f\u0131\u015f, \u015f\u00f6yle konu\u015ftu:<\/p>\n<p style=\"text-align: justify;\">&#8220;Ama g\u00f6n\u00fcl isterdi ki Roj TV ile ilgili olarak da Danimarka&#8217;ya benzer bir talepte bulunsunlar. \u00c7\u00fcnk\u00fc Danimarka mahkemeleri de Roj TV&#8217;nin bir ter\u00f6r \u00f6rg\u00fct\u00fcn\u00fcn borazan\u0131 oldu\u011funu tescil etti. Roj TV&#8217;nin PKK fonlar\u0131yla y\u00f6netildi\u011fini kabul etti, ama kapatmad\u0131. Buradaki tezad\u0131 da AB&#8217;nin g\u00f6rmesi gerekirdi. B\u00f6yle &#8216;dedi\u011fimi yap, yapt\u0131\u011f\u0131m\u0131 yapma&#8217; zihniyetiyle AB maalesef kredibilite kayb\u0131na u\u011fruyor. Ama T\u00fcrkiye&#8217;nin kendi i\u00e7 dinamikleri a\u00e7\u0131s\u0131ndan Hrant Dink bu \u00fclkenin vatanda\u015f\u0131d\u0131r. Katledilmi\u015ftir ve bu soru\u015fturma kapsam\u0131nda ortaya \u00e7\u0131kan delillerle ilgili olarak davan\u0131n \u00fcst d\u00fczey yetkilileri bile &#8216;\u00f6rg\u00fct yoktur diyemem, delil yok&#8217; diyor. O zaman delillerin bulunmas\u0131 i\u00e7in daha s\u0131k\u0131 bir \u00e7al\u0131\u015fma, i\u015fbirli\u011fi gerekiyor ve Yarg\u0131tay&#8217;\u0131n bu davay\u0131 nas\u0131l ele alaca\u011f\u0131 da \u00e7ok \u00f6nemlidir. Ona bir f\u0131rsat tan\u0131may\u0131 daha do\u011fru buluyorum.&#8221;<\/p>\n<p style=\"text-align: justify;\">Ba\u011f\u0131\u015f, Almanya ve T\u00fcrkiye aras\u0131ndaki ili\u015fkiler konusunda ise Almanya&#8217;da yakla\u015f\u0131k 3 milyon T\u00fcrk vatanda\u015f\u0131 ve soyda\u015f\u0131n ya\u015fad\u0131\u011f\u0131n\u0131 hat\u0131rlatarak, Almanya&#8217;n\u0131n T\u00fcrkiye&#8217;nin d\u0131\u015f ticaret konusundaki en \u00f6nemli ortaklar\u0131ndan biri oldu\u011funu s\u00f6yledi. Almanya&#8217;n\u0131n AB d\u00f6nem ba\u015fkanl\u0131\u011f\u0131 s\u0131ras\u0131nda \u00fc\u00e7 fasl\u0131 a\u00e7arak T\u00fcrkiye&#8217;nin \u00fcyeli\u011fine somut destek veren bir \u00fclke oldu\u011funu belirten Ba\u011f\u0131\u015f, &#8220;Bug\u00fcn Almanya&#8217;n\u0131n i\u00e7 siyasetinde farkl\u0131 siyasi tart\u0131\u015fmalar olabilir, ama Alman milletinin, Almanya&#8217;n\u0131n T\u00fcrkiye&#8217;nin AB s\u00fcrecine destek verdi\u011fini biliyoruz ve bu deste\u011fin de devam\u0131n\u0131 diliyoruz&#8221; diye konu\u015ftu.<\/p>\n<p style=\"text-align: justify;\">Ba\u011f\u0131\u015f, gelecek hafta M\u00fcnih&#8217;te T\u00fcrkiye&#8217;nin AB \u00fcyeli\u011fiyle ilgili temaslarda bulunaca\u011f\u0131n\u0131 belirterek, B\u00fcy\u00fckel\u00e7i Pohl ile bu konuda g\u00f6r\u00fc\u015fece\u011fini s\u00f6yledi.<\/p>\n<p style=\"text-align: justify;\">Almanya&#8217;n\u0131n Ankara B\u00fcy\u00fckel\u00e7isi Eberhard Pohl da T\u00fcrkiye&#8217;deki g\u00f6revine 6 ay \u00f6nce atand\u0131\u011f\u0131n\u0131 belirterek, iki \u00fclke aras\u0131ndaki ili\u015fkilerin \u00f6nemine i\u015faret etti. Pohl, Ba\u015fbakan Recep Tayyip Erdo\u011fan&#8217;\u0131n 2 ay \u00f6nce Almanya&#8217;ya yapt\u0131\u011f\u0131 ziyaret s\u0131ras\u0131nda Almanya Ba\u015fbakan\u0131 Angela Merkel&#8217;in T\u00fcrkiye&#8217;nin AB \u00fcyeli\u011fi i\u00e7in \u015fartlar\u0131n olu\u015fmas\u0131 konusunda elinden geleni yapmak i\u00e7in s\u00f6z verdi\u011fini hat\u0131rlatt\u0131. Ge\u00e7en y\u0131l T\u00fcrkiye&#8217;den Almanya&#8217;ya i\u015f\u00e7i g\u00f6\u00e7\u00fcn\u00fcn 50. y\u0131l\u0131n\u0131n kutland\u0131\u011f\u0131n\u0131 ifade eden Pohl, Almanya&#8217;da ya\u015fayan T\u00fcrklerin bu s\u00fcre i\u00e7inde bir\u00e7ok ba\u015far\u0131ya imza att\u0131\u011f\u0131n\u0131 da s\u00f6zlerine ekledi.<\/p>\n<p style=\"text-align: justify;\"><a href=\"http:\/\/www.gazeteport.com.tr\/haber\/74491\/yargimiza_bir_firsat_verilmeli\" target=\"_blank\">Kaynak : GAZETEPORT<\/a><\/p>\n","protected":false},"excerpt":{"rendered":"<p style=\"text-align: center;\">\n<p style=\"text-align: justify;\">Bakan Ba\u011f\u0131\u015f, Hrant Dink cinayetiyle ilgili davada verilen kararla ilgili temyiz s\u00fcresinin beklenmesi gerekti\u011fini s\u00f6yledi.<\/p>\n<p style=\"text-align: justify;\">ANKARA &#8211; AB Bakan\u0131 ve Ba\u015fm\u00fczakereci Egemen Ba\u011f\u0131\u015f, Hrant Dink cinayeti davas\u0131nda verilen karar hakk\u0131nda kamu vicdan\u0131 rahats\u0131zl\u0131\u011f\u0131n\u0131n a\u015fikar oldu\u011funu, ancak davan\u0131n temyiz s\u00fcrecinin beklenmesi gerekti\u011fini belirterek, &#8220;Yarg\u0131m\u0131za bir f\u0131rsat verilmesi gerekti\u011fine inan\u0131yorum&#8221; <\/p>\n","protected":false},"author":1,"featured_media":0,"comment_status":"open","ping_status":"open","sticky":false,"template":"","format":"standard","meta":{"footnotes":""},"categories":[105],"tags":[],"class_list":["post-46920","post","type-post","status-publish","format-standard","hentry","category-gundem","odd"],"_links":{"self":[{"href":"http:\/\/www.korhanyilmaz.com\/index.php?rest_route=\/wp\/v2\/posts\/46920","targetHints":{"allow":["GET"]}}],"collection":[{"href":"http:\/\/www.korhanyilmaz.com\/index.php?rest_route=\/wp\/v2\/posts"}],"about":[{"href":"http:\/\/www.korhanyilmaz.com\/index.php?rest_route=\/wp\/v2\/types\/post"}],"author":[{"embeddable":true,"href":"http:\/\/www.korhanyilmaz.com\/index.php?rest_route=\/wp\/v2\/users\/1"}],"replies":[{"embeddable":true,"href":"http:\/\/www.korhanyilmaz.com\/index.php?rest_route=%2Fwp%2Fv2%2Fcomments&post=46920"}],"version-history":[{"count":0,"href":"http:\/\/www.korhanyilmaz.com\/index.php?rest_route=\/wp\/v2\/posts\/46920\/revisions"}],"wp:attachment":[{"href":"http:\/\/www.korhanyilmaz.com\/index.php?rest_route=%2Fwp%2Fv2%2Fmedia&parent=46920"}],"wp:term":[{"taxonomy":"category","embeddable":true,"href":"http:\/\/www.korhanyilmaz.com\/index.php?rest_route=%2Fwp%2Fv2%2Fcategories&post=46920"},{"taxonomy":"post_tag","embeddable":true,"href":"http:\/\/www.korhanyilmaz.com\/index.php?rest_route=%2Fwp%2Fv2%2Ftags&post=46920"}],"curies":[{"name":"wp","href":"https:\/\/api.w.org\/{rel}","templated":true}]}}