{"id":46917,"date":"2012-01-19T13:38:28","date_gmt":"2012-01-19T11:38:28","guid":{"rendered":"http:\/\/www.korhanyilmaz.com\/?p=46917"},"modified":"2012-01-19T23:40:34","modified_gmt":"2012-01-19T21:40:34","slug":"hakimin-alanina-mudahale-var","status":"publish","type":"post","link":"http:\/\/www.korhanyilmaz.com\/?p=46917","title":{"rendered":"Hakimin alan\u0131na m\u00fcdahale var"},"content":{"rendered":"<p style=\"text-align: center;\"><a href=\"http:\/\/www.korhanyilmaz.com\/wp-content\/uploads\/2012\/01\/9297.jpg\"  class=\"lightview\"><img loading=\"lazy\" decoding=\"async\" class=\"aligncenter  wp-image-46918\" src=\"http:\/\/www.korhanyilmaz.com\/wp-content\/uploads\/2012\/01\/9297.jpg\" alt=\"\" width=\"396\" height=\"180\" \/><\/a><\/p>\n<p style=\"text-align: justify;\">Yarg\u0131tay Onursal Ba\u015fkan\u0131 Sami Sel\u00e7uk: Herkes sussun. Su\u00e7 i\u015fleniyor. Hakimin alan\u0131na m\u00fcdahale var.<\/p>\n<p style=\"text-align: justify;\">\u0130STANBUL &#8211; Samil Sel\u00e7uk verdi\u011fi Hrant Dink&#8217; karar\u0131 nedeniyle adeta lin\u00e7 edilme noktas\u0131na getirilen \u0130stanbul 14. A\u011f\u0131r Ceza Mahkemesi Ba\u015fkan\u0131 R\u00fcstem Ery\u0131lmaz&#8217;\u0131 sahip \u00e7\u0131kt\u0131. Sel\u00e7uk yarg\u0131lama s\u00fcrecinin s\u00fcrd\u00fc\u011f\u00fcn\u00fc belirterek kararla ilgili olarak a\u00e7\u0131klama yapan herkesin a\u00e7\u0131k\u00e7a TCK&#8217;n\u0131n 288. maddesini ihlal etti\u011fini ve hakimin g\u00f6rev alan\u0131na m\u00fcdahalede bulunarak su\u00e7 i\u015fledi\u011fini, bu su\u00e7u i\u015fleyenler aras\u0131nda hukuk, siyaset k\u00f6kenli insanlar\u0131 g\u00f6rd\u00fc\u011f\u00fc i\u00e7in deh\u015fete d\u00fc\u015ft\u00fc\u011f\u00fcn\u00fc s\u00f6yledi. Sel\u00e7uk &#8220;o zaman b\u0131rakal\u0131m hakimin verdi\u011fi karar\u0131 parkta oturanlar\u0131n verdi\u011fi karar\u0131 uygulayal\u0131m&#8221; diyerek tepkisini dile getirdi.\u00a0\u00a0<!--more--><\/p>\n<p style=\"text-align: justify;\">Yarg\u0131tay Onursal Ba\u015fkan\u0131 Sami Sel\u00e7uk, Habert\u00fcrk&#8217;te kat\u0131ld\u0131\u011f\u0131 g\u00fcn ortas\u0131 program\u0131nda Didem Y\u0131lmaz&#8217;\u0131n sorular\u0131n\u0131 yan\u0131tlad\u0131. Sel\u00e7uk, &#8220;Bir mahkeme ba\u015fkan\u0131n\u0131n b\u00f6yle bir a\u00e7\u0131klama yapmas\u0131n\u0131 uygun g\u00f6rmem. Bir karar vermi\u015ftir. Bu karar Yarg\u0131tay taraf\u0131ndan incelenecektir. Do\u011fru veya yanl\u0131\u015f orada dosya yeniden elden ge\u00e7irilecektir.<\/p>\n<p style=\"text-align: justify;\">Di\u011fer yarg\u0131\u00e7lar\u0131n iznini al\u0131p almad\u0131\u011f\u0131n\u0131 bilmem ama deme\u00e7 vermemesi laz\u0131md\u0131. Hakimler s\u00f6z\u00fcn\u00fc verdi\u011fi kararla s\u00f6yler.<\/p>\n<p style=\"text-align: justify;\">Mahkeme psikolojik unsurlara g\u00f6re karar veremez. Roma hukukundan bu yana ge\u00e7erli olan durum \u015fudur. Mahkemeler dava dosyas\u0131nda bulunan kan\u0131tlara g\u00f6re karar verir. Yarg\u0131\u00e7lar da bu dosya i\u00e7inde bulunmayan psikokoljik unsurlara g\u00f6re karar veremez. E\u011fer bunun d\u0131\u015f\u0131nda karar verirse T\u00fcrkiye d\u00fcnyaca d\u0131\u015flan\u0131r. Toplumun duyarl\u0131l\u0131\u011f\u0131n\u0131 anl\u0131yorum. Ama toplum durmal\u0131d\u0131r.<\/p>\n<p style=\"text-align: justify;\">H\u00fck\u00fcm kurulurken kesin kan\u0131t bulunmal\u0131d\u0131r. Bu hukukun temel ilkesidir. Burada b\u00f6yle bir yay\u0131n\u0131n yap\u0131lmas\u0131n\u0131 da uygun bulmuyorum. Herkesin susmas\u0131 gereken bir yerde herkes konu\u015fuyor. Bu su\u00e7tur. Bir karar verilmi\u015ftir. Do\u011fru ya da yanl\u0131\u015f. Bu dosyay\u0131 yarg\u0131tay inceleyecek. Taraflar\u0131n dilek\u00e7elerini inceleyecek, taraflar\u0131n iddialar\u0131n\u0131 g\u00f6z \u00f6n\u00fcne alacak. Dosyadaki delil durumuna bakacak. Kimileri kesin olarak \u015fu vard\u0131r. Bu vard\u0131r diyor. Parkta oturun yarg\u0131lay\u0131n karar verin. Onu uygulay\u0131n. T\u00fcrk Ceza Kanununun 288. maddesi a\u00e7\u0131k\u00e7a herkes taraf\u0131ndan ihlal ediliyor. Hakimin alan\u0131na a\u00e7\u0131k\u00e7a m\u00fcdahale var. Bunlar\u0131n aras\u0131nda hukuk\u00e7ular var. Siyaset\u00e7iler var. \u00dcstelik Yarg\u0131tay&#8217;dan gelen insanlar var. G\u00f6r\u00fc\u015f bildiriyorlar. Hayretler i\u00e7inde kal\u0131yorum. Bu yasakt\u0131r. Yarg\u0131 s\u00fcreci hen\u00fcz devam ediyor. Herkesin susup yarg\u0131n\u0131n i\u015fini bitirmesini beklemelidir.&#8221; dedi.<\/p>\n<p style=\"text-align: justify;\">[flv]http:\/\/www.gazeteport.com.tr\/galeri\/upload\/8b10f.flv[\/flv]<\/p>\n<p style=\"text-align: justify;\"><a href=\"http:\/\/www.gazeteport.com.tr\/haber\/74502\/hakimin_alanina_mudahale_var\" target=\"_blank\">Kaynak : GAZETEPORT<\/a><\/p>\n","protected":false},"excerpt":{"rendered":"<p style=\"text-align: center;\">\n<p style=\"text-align: justify;\">Yarg\u0131tay Onursal Ba\u015fkan\u0131 Sami Sel\u00e7uk: Herkes sussun. Su\u00e7 i\u015fleniyor. Hakimin alan\u0131na m\u00fcdahale var.<\/p>\n<p style=\"text-align: justify;\">\u0130STANBUL &#8211; Samil Sel\u00e7uk verdi\u011fi Hrant Dink&#8217; karar\u0131 nedeniyle adeta lin\u00e7 edilme noktas\u0131na getirilen \u0130stanbul 14. A\u011f\u0131r Ceza Mahkemesi Ba\u015fkan\u0131 R\u00fcstem Ery\u0131lmaz&#8217;\u0131 sahip \u00e7\u0131kt\u0131. Sel\u00e7uk yarg\u0131lama s\u00fcrecinin s\u00fcrd\u00fc\u011f\u00fcn\u00fc belirterek kararla ilgili olarak a\u00e7\u0131klama yapan herkesin <\/p>\n","protected":false},"author":1,"featured_media":0,"comment_status":"open","ping_status":"open","sticky":false,"template":"","format":"standard","meta":{"footnotes":""},"categories":[105],"tags":[],"class_list":["post-46917","post","type-post","status-publish","format-standard","hentry","category-gundem","odd"],"_links":{"self":[{"href":"http:\/\/www.korhanyilmaz.com\/index.php?rest_route=\/wp\/v2\/posts\/46917","targetHints":{"allow":["GET"]}}],"collection":[{"href":"http:\/\/www.korhanyilmaz.com\/index.php?rest_route=\/wp\/v2\/posts"}],"about":[{"href":"http:\/\/www.korhanyilmaz.com\/index.php?rest_route=\/wp\/v2\/types\/post"}],"author":[{"embeddable":true,"href":"http:\/\/www.korhanyilmaz.com\/index.php?rest_route=\/wp\/v2\/users\/1"}],"replies":[{"embeddable":true,"href":"http:\/\/www.korhanyilmaz.com\/index.php?rest_route=%2Fwp%2Fv2%2Fcomments&post=46917"}],"version-history":[{"count":0,"href":"http:\/\/www.korhanyilmaz.com\/index.php?rest_route=\/wp\/v2\/posts\/46917\/revisions"}],"wp:attachment":[{"href":"http:\/\/www.korhanyilmaz.com\/index.php?rest_route=%2Fwp%2Fv2%2Fmedia&parent=46917"}],"wp:term":[{"taxonomy":"category","embeddable":true,"href":"http:\/\/www.korhanyilmaz.com\/index.php?rest_route=%2Fwp%2Fv2%2Fcategories&post=46917"},{"taxonomy":"post_tag","embeddable":true,"href":"http:\/\/www.korhanyilmaz.com\/index.php?rest_route=%2Fwp%2Fv2%2Ftags&post=46917"}],"curies":[{"name":"wp","href":"https:\/\/api.w.org\/{rel}","templated":true}]}}