{"id":46909,"date":"2012-01-19T13:02:59","date_gmt":"2012-01-19T11:02:59","guid":{"rendered":"http:\/\/www.korhanyilmaz.com\/?p=46909"},"modified":"2012-01-19T20:05:48","modified_gmt":"2012-01-19T18:05:48","slug":"cemaat-dergisi-gonca-bakanlik-onayi-ile-okullarda","status":"publish","type":"post","link":"http:\/\/www.korhanyilmaz.com\/?p=46909","title":{"rendered":"Cemaat dergisi Gonca Bakanl\u0131k onay\u0131 ile okullarda"},"content":{"rendered":"<p style=\"text-align: center;\"><a href=\"http:\/\/www.korhanyilmaz.com\/wp-content\/uploads\/2012\/01\/9295.jpg\"  class=\"lightview\"><img loading=\"lazy\" decoding=\"async\" class=\"aligncenter  wp-image-46910\" src=\"http:\/\/www.korhanyilmaz.com\/wp-content\/uploads\/2012\/01\/9295.jpg\" alt=\"\" width=\"357\" height=\"175\" \/><\/a><\/p>\n<p style=\"text-align: justify;\">Fethullah G\u00fclen cemaatine yak\u0131nl\u0131\u011f\u0131yla bilinen \u201c<strong>Kimse Yok Mu Derne\u011fi<\/strong>\u201d ve yine cemaate yak\u0131nl\u0131\u011f\u0131 ile bilinen <strong>Gonca \u00c7ocuk Dergisi<\/strong> \u201c<span style=\"text-decoration: underline;\">Kumbaram Dolsun Van\u2019a Okul Olsun<\/span>\u201d adl\u0131 bir kampanya ba\u015flatt\u0131. Kampanya, Milli E\u011fitim Bakanl\u0131\u011f\u0131n\u0131n izni ile b\u00fct\u00fcn okullarda cemaat\u00e7ilerin kampanya y\u00fcr\u00fctmesi ve afi\u015f asmas\u0131na izin veriyor.\u00a0<!--more--><\/p>\n<p style=\"text-align: justify;\">AKP H\u00fck\u00fcmeti deprem sonras\u0131 Van\u2019a yard\u0131m g\u00f6ndermemeyi s\u00fcrd\u00fcr\u00fcrken, bir yandan da yard\u0131m bahanesi ile cemaat\u00e7ilere olanak sunmaya devam ediyor. Fethullah G\u00fclen cemaatine yak\u0131nl\u0131\u011f\u0131 ile bilinen, Gonca \u00c7ocuk Dergisi\u2019nin \u201cKumbaram Dolsun Van\u2019a Okul Olsun\u201d adl\u0131 kampanya i\u00e7in Bakanl\u0131k, cemaat dergisinin \u00fclke genelindeki b\u00fct\u00fcn okullarda \u00e7al\u0131\u015fma yapmas\u0131 ve dergi satmas\u0131na onay verdi.<\/p>\n<p style=\"text-align: justify;\"><strong>\u201c\u0130lk\u00f6\u011fretim ve orta\u00f6\u011fretim \u00f6\u011frencilerinin yard\u0131mla\u015fmas\u0131 i\u00e7in\u201d\u00a0<\/strong><\/p>\n<p style=\"text-align: justify;\">Cemaate yak\u0131n bir dergi ve derne\u011fin d\u00fczenledi\u011fi ve afi\u015fte isimlerinin yer ald\u0131\u011f\u0131 kampanyaya i\u00e7in 17 Ocak 2012 tarihinden itibaren okullara bir genelge g\u00f6nderildi.<\/p>\n<p style=\"text-align: justify;\">Bakanl\u0131\u011f\u0131n g\u00f6nderdi\u011fi genelge ile kaymakaml\u0131klar\u0131n Milli E\u011fitim M\u00fcd\u00fcrl\u00fcklerine g\u00f6nderdi\u011fi yaz\u0131 ise \u015f\u00f6yle:<\/p>\n<p style=\"text-align: justify;\">\u201c\u0130lk\u00f6\u011fretim ve orta\u00f6\u011fretim \u00f6\u011frencilerinin yard\u0131mla\u015fma, iktisat ve karde\u015flik duygular\u0131n\u0131 geli\u015ftirmeye matuf, \u00e7evre ve toplum olaylar\u0131na duyarl\u0131 insanlar olarak yeti\u015fmelerine katk\u0131da bulunmak maksad\u0131yla d\u00fczenlenen, \u201cGonca Dergisi Okul Kampanyas\u0131\u201d ile ilgili Bakanl\u0131\u011f\u0131m\u0131z\u0131n Yenilik ve E\u011fitim Teknolojileri Genel M\u00fcd\u00fcrl\u00fc\u011f\u00fc\u2019n\u00fcn 23\/12\/2011 tarihli ve 29171 say\u0131l\u0131 yaz\u0131s\u0131, bakanl\u0131k oluru ile kampanya afi\u015fi yaz\u0131m\u0131z ekinde g\u00f6nderilmi\u015ftir.<\/p>\n<p style=\"text-align: justify;\">S\u00f6z konusu kampanya ile ilgili yaz\u0131n\u0131n okulunuzda duyurulmas\u0131 ve ekten g\u00f6nderilen afi\u015fin herkesin g\u00f6rebilece\u011fi yerlere as\u0131lmas\u0131 hususunda bilgilerinizi arz ederim.\u201d<\/p>\n<p style=\"text-align: justify;\"><strong>\u201cBakanl\u0131ktan bir g\u00fcnde onay\u201d\u00a0<\/strong><\/p>\n<p style=\"text-align: justify;\">Milli E\u011fitim Bakanl\u0131\u011f\u0131\u2019n\u0131n Yenilik ve E\u011fitim Teknolojileri Genel M\u00fcd\u00fcrl\u00fc\u011f\u00fc\u2019ne yap\u0131lan ba\u015fvurunun ard\u0131ndan m\u00fcd\u00fcrl\u00fck Milli E\u011fitim Bakanl\u0131\u011f\u0131na 23 Aral\u0131k 2011 g\u00fcn\u00fc bir dilek\u00e7e g\u00f6ndererek kampanya i\u00e7in onay istedi\u011fini belirtiyor ve ayn\u0131 g\u00fcn i\u00e7inden Bakanl\u0131ktan onay al\u0131yor.<\/p>\n<p style=\"text-align: justify;\">Yenilik ve E\u011fitim Teknolojileri Genel M\u00fcd\u00fcrl\u00fc\u011f\u00fc\u2019n\u00fcn kampanya ile ilgili Bakanl\u0131\u011fa g\u00f6nderdi\u011fi yaz\u0131 da Bakanl\u0131\u011f\u0131n logosunun afi\u015fte yer almas\u0131 talep ediliyor.<\/p>\n<p style=\"text-align: center;\"><a href=\"http:\/\/www.korhanyilmaz.com\/wp-content\/uploads\/2012\/01\/9296.jpg\"  class=\"lightview\"><img loading=\"lazy\" decoding=\"async\" class=\"aligncenter  wp-image-46915\" src=\"http:\/\/www.korhanyilmaz.com\/wp-content\/uploads\/2012\/01\/9296.jpg\" alt=\"\" width=\"560\" height=\"461\" \/><\/a><\/p>\n<p style=\"text-align: justify;\"><a href=\"http:\/\/www.muhalifgazete.com\/30111-Cemaat-dergisi-Genco-Bakanlik-onayi-ile-okullarda.htm\" target=\"_blank\">Kaynak : Muhalif Gazete<\/a><\/p>\n","protected":false},"excerpt":{"rendered":"<p style=\"text-align: center;\">\n<p style=\"text-align: justify;\">Fethullah G\u00fclen cemaatine yak\u0131nl\u0131\u011f\u0131yla bilinen \u201cKimse Yok Mu Derne\u011fi\u201d ve yine cemaate yak\u0131nl\u0131\u011f\u0131 ile bilinen Gonca \u00c7ocuk Dergisi \u201cKumbaram Dolsun Van\u2019a Okul Olsun\u201d adl\u0131 bir kampanya ba\u015flatt\u0131. Kampanya, Milli E\u011fitim Bakanl\u0131\u011f\u0131n\u0131n izni ile b\u00fct\u00fcn okullarda cemaat\u00e7ilerin kampanya y\u00fcr\u00fctmesi ve afi\u015f asmas\u0131na izin veriyor. <\/p>\n","protected":false},"author":1,"featured_media":0,"comment_status":"open","ping_status":"open","sticky":false,"template":"","format":"standard","meta":{"footnotes":""},"categories":[105],"tags":[310,670,669],"class_list":["post-46909","post","type-post","status-publish","format-standard","hentry","category-gundem","tag-fethullah-gulen","tag-gonca-cocuk-dergisi","tag-kimse-yok-mu-dernegi","odd"],"_links":{"self":[{"href":"http:\/\/www.korhanyilmaz.com\/index.php?rest_route=\/wp\/v2\/posts\/46909","targetHints":{"allow":["GET"]}}],"collection":[{"href":"http:\/\/www.korhanyilmaz.com\/index.php?rest_route=\/wp\/v2\/posts"}],"about":[{"href":"http:\/\/www.korhanyilmaz.com\/index.php?rest_route=\/wp\/v2\/types\/post"}],"author":[{"embeddable":true,"href":"http:\/\/www.korhanyilmaz.com\/index.php?rest_route=\/wp\/v2\/users\/1"}],"replies":[{"embeddable":true,"href":"http:\/\/www.korhanyilmaz.com\/index.php?rest_route=%2Fwp%2Fv2%2Fcomments&post=46909"}],"version-history":[{"count":0,"href":"http:\/\/www.korhanyilmaz.com\/index.php?rest_route=\/wp\/v2\/posts\/46909\/revisions"}],"wp:attachment":[{"href":"http:\/\/www.korhanyilmaz.com\/index.php?rest_route=%2Fwp%2Fv2%2Fmedia&parent=46909"}],"wp:term":[{"taxonomy":"category","embeddable":true,"href":"http:\/\/www.korhanyilmaz.com\/index.php?rest_route=%2Fwp%2Fv2%2Fcategories&post=46909"},{"taxonomy":"post_tag","embeddable":true,"href":"http:\/\/www.korhanyilmaz.com\/index.php?rest_route=%2Fwp%2Fv2%2Ftags&post=46909"}],"curies":[{"name":"wp","href":"https:\/\/api.w.org\/{rel}","templated":true}]}}