{"id":46904,"date":"2012-01-19T15:35:12","date_gmt":"2012-01-19T13:35:12","guid":{"rendered":"http:\/\/www.korhanyilmaz.com\/?p=46904"},"modified":"2012-01-19T19:48:35","modified_gmt":"2012-01-19T17:48:35","slug":"tusiadin-yeni-yonetim-kurulu-belirlendi","status":"publish","type":"post","link":"http:\/\/www.korhanyilmaz.com\/?p=46904","title":{"rendered":"T\u00dcS\u0130AD&#8217;\u0131n yeni y\u00f6netim kurulu belirlendi"},"content":{"rendered":"<p style=\"text-align: center;\"><a href=\"http:\/\/www.korhanyilmaz.com\/wp-content\/uploads\/2012\/01\/9294.jpg\"  class=\"lightview\"><img loading=\"lazy\" decoding=\"async\" class=\"aligncenter  wp-image-46906\" src=\"http:\/\/www.korhanyilmaz.com\/wp-content\/uploads\/2012\/01\/9294.jpg\" alt=\"\" width=\"261\" height=\"224\" \/><\/a><\/p>\n<p style=\"text-align: justify;\">T\u00fcrk Sanayicileri ve \u0130\u015fadamlar\u0131 Derne\u011fi (T\u00dcS\u0130AD) Y\u00f6netim Kurulu Ba\u015fkanl\u0131\u011f\u0131 g\u00f6revine \u00dcmit Boyner yeniden se\u00e7ildi.<\/p>\n<p style=\"text-align: justify;\">T\u00dcS\u0130AD&#8217;\u0131n bug\u00fcn \u00c7\u0131ra\u011fan Saray\u0131nda ger\u00e7ekle\u015ftirilen 42. Ola\u011fan Genel Kurul toplant\u0131s\u0131nda, derne\u011fin yeni Y\u00f6netim Kurulu \u00fcyeleri belli oldu.<\/p>\n<p style=\"text-align: justify;\">Genel Kurulda se\u00e7ilen yeni Y\u00f6netim Kurulu, kendi aras\u0131nda yapm\u0131\u015f oldu\u011fu se\u00e7im sonucu, Y\u00f6netim Kurulu Ba\u015fkanl\u0131\u011f\u0131na \u00dcmit Boyner&#8217;i, Ba\u015fkan Yard\u0131mc\u0131l\u0131klar\u0131na ise Haluk Din\u00e7er, Muharrem Y\u0131lmaz ve Erman Il\u0131cak&#8217;\u0131 getirdi.\u00a0<!--more--><\/p>\n<p style=\"text-align: justify;\">Toplant\u0131 sonucu belirlenen 2012-2013 D\u00f6nemi T\u00dcS\u0130AD Y\u00f6netim Kurulu \u00dcyeleri ve Y\u00f6netim Kurulu Yedek \u00dcyeleri isim listesi \u015f\u00f6yle:<\/p>\n<p style=\"text-align: justify;\">* \u00dcmit Boyner (Y\u00f6netim Kurulu Ba\u015fkan\u0131),<\/p>\n<p style=\"text-align: justify;\">* Haluk Din\u00e7er (Ba\u015fkan Yard\u0131mc\u0131s\u0131, Parlamento \u0130\u015fleri Komisyonu Ba\u015fkan\u0131),<\/p>\n<p style=\"text-align: justify;\">* Muharrem Y\u0131lmaz (Ba\u015fkan Yard\u0131mc\u0131s\u0131, B\u00f6lgesel Geli\u015fme ve \u0130\u015f D\u00fcnyas\u0131 Kurulu\u015flar\u0131 ile \u0130li\u015fkiler Komisyonu Ba\u015fkan\u0131),<\/p>\n<p style=\"text-align: justify;\">* Erman Il\u0131cak (Ba\u015fkan Yard\u0131mc\u0131s\u0131, Teknoloji, \u0130novasyon ve Bilgi Toplumu Komisyonu Ba\u015fkan\u0131),<\/p>\n<p style=\"text-align: justify;\">* Cansen Ba\u015faran Symes (Sayman \u00dcye, \u015eirket \u0130\u015fleri Komisyonu Ba\u015fkan\u0131),<\/p>\n<p style=\"text-align: justify;\">* Nezih Batur (\u00dcye, Sanayi \u0130\u015fleri Komisyonu Ba\u015fkan\u0131),<\/p>\n<p style=\"text-align: justify;\">* Tayfun Bayaz\u0131t (\u00dcye, Ekonomik ve Mali \u0130\u015fler Komisyonu Ba\u015fkan\u0131),<\/p>\n<p style=\"text-align: justify;\">* Cenk \u00c7imen (\u00dcye, Sosyal \u0130\u015fler Komisyonu Ba\u015fkan\u0131),<\/p>\n<p style=\"text-align: justify;\">* Volkan Vural (\u00dcye, D\u0131\u015fi\u015fleri ve AB Uyum Komisyonu Ba\u015fkan\u0131)<\/p>\n<p style=\"text-align: justify;\">* Meral \u0130nci Zaim (\u00dcye, Yurtd\u0131\u015f\u0131 \u0130leti\u015fim Komisyonu Ba\u015fkan\u0131),<\/p>\n<p style=\"text-align: justify;\">* Zafer Ali Yavan (\u00dcye, Genel Sekreter).<\/p>\n<p style=\"text-align: justify;\">2012-2013 d\u00f6nemi i\u00e7in belirlenen T\u00dcS\u0130AD Y\u00f6netim Kurulu Yedek \u00dcyeleri de Murat \u00d6zye\u011fin, Osman F. Boyner, Metin Akman, Zeynep Silahtaro\u011flu Baykal, Davut Do\u011fan, Tarkan Kadoo\u011flu, Oya Narin, Memduh Boydak, Nur Ger ve Bahad\u0131r Balk\u0131r&#8217;dan olu\u015ftu.<\/p>\n<p style=\"text-align: justify;\"><strong>79 yeni \u00fcye kat\u0131ld\u0131\u00a0<\/strong><\/p>\n<p style=\"text-align: justify;\">T\u00dcS\u0130AD&#8217;\u0131n bug\u00fcn ger\u00e7ekle\u015ftirilen se\u00e7imli 42. Ola\u011fan Genel Kurul Toplant\u0131s\u0131nda Divan Ba\u015fkanl\u0131\u011f\u0131n\u0131 yapan Sedat Alo\u011flu, derne\u011fin 79 yeni \u00fcye kazand\u0131\u011f\u0131n\u0131 belirterek, bunun T\u00dcS\u0130AD tarihinde bir y\u0131l i\u00e7inde kazan\u0131lan \u00fcye say\u0131s\u0131 a\u00e7\u0131s\u0131ndan en y\u00fcksek y\u0131llardan biri oldu\u011funu vurgulad\u0131.<\/p>\n<p style=\"text-align: justify;\">T\u00dcS\u0130AD Y\u00f6netim Kurulu \u00dcyesi Cansen Ba\u015faran Symes de T\u00dcS\u0130AD&#8217;\u0131n 2011 ve 2012 b\u00fct\u00e7elerine ili\u015fkin bilgi verdi.<\/p>\n<p style=\"text-align: justify;\">Symes, 2011 y\u0131l\u0131nda 40. y\u0131l etkinliklerinin masraflar\u0131 ve son aylardaki kur farklar\u0131n\u0131n b\u00fct\u00e7e \u00fczerinde bask\u0131 yapt\u0131\u011f\u0131n\u0131, 2011 y\u0131l\u0131n\u0131n 244 bin lira a\u00e7\u0131kla kapat\u0131ld\u0131\u011f\u0131n\u0131, 2012 y\u0131l\u0131nda 14 milyon 445 bin liral\u0131k b\u00fct\u00e7e hedeflendi\u011fini belirtti.<\/p>\n<p style=\"text-align: justify;\">T\u00dcS\u0130AD&#8217;da y\u0131ll\u0131k \u00fcyelik aidatlar\u0131 da y\u00fczde 9 art\u0131\u015fla 24 bin liraya y\u00fckseltildi.<\/p>\n<p style=\"text-align: justify;\">Bu arada, T\u00dcS\u0130AD&#8217;\u0131n Ola\u011fan Genel Kurul Toplant\u0131s\u0131n\u0131n karbon ayak izi s\u0131f\u0131rlanacak.<\/p>\n<p style=\"text-align: justify;\"><a href=\"http:\/\/www.cnnturk.com\/2012\/ekonomi\/genel\/01\/19\/tusiadin.yeni.yonetim.kurulu.belirlendi\/645531.0\/index.html\" target=\"_blank\">Kaynak : CNN T\u00dcRK<\/a><\/p>\n","protected":false},"excerpt":{"rendered":"<p style=\"text-align: center;\">\n<p style=\"text-align: justify;\">T\u00fcrk Sanayicileri ve \u0130\u015fadamlar\u0131 Derne\u011fi (T\u00dcS\u0130AD) Y\u00f6netim Kurulu Ba\u015fkanl\u0131\u011f\u0131 g\u00f6revine \u00dcmit Boyner yeniden se\u00e7ildi.<\/p>\n<p style=\"text-align: justify;\">T\u00dcS\u0130AD&#8217;\u0131n bug\u00fcn \u00c7\u0131ra\u011fan Saray\u0131nda ger\u00e7ekle\u015ftirilen 42. Ola\u011fan Genel Kurul toplant\u0131s\u0131nda, derne\u011fin yeni Y\u00f6netim Kurulu \u00fcyeleri belli oldu.<\/p>\n<p style=\"text-align: justify;\">Genel Kurulda se\u00e7ilen yeni Y\u00f6netim Kurulu, kendi aras\u0131nda yapm\u0131\u015f oldu\u011fu se\u00e7im sonucu, Y\u00f6netim Kurulu Ba\u015fkanl\u0131\u011f\u0131na <\/p>\n","protected":false},"author":1,"featured_media":0,"comment_status":"open","ping_status":"open","sticky":false,"template":"","format":"standard","meta":{"footnotes":""},"categories":[105],"tags":[],"class_list":["post-46904","post","type-post","status-publish","format-standard","hentry","category-gundem","odd"],"_links":{"self":[{"href":"http:\/\/www.korhanyilmaz.com\/index.php?rest_route=\/wp\/v2\/posts\/46904","targetHints":{"allow":["GET"]}}],"collection":[{"href":"http:\/\/www.korhanyilmaz.com\/index.php?rest_route=\/wp\/v2\/posts"}],"about":[{"href":"http:\/\/www.korhanyilmaz.com\/index.php?rest_route=\/wp\/v2\/types\/post"}],"author":[{"embeddable":true,"href":"http:\/\/www.korhanyilmaz.com\/index.php?rest_route=\/wp\/v2\/users\/1"}],"replies":[{"embeddable":true,"href":"http:\/\/www.korhanyilmaz.com\/index.php?rest_route=%2Fwp%2Fv2%2Fcomments&post=46904"}],"version-history":[{"count":0,"href":"http:\/\/www.korhanyilmaz.com\/index.php?rest_route=\/wp\/v2\/posts\/46904\/revisions"}],"wp:attachment":[{"href":"http:\/\/www.korhanyilmaz.com\/index.php?rest_route=%2Fwp%2Fv2%2Fmedia&parent=46904"}],"wp:term":[{"taxonomy":"category","embeddable":true,"href":"http:\/\/www.korhanyilmaz.com\/index.php?rest_route=%2Fwp%2Fv2%2Fcategories&post=46904"},{"taxonomy":"post_tag","embeddable":true,"href":"http:\/\/www.korhanyilmaz.com\/index.php?rest_route=%2Fwp%2Fv2%2Ftags&post=46904"}],"curies":[{"name":"wp","href":"https:\/\/api.w.org\/{rel}","templated":true}]}}