{"id":46896,"date":"2012-01-19T17:58:25","date_gmt":"2012-01-19T15:58:25","guid":{"rendered":"http:\/\/www.korhanyilmaz.com\/?p=46896"},"modified":"2012-01-19T18:50:48","modified_gmt":"2012-01-19T16:50:48","slug":"savci-orgut-icin-fazlasiyla-delil-var","status":"publish","type":"post","link":"http:\/\/www.korhanyilmaz.com\/?p=46896","title":{"rendered":"Dink davas\u0131 karar\u0131 temyize gidiyor"},"content":{"rendered":"<p style=\"text-align: justify;\"><a href=\"http:\/\/www.korhanyilmaz.com\/wp-content\/uploads\/2012\/01\/9293.jpg\"  class=\"lightview\"><img loading=\"lazy\" decoding=\"async\" class=\"aligncenter  wp-image-46897\" src=\"http:\/\/www.korhanyilmaz.com\/wp-content\/uploads\/2012\/01\/9293.jpg\" alt=\"\" width=\"390\" height=\"227\" \/><\/a><\/p>\n<p style=\"text-align: justify;\">\u0130stanbul \u00d6zel Yetkili Cumhuriyet Ba\u015fsavc\u0131l\u0131\u011f\u0131, Hrant Dink suikast\u0131 davas\u0131nda verilen karar\u0131 temyiz etti. Ba\u015fsavc\u0131 Vekili Fikret Se\u00e7en, \u201c\u0130ddianamemiz ve m\u00fctalaam\u0131z y\u00f6n\u00fcnde karar verilmesi i\u00e7in temyiz ettik&#8221; dedi.<\/p>\n<p style=\"text-align: justify;\">\u0130stanbul Cumhuriyet Ba\u015fsavc\u0131 Vekili Fikret Se\u00e7en, d\u00fcn yapt\u0131\u011f\u0131 a\u00e7\u0131klama ile \u0130stanbul 14. A\u011f\u0131r Ceza Mahkemesi\u2019nin karar\u0131n\u0131 temyiz ettiklerini s\u00f6yledi.\u00a0<!--more--><\/p>\n<p style=\"text-align: justify;\">Ba\u015fsavc\u0131 Vekili Se\u00e7en, \u201c\u0130stanbul Cumhuriyet Ba\u015fsavc\u0131l\u0131\u011f\u0131 olarak dilek\u00e7emizi mahkemeye sunduk. Dosyay\u0131 temyiz edece\u011fimizi mahkemeye ilettik&#8221; dedi.<\/p>\n<p style=\"text-align: justify;\">Mahkemenin haz\u0131rlayaca\u011f\u0131 gerek\u00e7eli karar\u0131 inceleyip gerek\u00e7eleriyle birlikte verilen karar\u0131 temyiz edeceklerini s\u00f6yleyen Se\u00e7en, \u201c\u0130ddianamemiz ve m\u00fctalaam\u0131z do\u011frultusunda karar verilmesi i\u00e7in temyiz edece\u011fiz&#8221; dedi.<\/p>\n<p style=\"text-align: justify;\"><strong>Savc\u0131: &#8220;\u00d6rg\u00fct de var, delil de&#8221;\u00a0<\/strong><\/p>\n<p style=\"text-align: justify;\">\u0130stanbul 14. A\u011f\u0131r Ceza Mahkemesi\u2019nin duru\u015fma savc\u0131s\u0131 Hikmet Usta yazd\u0131\u011f\u0131 iki sayfal\u0131k itiraz dilek\u00e7esinde ise \u201c20 y\u0131la yakla\u015fan meslek hayat\u0131mda \u015fimdiye kadar mahkemelerce verilen pek \u00e7ok karar\u0131 temyiz ettim. Hakimler elbette verdiklerin kararlar\u0131nda ba\u011f\u0131ms\u0131zd\u0131rlar. Etki alt\u0131nda kalmadan karar vermeleri gerekir. Ancak bas\u0131na yans\u0131yan mahkemeden yap\u0131lan \u2018\u00d6rg\u00fct var, delil yok\u2019 a\u00e7\u0131klamas\u0131na kar\u015f\u0131 biz \u2018\u00d6rg\u00fct de var, delil de var\u2019 hem de fazlas\u0131yla var oldu\u011funu belirtmek istiyoruz&#8221; dedi.<\/p>\n<p style=\"text-align: justify;\">Savc\u0131 Usta, dilek\u00e7esine \u015f\u00f6yle devam etti: \u201cT\u00fcrkiye\u2019nin en \u00f6nemli suikastlar\u0131ndan biri olan Hrant Dink suikast\u0131yla ilgili duru\u015fmalarda beyan etti\u011fimiz esas hakk\u0131ndaki m\u00fctalaalar\u0131m\u0131zda, m\u00fcdahiller taraf\u0131ndan verilen m\u00fctalaalarda, san\u0131klardan Erhan Tuncel\u2019in avukat\u0131 Erdo\u011fan Soruklu\u2019nun son savunmalar\u0131nda ve dosya kapsam\u0131ndaki pek \u00e7ok delillere g\u00f6re \u00f6rg\u00fct yap\u0131s\u0131 ispat edildi\u011fi, anlat\u0131ld\u0131\u011f\u0131 ve kabul edildi\u011fi halde ve hatta san\u0131k Erhan Tuncel\u2019in son savunmalar\u0131nda \u00f6rg\u00fct iddias\u0131n\u0131 inkar bile edememesine ve yine bu konuda dosya kapsam\u0131nda pek \u00e7ok delilin ortaya konulmas\u0131na ra\u011fmen, mahkemece bunlar\u0131n hepsi g\u00f6z ard\u0131 edilerek, dosyadaki delilleri iyi incelemek suretiyle \u00f6rg\u00fct yap\u0131s\u0131n\u0131n olmad\u0131\u011f\u0131 gerek\u00e7esiyle beraat karar\u0131 vermek suretiyle yasaya ayk\u0131r\u0131 davran\u0131ld\u0131\u011f\u0131 anla\u015f\u0131lmaktad\u0131r.&#8221;<\/p>\n<p style=\"text-align: justify;\"><strong>&#8220;San\u0131\u011f\u0131n unutulmas\u0131 dosyan\u0131n incelenmedi\u011fini g\u00f6sterir&#8221;\u00a0<\/strong><\/p>\n<p style=\"text-align: justify;\">San\u0131klardan Co\u015fkun \u0130\u011fci hakk\u0131nda h\u00fck\u00fcm kurulmamas\u0131na da de\u011finen Savc\u0131 Usta, \u201cSan\u0131k Co\u015fkun \u0130\u011fci hakk\u0131nda beraat ya da mahkumiyet h\u00fckm\u00fc verilmesi dahi unutulmu\u015f oldu\u011fu g\u00f6r\u00fclmektedir. Bu da dosyan\u0131n iyi incelenmemesinin en \u00f6nemli delilidir. Halbuki Co\u015fkun \u0130\u011fci\u2019nin davan\u0131n her a\u015famas\u0131nda ayr\u0131nt\u0131l\u0131 ifadeler verdi\u011fi, davan\u0131n taraflar\u0131nca duru\u015fmalarda ifadelerine s\u00fcrekli at\u0131fta bulunuldu\u011fu bilinmektedir&#8221; ifadelerini kulland\u0131.<\/p>\n<p style=\"text-align: justify;\">Usta, dilek\u00e7esine \u015f\u00f6yle devam etti: \u201cAyr\u0131ca san\u0131k Erhan Tuncel\u2019in yard\u0131mc\u0131 istihbarat eleman\u0131 olarak ald\u0131\u011f\u0131 g\u00f6revi suistimal ederek cinayeti gizledi\u011fi ve g\u00fcvenlik birimlerini yan\u0131ltarak cinayetin haber al\u0131nmas\u0131n\u0131 engelledi\u011fi, hem \u00f6rg\u00fct faaliyeti i\u00e7inde yer ald\u0131\u011f\u0131, hem de cinayetin ger\u00e7ekle\u015fmesine aktif olarak kat\u0131ld\u0131\u011f\u0131 ve Yasin Hayal\u2019i bu cinayeti ger\u00e7ekle\u015ftirmesi konusunda siyasi bak\u0131mdan y\u00f6nlendirdi\u011fi, maddi ve manevi her t\u00fcrl\u00fc deste\u011fi vermesine ve azmettirmesine ra\u011fmen su\u00e7unun sabit olmad\u0131\u011f\u0131na karar verilmi\u015f ve maalesef tahliyesine karar verilmi\u015ftir.&#8221;<\/p>\n<p style=\"text-align: justify;\"><strong>&#8220;Olay\u0131n ciddiyeti g\u00f6zard\u0131 edildi&#8221;<\/strong><\/p>\n<p style=\"text-align: justify;\">San\u0131k Tuncel\u2019e Mc Donalds\u2019\u0131n bombalanmas\u0131 olay\u0131 ile ilgili ceza verilmesine de at\u0131f yapan Savc\u0131 Usta, \u201cSan\u0131klar hakk\u0131nda \u00f6rg\u00fct kurmak ve \u00f6rg\u00fct \u00fcyesi olmak su\u00e7undan beraat karar\u0131 verilmesine ra\u011fmen, \u00f6rg\u00fct eylemi olarak iddianamede yer alan Trabzon\u2019daki Mc Donalds eylemi ile ilgili olarak, san\u0131k Erhan Tuncel hakk\u0131ndaki iddia b\u00f6l\u00fcnerek bombalama gibi bir eylemin vahameti ve ciddiyeti de g\u00f6z ard\u0131 edilerek san\u0131k hakk\u0131nda sadece tehlikeli madde imal etme ve basit yaralama su\u00e7undan ceza verilmi\u015ftir&#8221; dedi.<\/p>\n<p style=\"text-align: justify;\">Mahkemenin gerek\u00e7eli karar\u0131n\u0131 yazmas\u0131n\u0131n ard\u0131ndan, savc\u0131 Hikmet Usta\u2019n\u0131n da uzun gerek\u00e7eli karar\u0131n\u0131 yazaca\u011f\u0131 \u00f6\u011frenildi.<\/p>\n<p style=\"text-align: justify;\"><a href=\"http:\/\/www.cnnturk.com\/2012\/turkiye\/01\/19\/dink.davasi.karari.temyize.gidiyor\/645543.0\/index.html\" target=\"_blank\">Kaynak : CNN T\u00dcRK<\/a><\/p>\n","protected":false},"excerpt":{"rendered":"<p style=\"text-align: justify;\">\n<p style=\"text-align: justify;\">\u0130stanbul \u00d6zel Yetkili Cumhuriyet Ba\u015fsavc\u0131l\u0131\u011f\u0131, Hrant Dink suikast\u0131 davas\u0131nda verilen karar\u0131 temyiz etti. Ba\u015fsavc\u0131 Vekili Fikret Se\u00e7en, \u201c\u0130ddianamemiz ve m\u00fctalaam\u0131z y\u00f6n\u00fcnde karar verilmesi i\u00e7in temyiz ettik&#8221; dedi.<\/p>\n<p style=\"text-align: justify;\">\u0130stanbul Cumhuriyet Ba\u015fsavc\u0131 Vekili Fikret Se\u00e7en, d\u00fcn yapt\u0131\u011f\u0131 a\u00e7\u0131klama ile \u0130stanbul 14. A\u011f\u0131r Ceza Mahkemesi\u2019nin karar\u0131n\u0131 temyiz ettiklerini s\u00f6yledi. <\/p>\n","protected":false},"author":1,"featured_media":0,"comment_status":"open","ping_status":"open","sticky":false,"template":"","format":"standard","meta":{"footnotes":""},"categories":[105],"tags":[],"class_list":["post-46896","post","type-post","status-publish","format-standard","hentry","category-gundem","odd"],"_links":{"self":[{"href":"http:\/\/www.korhanyilmaz.com\/index.php?rest_route=\/wp\/v2\/posts\/46896","targetHints":{"allow":["GET"]}}],"collection":[{"href":"http:\/\/www.korhanyilmaz.com\/index.php?rest_route=\/wp\/v2\/posts"}],"about":[{"href":"http:\/\/www.korhanyilmaz.com\/index.php?rest_route=\/wp\/v2\/types\/post"}],"author":[{"embeddable":true,"href":"http:\/\/www.korhanyilmaz.com\/index.php?rest_route=\/wp\/v2\/users\/1"}],"replies":[{"embeddable":true,"href":"http:\/\/www.korhanyilmaz.com\/index.php?rest_route=%2Fwp%2Fv2%2Fcomments&post=46896"}],"version-history":[{"count":0,"href":"http:\/\/www.korhanyilmaz.com\/index.php?rest_route=\/wp\/v2\/posts\/46896\/revisions"}],"wp:attachment":[{"href":"http:\/\/www.korhanyilmaz.com\/index.php?rest_route=%2Fwp%2Fv2%2Fmedia&parent=46896"}],"wp:term":[{"taxonomy":"category","embeddable":true,"href":"http:\/\/www.korhanyilmaz.com\/index.php?rest_route=%2Fwp%2Fv2%2Fcategories&post=46896"},{"taxonomy":"post_tag","embeddable":true,"href":"http:\/\/www.korhanyilmaz.com\/index.php?rest_route=%2Fwp%2Fv2%2Ftags&post=46896"}],"curies":[{"name":"wp","href":"https:\/\/api.w.org\/{rel}","templated":true}]}}