{"id":46887,"date":"2012-01-19T08:12:45","date_gmt":"2012-01-19T06:12:45","guid":{"rendered":"http:\/\/www.korhanyilmaz.com\/?p=46887"},"modified":"2012-01-19T18:07:52","modified_gmt":"2012-01-19T16:07:52","slug":"vicdan-ne-yana-duser-usta","status":"publish","type":"post","link":"http:\/\/www.korhanyilmaz.com\/?p=46887","title":{"rendered":"V\u0130CDAN NE YANA D\u00dc\u015eER USTA!.."},"content":{"rendered":"<div id=\"attachment_44328\" style=\"width: 98px\" class=\"wp-caption alignright\"><img loading=\"lazy\" decoding=\"async\" aria-describedby=\"caption-attachment-44328\" class=\" wp-image-44328 \" title=\"Mehmet Tezkan - Milliyet Gazetesi\" src=\"http:\/\/www.korhanyilmaz.com\/wp-content\/uploads\/2011\/12\/8632.jpg\" alt=\"\" width=\"88\" height=\"114\" \/><p id=\"caption-attachment-44328\" class=\"wp-caption-text\">Mehmet Tezkan<\/p><\/div>\n<p style=\"text-align: justify;\">\u0130ki g\u00fcnd\u00fcr s\u00f6zler birbirini koval\u0131yor, d\u00f6n\u00fcp dola\u015f\u0131p ayn\u0131 yerde bulu\u015fuyor..<\/p>\n<p style=\"text-align: justify;\">Vicdan\u0131ma s\u0131\u011fmad\u0131..<\/p>\n<p style=\"text-align: justify;\">S\u0131\u011fmayan ne?<\/p>\n<p style=\"text-align: justify;\">Hrant Dink suikast\u0131na adi cinayet denmesi.. \u0130ki g\u00fcnd\u00fcr herkesin s\u00f6yledi\u011fi laflar\u0131 tekrarlayarak sizi bo\u011fmayay\u0131m..<\/p>\n<p style=\"text-align: justify;\">\u00d6zet ge\u00e7eyim..<\/p>\n<p style=\"text-align: justify;\">Yasin Hayal adl\u0131 1980 do\u011fumlu gen\u00e7 bundan be\u015f y\u0131l \u00f6nce Og\u00fcn Samast adl\u0131 1990 do\u011fumlu gence; \u2018git \u015fu Dink denen adam\u0131 vur da T\u00fcrkl\u00fck kurtulsun\u2019 diyor; o da vuruyor..<!--more--><\/p>\n<p style=\"text-align: justify;\">Mahkemeye g\u00f6re bu kadar basit..<\/p>\n<p style=\"text-align: justify;\">Samast katil.. Hayal azmettirici..<\/p>\n<p style=\"text-align: justify;\">Peki Erhan Tuncel kim?<\/p>\n<p style=\"text-align: justify;\">O da Yasin Hayal\u2019i McDonald\u2019s\u2019\u0131 bombalamaya azmettiren ki\u015fi.. Bombay\u0131 eline tutu\u015fturan ki\u015fi..<\/p>\n<p style=\"text-align: justify;\">Eee.. \u00d6rg\u00fct kurmu\u015flar i\u015fte demeyin..<\/p>\n<p style=\"text-align: justify;\">Kurmam\u0131\u015flar..<\/p>\n<p style=\"text-align: justify;\">Yarg\u0131 b\u00f6yle diyo!<\/p>\n<p style=\"text-align: justify;\">*<\/p>\n<p style=\"text-align: justify;\">Karara bak\u0131nca insan mahkemeye sormadan edemiyor, be\u015f y\u0131l boyunca ne yapt\u0131n\u0131z?<\/p>\n<p style=\"text-align: justify;\">Samast\u2019\u0131n vurdu\u011fu belliydi..<\/p>\n<p style=\"text-align: justify;\">Zaten ink\u00e2r etmedi.. G\u00f6r\u00fcnt\u00fcs\u00fc bile var..<\/p>\n<p style=\"text-align: justify;\">Hayal\u2019in azmettirdi\u011fi iki, \u00fc\u00e7 ay sonra belli oldu..<\/p>\n<p style=\"text-align: justify;\">Madem bu kadar basitti, arkas\u0131 yoktu o zaman dava be\u015f y\u0131l neden s\u00fcrd\u00fc.. Bu karar davan\u0131n birinci y\u0131l\u0131 dolmadan verilirdi.. \u0130kinci bilemedin \u00fc\u00e7\u00fcnc\u00fc duru\u015fmada..<\/p>\n<p style=\"text-align: justify;\">Be\u015f y\u0131l ya..<\/p>\n<p style=\"text-align: justify;\">Bu mahkeme be\u015f y\u0131l boyunca neyi bekledi ki..<\/p>\n<p style=\"text-align: justify;\">*<\/p>\n<p style=\"text-align: justify;\">Bu karar vicdanlara s\u0131\u011fm\u0131yor dedik de vicdanlara s\u0131\u011fmayan o kadar \u00e7ok karar var ki..<\/p>\n<p style=\"text-align: justify;\">Hangi birinden s\u00f6z edelim..<\/p>\n<p style=\"text-align: justify;\">500\u2019e yak\u0131n \u00fcniversite \u00f6\u011frencisi hapiste.. \u00d6rg\u00fct kurmaktan, ter\u00f6r \u00f6rg\u00fct\u00fcne \u00fcye olmaktan ..<\/p>\n<p style=\"text-align: justify;\">Eyleme, protesto y\u00fcr\u00fcy\u00fc\u015f\u00fcne kat\u0131lan, pankart a\u00e7an gen\u00e7 pa\u00e7ay\u0131 kapt\u0131rd\u0131 m\u0131 yan\u0131yor..<\/p>\n<p style=\"text-align: justify;\">\u00d6rg\u00fct \u00fcyeli\u011finden i\u00e7eriye.. Protestoya kat\u0131lmak i\u00e7in en az bir y\u0131l\u0131 g\u00f6ze alacaks\u0131n, bir bu\u00e7uk y\u0131lda kurtulursan Allah\u2019\u0131na dua et..<\/p>\n<p style=\"text-align: justify;\">40 y\u0131l \u00f6nceki T\u0130KKO \u00f6rg\u00fct\u00fcne \u00fcye olmaktan..<\/p>\n<p style=\"text-align: justify;\">40 y\u0131l \u00f6nce idam edilen Deniz Gezmi\u015f\u2019i anmaktan..<\/p>\n<p style=\"text-align: justify;\">Ula\u015f\u0131m zamm\u0131n\u0131 protesto etmekten..<\/p>\n<p style=\"text-align: justify;\">Tutuklu gen\u00e7ler var bu \u00fclkede..<\/p>\n<p style=\"text-align: justify;\">Tek ba\u015f\u0131na protesto eylemi d\u00fczenleyecek, tek ba\u015f\u0131na anma t\u00f6reni yapacak halin yok.. \u00dc\u00e7 be\u015f ki\u015fi bir araya geliyor..<\/p>\n<p style=\"text-align: justify;\">Geldi\u011fi an, al sana \u00f6rg\u00fct..<\/p>\n<p style=\"text-align: justify;\">Hem de ter\u00f6r \u00f6rg\u00fct\u00fc.. Silah yok, \u00e7ata pata yok, cinayet yok ama \u00f6rg\u00fct var!..<\/p>\n<p style=\"text-align: justify;\">Bu da vicdanlara s\u0131\u011fm\u0131yor..<\/p>\n<p style=\"text-align: justify;\">*<\/p>\n<p style=\"text-align: justify;\">Mesele \u00e7ok b\u00fcy\u00fck.. \u00c7ok b\u00fcy\u00fck oldu\u011fundan Adalet Bakanl\u0131\u011f\u0131 yarg\u0131n\u0131n h\u0131zlanmas\u0131 i\u00e7in haz\u0131rlad\u0131\u011f\u0131 paketin i\u00e7ine \u00fcniversitelileri de katm\u0131\u015f..<\/p>\n<p style=\"text-align: justify;\">\u0130zinsiz mitinge kat\u0131lana, bildiri da\u011f\u0131tana, pankart a\u00e7ana ceza yine verilecek de ertelenecekmi\u015f..<\/p>\n<p style=\"text-align: justify;\">Basit su\u00e7larda \u00fcniversiteliler cezaevine girmeyecekmi\u015f..<\/p>\n<p style=\"text-align: justify;\">Yeni yasa bunu getirecekmi\u015f..<\/p>\n<p style=\"text-align: justify;\">*<\/p>\n<p style=\"text-align: justify;\">\u0130tiraf diye buna denir..<\/p>\n<p style=\"text-align: justify;\">Demek ki; \u00fcniversiteliler basit su\u00e7larla hapse t\u0131k\u0131l\u0131yor ki, tak\u0131lmamalar\u0131 i\u00e7in yasa de\u011fi\u015ftiriliyor..<\/p>\n<p style=\"text-align: justify;\"><a href=\"http:\/\/gundem.milliyet.com.tr\/vicdan-ne-yana-duser-usta-\/gundem\/gundemyazardetay\/19.01.2012\/1490689\/default.htm\" target=\"_blank\">Kaynak : Milliyet.com.tr<\/a><\/p>\n","protected":false},"excerpt":{"rendered":"<p id=\"caption-attachment-44328\" class=\"wp-caption-text\">Mehmet Tezkan<\/p>\n<p style=\"text-align: justify;\">\u0130ki g\u00fcnd\u00fcr s\u00f6zler birbirini koval\u0131yor, d\u00f6n\u00fcp dola\u015f\u0131p ayn\u0131 yerde bulu\u015fuyor..<\/p>\n<p style=\"text-align: justify;\">Vicdan\u0131ma s\u0131\u011fmad\u0131..<\/p>\n<p style=\"text-align: justify;\">S\u0131\u011fmayan ne?<\/p>\n<p style=\"text-align: justify;\">Hrant Dink suikast\u0131na adi cinayet denmesi.. \u0130ki g\u00fcnd\u00fcr herkesin s\u00f6yledi\u011fi laflar\u0131 tekrarlayarak sizi bo\u011fmayay\u0131m..<\/p>\n<p style=\"text-align: justify;\">\u00d6zet ge\u00e7eyim..<\/p>\n<p style=\"text-align: justify;\">Yasin Hayal adl\u0131 1980 do\u011fumlu gen\u00e7 bundan be\u015f y\u0131l <\/p>\n","protected":false},"author":1,"featured_media":0,"comment_status":"open","ping_status":"open","sticky":false,"template":"","format":"standard","meta":{"footnotes":""},"categories":[16],"tags":[561],"class_list":["post-46887","post","type-post","status-publish","format-standard","hentry","category-kose-yazilari","tag-mehmet-tezkan","odd"],"_links":{"self":[{"href":"http:\/\/www.korhanyilmaz.com\/index.php?rest_route=\/wp\/v2\/posts\/46887","targetHints":{"allow":["GET"]}}],"collection":[{"href":"http:\/\/www.korhanyilmaz.com\/index.php?rest_route=\/wp\/v2\/posts"}],"about":[{"href":"http:\/\/www.korhanyilmaz.com\/index.php?rest_route=\/wp\/v2\/types\/post"}],"author":[{"embeddable":true,"href":"http:\/\/www.korhanyilmaz.com\/index.php?rest_route=\/wp\/v2\/users\/1"}],"replies":[{"embeddable":true,"href":"http:\/\/www.korhanyilmaz.com\/index.php?rest_route=%2Fwp%2Fv2%2Fcomments&post=46887"}],"version-history":[{"count":0,"href":"http:\/\/www.korhanyilmaz.com\/index.php?rest_route=\/wp\/v2\/posts\/46887\/revisions"}],"wp:attachment":[{"href":"http:\/\/www.korhanyilmaz.com\/index.php?rest_route=%2Fwp%2Fv2%2Fmedia&parent=46887"}],"wp:term":[{"taxonomy":"category","embeddable":true,"href":"http:\/\/www.korhanyilmaz.com\/index.php?rest_route=%2Fwp%2Fv2%2Fcategories&post=46887"},{"taxonomy":"post_tag","embeddable":true,"href":"http:\/\/www.korhanyilmaz.com\/index.php?rest_route=%2Fwp%2Fv2%2Ftags&post=46887"}],"curies":[{"name":"wp","href":"https:\/\/api.w.org\/{rel}","templated":true}]}}