{"id":46883,"date":"2012-01-19T16:56:56","date_gmt":"2012-01-19T14:56:56","guid":{"rendered":"http:\/\/www.korhanyilmaz.com\/?p=46883"},"modified":"2012-01-19T17:05:10","modified_gmt":"2012-01-19T15:05:10","slug":"yarsavdan-hsykye-hukuk-vicdan-ve-insaf-cagrisi","status":"publish","type":"post","link":"http:\/\/www.korhanyilmaz.com\/?p=46883","title":{"rendered":"YARSAV&#8217;dan HSYK&#8217;ye hukuk, vicdan ve insaf \u00e7a\u011fr\u0131s\u0131"},"content":{"rendered":"<p style=\"text-align: center;\"><a href=\"http:\/\/www.korhanyilmaz.com\/wp-content\/uploads\/2012\/01\/92181.jpg\"  class=\"lightview\"><img loading=\"lazy\" decoding=\"async\" class=\"aligncenter  wp-image-46884\" src=\"http:\/\/www.korhanyilmaz.com\/wp-content\/uploads\/2012\/01\/92181.jpg\" alt=\"\" width=\"276\" height=\"207\" \/><\/a><\/p>\n<p style=\"text-align: justify;\">YARSAV, hukuk tan\u0131maz i\u015flemlere maruz b\u0131rak\u0131lan yarg\u0131\u00e7 ve savc\u0131lar\u0131n korkutulmaya, sindirilmeye \u00e7al\u0131\u015f\u0131ld\u0131\u011f\u0131n\u0131 savunarak, HSKY&#8217;y\u0131 hukuk, vicdan ve insafl\u0131 olmaya \u00e7a\u011f\u0131rd\u0131.<\/p>\n<p style=\"text-align: justify;\">Ankara- G\u00fcndemdeki yarg\u0131yla ilgili konular \u00fczerine yaz\u0131l\u0131 bir a\u00e7\u0131klama yapan Yarg\u0131\u00e7lar ve Savc\u0131lar Birli\u011fi(YARSAV), son zamanlarda her vesile ile yarg\u0131\u00e7 ve savc\u0131lar \u00fczerindeki bask\u0131n\u0131n art\u0131r\u0131ld\u0131\u011f\u0131n\u0131, medyaya yans\u0131yan \u015fiddet olaylar\u0131n\u0131n hal \u00e7aresine bak\u0131lmas\u0131n\u0131n yarg\u0131 eliyle yap\u0131lmak istenildi\u011fini belirtti.<!--more--><\/p>\n<p style=\"text-align: justify;\">HSYK tasarruflar\u0131yla hukuk tan\u0131maz i\u015flemlere maruz b\u0131rak\u0131lan yarg\u0131\u00e7 ve savc\u0131lar\u0131n korkutulmaya, sindirilmeye \u00e7al\u0131\u015f\u0131ld\u0131\u011f\u0131n\u0131 savunan YARSAV, A\u011fr\u0131&#8217;da g\u00f6rd\u00fc\u011f\u00fc \u015fiddet \u00fczerine hastaneye kald\u0131r\u0131lan 11 ya\u015f\u0131ndaki \u00e7ocu\u011fun dram\u0131 sonras\u0131nda ya\u015fananlar\u0131, yarg\u0131 ba\u011f\u0131ms\u0131zl\u0131\u011f\u0131 ve tarafs\u0131zl\u0131\u011f\u0131 ile hukukun \u00fcst\u00fcnl\u00fc\u011f\u00fc ilkelerine bir sald\u0131r\u0131 oldu\u011funu ifade etti.<\/p>\n<p style=\"text-align: justify;\">A\u00e7\u0131klamada, &#8220;11 ya\u015f\u0131ndaki k\u0131z \u00e7ocu\u011funun evlilik d\u0131\u015f\u0131 hamile kalmas\u0131 olay\u0131 ile ilgili olarak Aile ve Sosyal Politikalar Bakan\u0131 Fatma \u015eahin&#8217;in k\u00fc\u00e7\u00fck k\u0131z\u0131n &#8220;17 ya\u015f\u0131nda oldu\u011funu&#8221; ifade ederek, durumu me\u015frula\u015ft\u0131rmas\u0131n\u0131n ard\u0131ndan &#8220;A\u011fr\u0131 Valimizi arad\u0131k mahkemenin bir an \u00f6nce h\u0131zlanmas\u0131 ve do\u011fumdan \u00f6nce resmi nikah\u0131n k\u0131y\u0131lmas\u0131n\u0131 ve takibini istedik&#8221; c\u00fcmlelerini kurarak, g\u00f6r\u00fclmekte olan bir dava hakk\u0131nda, Anayasan\u0131n 138. Maddesine ayk\u0131r\u0131 olarak, yarg\u0131n\u0131n ba\u011f\u0131ms\u0131zl\u0131\u011f\u0131, tarafs\u0131zl\u0131\u011f\u0131, hukukun \u00fcst\u00fcnl\u00fc\u011f\u00fc ilkelerini ihlal edecek, o davan\u0131n yarg\u0131c\u0131n\u0131 rahats\u0131z edecek, yarg\u0131n\u0131n h\u0131zlanmas\u0131n\u0131n idari organlar\u0131n uyar\u0131s\u0131na ba\u011fl\u0131 oldu\u011fu ve A\u011fr\u0131 Valisinin m\u00fcdahalesi neticesinde mahkeme karar\u0131yla sorunun \u00e7\u00f6z\u00fcld\u00fc\u011f\u00fc izlenimi yaratacak \u015fekilde a\u00e7\u0131klama yapm\u0131\u015ft\u0131r&#8221; denildi.<\/p>\n<p style=\"text-align: justify;\"><strong>HSYK incelemeleri cezaland\u0131rma arac\u0131 olarak kullan\u0131yor\u00a0<\/strong><\/p>\n<p style=\"text-align: justify;\">Ba\u015fbakanl\u0131k m\u00fcste\u015far\u0131na yap\u0131lan her t\u00fcrl\u00fc fiili \u00f6demenin tespiti i\u00e7in dava a\u00e7an Kilis Cumhuriyet Savc\u0131s\u0131 Mustafa Seymen hakk\u0131nda HSYK taraf\u0131ndan, hakk\u0131n\u0131 arayan t\u00fcm yarg\u0131\u00e7 ve savc\u0131lara bir g\u00f6zda\u011f\u0131 olarak da nitelendirilebilecek bi\u00e7imde disiplin soru\u015fturmas\u0131 a\u00e7\u0131ld\u0131\u011f\u0131n\u0131n an\u0131msat\u0131ld\u0131\u011f\u0131 a\u00e7\u0131klamada, HSYK&#8217;nin hakim ve savc\u0131lar hakk\u0131nda \u015faibeler yarat\u0131l\u0131p itibars\u0131zla\u015ft\u0131rma sonucunu do\u011furacak \u015fekilde ge\u00e7ici yetkilerle ba\u015fka yerlere g\u00f6nderilerek yer de\u011fi\u015ftirme cezalar\u0131 uygulad\u0131\u011f\u0131 savunuldu. HSYK&#8217;n\u0131n ayda 3 kararname \u00e7\u0131karmada sak\u0131nca g\u00f6rmedi\u011finin alt\u0131 \u00e7izilen a\u00e7\u0131klamada, &#8220;A\u011f\u0131r derecede sa\u011fl\u0131k sorunlar\u0131 olan meslekta\u015flar\u0131m\u0131z\u0131n ya\u015famsal tehlike i\u00e7eren sa\u011fl\u0131k sorunlar\u0131na duyars\u0131z kal\u0131narak tayin veya ge\u00e7ici yetki taleplerinin g\u00f6rmezden geliniyor&#8221; denildi.<\/p>\n<p style=\"text-align: justify;\">HSYK&#8217;n\u0131n, yarg\u0131\u00e7 ve savc\u0131lar\u0131n terfileri, soru\u015fturmalar\u0131, \u00f6zl\u00fck haklar\u0131 ile ilgili itiraz ve yeniden inceleme taleplerinin uzun s\u00fcre g\u00f6r\u00fc\u015fmedi\u011fini, verilen kararlar\u0131n olduk\u00e7a ge\u00e7 yaz\u0131larak yarg\u0131\u00e7 ve Cumhuriyet savc\u0131lar\u0131n\u0131n \u00f6zl\u00fck haklar\u0131n\u0131 kasten engellendi\u011finin iddia edildi\u011fi a\u00e7\u0131klamada, HSYK&#8217;n\u0131n incelemeleri dahi bir cezaland\u0131rma arac\u0131 olarak kullan\u0131ld\u0131\u011f\u0131 ifade edildi. Yap\u0131lan t\u00fcm bu uygulamalar\u0131 yarg\u0131 ba\u011f\u0131ms\u0131zl\u0131\u011f\u0131, tarafs\u0131zl\u0131\u011f\u0131 ve hukukun \u00fcst\u00fcnl\u00fc\u011f\u00fc ilkelerine bir sald\u0131r\u0131 olarak de\u011ferlendiren YARSAV, &#8220;Kurulu\u015fundan bu yana Adalet Bakanl\u0131\u011f\u0131&#8217;n\u0131n b\u00fcrosu olarak te\u015fekk\u00fcl ettirildi\u011fini s\u00f6yledi\u011fimiz HSYK&#8217;y\u0131 hukuk, vicdan ve insafa davet ediyoruz&#8221; denildi.<\/p>\n<p style=\"text-align: justify;\"><a href=\"http:\/\/www.cumhuriyet.com.tr\/?hn=309150\" target=\"_blank\">Kaynak : Cumhuriyet Haber Portal\u0131<\/a><\/p>\n","protected":false},"excerpt":{"rendered":"<p style=\"text-align: center;\">\n<p style=\"text-align: justify;\">YARSAV, hukuk tan\u0131maz i\u015flemlere maruz b\u0131rak\u0131lan yarg\u0131\u00e7 ve savc\u0131lar\u0131n korkutulmaya, sindirilmeye \u00e7al\u0131\u015f\u0131ld\u0131\u011f\u0131n\u0131 savunarak, HSKY&#8217;y\u0131 hukuk, vicdan ve insafl\u0131 olmaya \u00e7a\u011f\u0131rd\u0131.<\/p>\n<p style=\"text-align: justify;\">Ankara- G\u00fcndemdeki yarg\u0131yla ilgili konular \u00fczerine yaz\u0131l\u0131 bir a\u00e7\u0131klama yapan Yarg\u0131\u00e7lar ve Savc\u0131lar Birli\u011fi(YARSAV), son zamanlarda her vesile ile yarg\u0131\u00e7 ve savc\u0131lar \u00fczerindeki bask\u0131n\u0131n art\u0131r\u0131ld\u0131\u011f\u0131n\u0131, medyaya yans\u0131yan \u015fiddet <\/p>\n","protected":false},"author":1,"featured_media":0,"comment_status":"open","ping_status":"open","sticky":false,"template":"","format":"standard","meta":{"footnotes":""},"categories":[105],"tags":[],"class_list":["post-46883","post","type-post","status-publish","format-standard","hentry","category-gundem","odd"],"_links":{"self":[{"href":"http:\/\/www.korhanyilmaz.com\/index.php?rest_route=\/wp\/v2\/posts\/46883","targetHints":{"allow":["GET"]}}],"collection":[{"href":"http:\/\/www.korhanyilmaz.com\/index.php?rest_route=\/wp\/v2\/posts"}],"about":[{"href":"http:\/\/www.korhanyilmaz.com\/index.php?rest_route=\/wp\/v2\/types\/post"}],"author":[{"embeddable":true,"href":"http:\/\/www.korhanyilmaz.com\/index.php?rest_route=\/wp\/v2\/users\/1"}],"replies":[{"embeddable":true,"href":"http:\/\/www.korhanyilmaz.com\/index.php?rest_route=%2Fwp%2Fv2%2Fcomments&post=46883"}],"version-history":[{"count":0,"href":"http:\/\/www.korhanyilmaz.com\/index.php?rest_route=\/wp\/v2\/posts\/46883\/revisions"}],"wp:attachment":[{"href":"http:\/\/www.korhanyilmaz.com\/index.php?rest_route=%2Fwp%2Fv2%2Fmedia&parent=46883"}],"wp:term":[{"taxonomy":"category","embeddable":true,"href":"http:\/\/www.korhanyilmaz.com\/index.php?rest_route=%2Fwp%2Fv2%2Fcategories&post=46883"},{"taxonomy":"post_tag","embeddable":true,"href":"http:\/\/www.korhanyilmaz.com\/index.php?rest_route=%2Fwp%2Fv2%2Ftags&post=46883"}],"curies":[{"name":"wp","href":"https:\/\/api.w.org\/{rel}","templated":true}]}}