{"id":46878,"date":"2012-01-19T16:02:27","date_gmt":"2012-01-19T14:02:27","guid":{"rendered":"http:\/\/www.korhanyilmaz.com\/?p=46878"},"modified":"2012-01-19T16:58:28","modified_gmt":"2012-01-19T14:58:28","slug":"sarigulden-dink-icin-anlamli-davranis","status":"publish","type":"post","link":"http:\/\/www.korhanyilmaz.com\/?p=46878","title":{"rendered":"Sar\u0131g\u00fcl&#8217;den Dink i\u00e7in anlaml\u0131 davran\u0131\u015f"},"content":{"rendered":"<p style=\"text-align: justify;\">\n<p style=\"text-align: center;\"><a href=\"http:\/\/www.korhanyilmaz.com\/wp-content\/uploads\/2012\/01\/92911.jpg\"  class=\"lightview\"><img loading=\"lazy\" decoding=\"async\" class=\"aligncenter  wp-image-46880\" src=\"http:\/\/www.korhanyilmaz.com\/wp-content\/uploads\/2012\/01\/92911.jpg\" alt=\"\" width=\"323\" height=\"209\" \/><\/a><\/p>\n<p style=\"text-align: justify;\">\u015ei\u015fli Belediyesi Ba\u015fkan\u0131 Mustafa Sar\u0131g\u00fcl, 5 y\u0131l \u00f6nce katledilen Hrant Dink&#8217;in \u00f6ld\u00fcr\u00fcld\u00fc\u011f\u00fc yere Ermenice ve T\u00fcrk\u00e7e &#8220;Hrant Dink burada \u00f6ld\u00fcr\u00fcld\u00fc. 19 Ocak 2007 saat 15.05&#8221; yaz\u0131l\u0131 bir kald\u0131r\u0131m ta\u015f\u0131 d\u00f6\u015fetti.<\/p>\n<p style=\"text-align: justify;\">\u0130stanbul- Sar\u0131g\u00fcl, Hrant Dink&#8217;in \u00f6l\u00fcm\u00fcn\u00fcn be\u015finci y\u0131l\u0131nda \u015ei\u015fli Belediyesi Dink&#8217;in \u00f6ld\u00fcr\u00fcld\u00fc\u011f\u00fc kald\u0131r\u0131m\u0131n \u00fczerine Ermenice ve T\u00fcrk\u00e7e &#8220;Hrant Dink burada \u00f6ld\u00fcr\u00fcld\u00fc 19 Ocak 2007 saat 15.05&#8221; yaz\u0131l\u0131 bir kald\u0131r\u0131m ta\u015f\u0131 yerle\u015ftirdi.\u00a0<!--more--><\/p>\n<p style=\"text-align: justify;\"><strong>Ali Ekber \u00c7i\u00e7ek ve K\u0131v\u0131rc\u0131k Ali i\u00e7in an\u0131t mezar yapt\u0131rm\u0131\u015ft\u0131\u00a0<\/strong><\/p>\n<p style=\"text-align: justify;\">Mustafa Sar\u0131g\u00fcl, daha \u00f6nce T\u00fcrk Halk M\u00fczi\u011fi sanat\u00e7\u0131s\u0131 Ali Ekber \u00c7i\u00e7ek i\u00e7in Alt\u0131noluk&#8217;ta an\u0131t mezar yapt\u0131rm\u0131\u015f, sanat\u00e7\u0131 K\u0131v\u0131rc\u0131k Ali i\u00e7in de benzer bir \u00e7al\u0131\u015fma y\u00fcr\u00fctm\u00fc\u015ft\u00fc.<\/p>\n<p style=\"text-align: justify;\"><a href=\"http:\/\/www.cumhuriyet.com.tr\/?hn=309148\" target=\"_blank\">Kaynak : Cumhuriyet Haber Portal\u0131<\/a><\/p>\n","protected":false},"excerpt":{"rendered":"<p style=\"text-align: justify;\">\n<p style=\"text-align: center;\">\n<p style=\"text-align: justify;\">\u015ei\u015fli Belediyesi Ba\u015fkan\u0131 Mustafa Sar\u0131g\u00fcl, 5 y\u0131l \u00f6nce katledilen Hrant Dink&#8217;in \u00f6ld\u00fcr\u00fcld\u00fc\u011f\u00fc yere Ermenice ve T\u00fcrk\u00e7e &#8220;Hrant Dink burada \u00f6ld\u00fcr\u00fcld\u00fc. 19 Ocak 2007 saat 15.05&#8221; yaz\u0131l\u0131 bir kald\u0131r\u0131m ta\u015f\u0131 d\u00f6\u015fetti.<\/p>\n<p style=\"text-align: justify;\">\u0130stanbul- Sar\u0131g\u00fcl, Hrant Dink&#8217;in \u00f6l\u00fcm\u00fcn\u00fcn be\u015finci y\u0131l\u0131nda \u015ei\u015fli Belediyesi Dink&#8217;in \u00f6ld\u00fcr\u00fcld\u00fc\u011f\u00fc kald\u0131r\u0131m\u0131n \u00fczerine Ermenice ve <\/p>\n","protected":false},"author":1,"featured_media":0,"comment_status":"open","ping_status":"open","sticky":false,"template":"","format":"standard","meta":{"footnotes":""},"categories":[105],"tags":[],"class_list":["post-46878","post","type-post","status-publish","format-standard","hentry","category-gundem","odd"],"_links":{"self":[{"href":"http:\/\/www.korhanyilmaz.com\/index.php?rest_route=\/wp\/v2\/posts\/46878","targetHints":{"allow":["GET"]}}],"collection":[{"href":"http:\/\/www.korhanyilmaz.com\/index.php?rest_route=\/wp\/v2\/posts"}],"about":[{"href":"http:\/\/www.korhanyilmaz.com\/index.php?rest_route=\/wp\/v2\/types\/post"}],"author":[{"embeddable":true,"href":"http:\/\/www.korhanyilmaz.com\/index.php?rest_route=\/wp\/v2\/users\/1"}],"replies":[{"embeddable":true,"href":"http:\/\/www.korhanyilmaz.com\/index.php?rest_route=%2Fwp%2Fv2%2Fcomments&post=46878"}],"version-history":[{"count":0,"href":"http:\/\/www.korhanyilmaz.com\/index.php?rest_route=\/wp\/v2\/posts\/46878\/revisions"}],"wp:attachment":[{"href":"http:\/\/www.korhanyilmaz.com\/index.php?rest_route=%2Fwp%2Fv2%2Fmedia&parent=46878"}],"wp:term":[{"taxonomy":"category","embeddable":true,"href":"http:\/\/www.korhanyilmaz.com\/index.php?rest_route=%2Fwp%2Fv2%2Fcategories&post=46878"},{"taxonomy":"post_tag","embeddable":true,"href":"http:\/\/www.korhanyilmaz.com\/index.php?rest_route=%2Fwp%2Fv2%2Ftags&post=46878"}],"curies":[{"name":"wp","href":"https:\/\/api.w.org\/{rel}","templated":true}]}}