{"id":46873,"date":"2012-01-19T15:48:04","date_gmt":"2012-01-19T13:48:04","guid":{"rendered":"http:\/\/www.korhanyilmaz.com\/?p=46873"},"modified":"2012-01-19T16:17:58","modified_gmt":"2012-01-19T14:17:58","slug":"hakim-ntvye-konustu-aydinlanmadi","status":"publish","type":"post","link":"http:\/\/www.korhanyilmaz.com\/?p=46873","title":{"rendered":"Hakim NTV&#8217;ye konu\u015ftu: Ayd\u0131nlanmad\u0131"},"content":{"rendered":"<p style=\"text-align: center;\"><a href=\"http:\/\/www.korhanyilmaz.com\/wp-content\/uploads\/2012\/01\/9290.jpg\"  class=\"lightview\"><img loading=\"lazy\" decoding=\"async\" class=\"aligncenter  wp-image-46874\" src=\"http:\/\/www.korhanyilmaz.com\/wp-content\/uploads\/2012\/01\/9290.jpg\" alt=\"\" width=\"333\" height=\"191\" \/><\/a><\/p>\n<p style=\"text-align: justify;\">Dink suikast\u0131 davas\u0131n\u0131n san\u0131klar\u0131n\u0131 \u00f6rg\u00fct su\u00e7lamas\u0131ndan beraat\u0131na karar veren mahkemenin ba\u015fkan\u0131 R\u00fcstem Ery\u0131lmaz, NTV canl\u0131 yay\u0131n\u0131nda sorular\u0131 yan\u0131tlad\u0131.<\/p>\n<p style=\"text-align: justify;\">Hrant Dink davas\u0131na bakan 14. \u00d6zel Yetkili A\u011f\u0131r Ceza Mahkemesi&#8217;nin Ba\u015fkan\u0131 R\u00fcstem Ery\u0131lmaz, NTV canl\u0131 yay\u0131n\u0131nda &#8220;Karar beni de tatmin etmedi&#8221; s\u00f6zlerine a\u00e7\u0131kl\u0131k getirdi.<!--more--><\/p>\n<p style=\"text-align: justify;\">Davan\u0131n mevcut deliller \u0131\u015f\u0131\u011f\u0131nda karar verildi\u011fi belirterek \u201cBelli bir su\u00e7un varl\u0131\u011f\u0131 i\u00e7in bizce yeterli delil olmas\u0131 gerekir. \u00d6rg\u00fct i\u00e7in yeterli delile ula\u015famad\u0131\u011f\u0131m\u0131zdan beraat karar\u0131 verdik. Genel olarak belirlenen yasad\u0131\u015f\u0131 \u00f6rg\u00fctler var. Ter\u00f6r \u00f6rg\u00fct\u00fc anlam\u0131nda bu \u015fekilde \u00f6rg\u00fctler. Mafya ama\u00e7l\u0131 \u00f6rg\u00fctler s\u00f6zkonusudur. Bunlar\u0131n kriterlerini aramak gerekir.&#8221; dedi.<\/p>\n<p style=\"text-align: justify;\">Ery\u0131lmaz, \u2018Karar beni de tatmin etmedi\u2019 s\u00f6z\u00fcn\u00fc ise \u015fu d\u00fc\u015f\u00fcnceyle s\u00f6yledi\u011fini ifade etti: &#8220;Bu cinayeti birka\u00e7 delikanl\u0131n\u0131n planlad\u0131\u011f\u0131n\u0131 de\u011fil, arka plandaki ba\u011flant\u0131lar tam ortaya konulmad\u0131\u011f\u0131 i\u00e7in s\u00f6yledim. Tam kan\u0131ya varmadan karar vermeyiz. Olay\u0131n tam ayd\u0131nlat\u0131lmad\u0131\u011f\u0131ndan \u00f6yle s\u00f6yledim.&#8221;<\/p>\n<p style=\"text-align: justify;\">T\u0130B&#8217;den telefon kay\u0131tlar\u0131yla ilgili soruya ise \u015f\u00f6yle kar\u015f\u0131l\u0131k verdi: &#8220;Soru\u015fturma a\u015famas\u0131nda ortaya konulmal\u0131yd\u0131. Her an yeni bir delil, tan\u0131k ortaya \u00e7\u0131kabilir.<\/p>\n<p style=\"text-align: justify;\">Soru\u015fturman\u0131n geni\u015fletilmesiyle ilgili talepleri dikkate ald\u0131k. T\u0130B kay\u0131tlar\u0131 son zamanda geldi. Zaman alaca\u011f\u0131ndan incelenmesi i\u00e7in savc\u0131l\u0131\u011fa g\u00f6nderdik. Di\u011fer su\u00e7lar y\u00f6n\u00fcnden karar verme konusunda bir engel yoktu.&#8221;<\/p>\n<p style=\"text-align: justify;\">Unutuldu\u011fu i\u00e7in hakk\u0131nda h\u00fck\u00fcm verilmeyen Co\u015fkun \u0130\u011fci\u2019yle ilgili ise \u015fu yorumu yapt\u0131: &#8220;Konu g\u00f6zden ka\u00e7m\u0131\u015ft\u0131r. Her zaman onunla ilgil karar vermek m\u00fcmk\u00fcn. Hi\u00e7 farkedilmeden gitseydi Yarg\u0131tay\u2019da bozma nedeni olabilirdi.<\/p>\n<p style=\"text-align: justify;\">[flv]http:\/\/ntvmsnbc-video.mncdn.net\/FlvFiles\/0000035528.flv[\/flv]<\/p>\n<p style=\"text-align: justify;\"><a href=\"http:\/\/www.ntvmsnbc.com\/id\/25315254\" target=\"_blank\">Kaynak : NTVMSNBC<\/a><\/p>\n","protected":false},"excerpt":{"rendered":"<p style=\"text-align: center;\">\n<p style=\"text-align: justify;\">Dink suikast\u0131 davas\u0131n\u0131n san\u0131klar\u0131n\u0131 \u00f6rg\u00fct su\u00e7lamas\u0131ndan beraat\u0131na karar veren mahkemenin ba\u015fkan\u0131 R\u00fcstem Ery\u0131lmaz, NTV canl\u0131 yay\u0131n\u0131nda sorular\u0131 yan\u0131tlad\u0131.<\/p>\n<p style=\"text-align: justify;\">Hrant Dink davas\u0131na bakan 14. \u00d6zel Yetkili A\u011f\u0131r Ceza Mahkemesi&#8217;nin Ba\u015fkan\u0131 R\u00fcstem Ery\u0131lmaz, NTV canl\u0131 yay\u0131n\u0131nda &#8220;Karar beni de tatmin etmedi&#8221; s\u00f6zlerine a\u00e7\u0131kl\u0131k getirdi.<\/p>\n","protected":false},"author":1,"featured_media":0,"comment_status":"open","ping_status":"open","sticky":false,"template":"","format":"standard","meta":{"footnotes":""},"categories":[105],"tags":[],"class_list":["post-46873","post","type-post","status-publish","format-standard","hentry","category-gundem","odd"],"_links":{"self":[{"href":"http:\/\/www.korhanyilmaz.com\/index.php?rest_route=\/wp\/v2\/posts\/46873","targetHints":{"allow":["GET"]}}],"collection":[{"href":"http:\/\/www.korhanyilmaz.com\/index.php?rest_route=\/wp\/v2\/posts"}],"about":[{"href":"http:\/\/www.korhanyilmaz.com\/index.php?rest_route=\/wp\/v2\/types\/post"}],"author":[{"embeddable":true,"href":"http:\/\/www.korhanyilmaz.com\/index.php?rest_route=\/wp\/v2\/users\/1"}],"replies":[{"embeddable":true,"href":"http:\/\/www.korhanyilmaz.com\/index.php?rest_route=%2Fwp%2Fv2%2Fcomments&post=46873"}],"version-history":[{"count":0,"href":"http:\/\/www.korhanyilmaz.com\/index.php?rest_route=\/wp\/v2\/posts\/46873\/revisions"}],"wp:attachment":[{"href":"http:\/\/www.korhanyilmaz.com\/index.php?rest_route=%2Fwp%2Fv2%2Fmedia&parent=46873"}],"wp:term":[{"taxonomy":"category","embeddable":true,"href":"http:\/\/www.korhanyilmaz.com\/index.php?rest_route=%2Fwp%2Fv2%2Fcategories&post=46873"},{"taxonomy":"post_tag","embeddable":true,"href":"http:\/\/www.korhanyilmaz.com\/index.php?rest_route=%2Fwp%2Fv2%2Ftags&post=46873"}],"curies":[{"name":"wp","href":"https:\/\/api.w.org\/{rel}","templated":true}]}}