{"id":46867,"date":"2012-01-19T11:35:01","date_gmt":"2012-01-19T09:35:01","guid":{"rendered":"http:\/\/www.korhanyilmaz.com\/?p=46867"},"modified":"2012-01-19T15:50:10","modified_gmt":"2012-01-19T13:50:10","slug":"orhan-dinkin-feryadi","status":"publish","type":"post","link":"http:\/\/www.korhanyilmaz.com\/?p=46867","title":{"rendered":"Orhan Dink\u2019in feryad\u0131&#8230;"},"content":{"rendered":"<p style=\"text-align: justify;\"><a href=\"http:\/\/www.korhanyilmaz.com\/wp-content\/uploads\/2012\/01\/9289.jpg\"  class=\"lightview\"><img loading=\"lazy\" decoding=\"async\" class=\"aligncenter size-full wp-image-46868\" title=\"\" src=\"http:\/\/www.korhanyilmaz.com\/wp-content\/uploads\/2012\/01\/9289.jpg\" alt=\"\" width=\"292\" height=\"224\" \/><\/a><\/p>\n<p style=\"text-align: justify;\">Hrant Dink&#8217;in karde\u015fi Orhan Dink, mahkemeden \u00e7\u0131kan karara isyan etti: &#8220;Bizi aldatt\u0131lar, hepimizi aldatt\u0131lar. O kadar k\u00f6t\u00fcy\u00fcm ki. B\u0131rak can\u0131m\u0131z\u0131 almay\u0131, art\u0131k ruhumuzu da alacaklar. Nedim (\u015eener) gibi bir adam\u0131 \u00f6rg\u00fctten yarg\u0131larken, burada \u00f6rg\u00fct yokmu\u015f. Ne s\u00f6yleyebilirim. Bir abi kaybettim, in\u015fallah 23&#8217;\u00fcnde karde\u015flerim (Nedim&#8217;le Ahmet \u015e\u0131k) \u00e7\u0131kar da sar\u0131l\u0131r\u0131z birbirimize, bir yeme\u011fe \u00e7\u0131kar\u0131z. &#8221;\u00a0<!--more--><\/p>\n<p style=\"text-align: justify;\"><span style=\"text-decoration: underline;\">Orhan Dink ile konu\u015fan Milliyet gazetesi yazar\u0131 Asl\u0131 Ayd\u0131nta\u015fba\u015f&#8217;\u0131n k\u00f6\u015feyaz\u0131s\u0131 \u015f\u00f6yle<\/span>:<\/p>\n<p style=\"text-align: justify;\">Telefonun ucundan gelen ac\u0131, adeta elimdeki ahizeyi alev alev yak\u0131yordu. Orhan Dink\u2019i arad\u0131m d\u00fcn; Hrant Dink\u2019in t\u0131pk\u0131 kendisine benzeyen erkek karde\u015fi. Dink ailesinin di\u011fer fertleri gibi o da kolu kanad\u0131 k\u0131r\u0131lm\u0131\u015f, y\u00fcre\u011fi da\u011flanm\u0131\u015f olsa da son be\u015f y\u0131lda b\u00fcy\u00fck bir asalet sergiledi. Mahkeme \u00f6n\u00fcnde, vakur ve metin.<\/p>\n<p style=\"text-align: justify;\">Sadece Dink davas\u0131 de\u011fil, Orhan Dink ayn\u0131 zamanda \u2018karde\u015flerim\u2019 dedi\u011fi Nedim \u015eener ve Ahmet \u015e\u0131k i\u00e7in de bitmeyen, t\u00fckenmeyen bir umutla her davaya geldi. Her \u00e7ar\u015famba aile dostu olarak Nedim\u2019i ziyarete gitti\u011fini biliyorum. Mahkeme salonunda, adliye kap\u0131s\u0131ndan, bas\u0131n \u00f6zg\u00fcrl\u00fc\u011f\u00fc i\u00e7in y\u00fcr\u00fcy\u00fc\u015flerde g\u00f6z\u00fcm ne zaman ona tak\u0131lsa, \u201cKim bilir, kim bilir bu g\u00fcc\u00fc nas\u0131l kendinde buluyor\u201d diye sordum hep kendime.<\/p>\n<p style=\"text-align: justify;\">D\u00fcn ne dedi biliyor musunuz telefonu a\u00e7t\u0131\u011f\u0131nda, \u201cAsl\u0131, bizi aldatt\u0131lar, hepimizi aldatt\u0131lar. O kadar k\u00f6t\u00fcy\u00fcm ki \u015fu anda&#8230;\u201d<\/p>\n<p style=\"text-align: justify;\">Devam etti: \u201cB\u0131rak can\u0131m\u0131z\u0131 almay\u0131, art\u0131k ruhumuzu da alacaklar.\u201d<\/p>\n<p style=\"text-align: justify;\">Ruhumuzu da alacaklar&#8230;<\/p>\n<p style=\"text-align: justify;\">Gazetecili\u011fe ba\u015flad\u0131\u011f\u0131m g\u00fcnden beri bana sohbet esnas\u0131nda s\u00f6yleneni asla yazmamay\u0131 \u015fiar edinmi\u015f biriyim. Bu konuda kat\u0131y\u0131md\u0131r; insanlar da bana bu y\u00fczden g\u00fcvenir. Ancak Orhan abi, affet beni, telefondaki ac\u0131n\u0131 bug\u00fcn bu k\u00f6\u015feye ta\u015f\u0131yorum. Ta\u015f\u0131yorum \u00e7\u00fcnk\u00fc baz\u0131 \u015feyler ancak o zaman anla\u015f\u0131l\u0131r diye umuyorum.<\/p>\n<p style=\"text-align: justify;\">Dink ailesi \u00f6fkeli. Memlekette Fenerbah\u00e7elisinden \u00f6\u011frencisine, gazetecisinden K\u00fcrd\u00fcne kadar bir\u00e7ok ki\u015fi \u2018silahl\u0131 ter\u00f6r \u00f6rg\u00fct\u00fc\u2019 gerek\u00e7esiyle g\u00f6zalt\u0131na al\u0131nm\u0131\u015fken, sal\u0131 gecesi a\u00e7\u0131klanan \u2018\u00d6rg\u00fct m\u00f6rg\u00fct yok!\u2019 karar\u0131na isyanlar\u0131n\u0131 anlamak zor de\u011fil. Dava dosyas\u0131na h\u00e2kim de\u011filim, \u2018K\u0131rm\u0131z\u0131 Pazartesi\u2019 gibi herkesin i\u015flenece\u011fini bildi\u011fi bu cinayetteki ili\u015fkiler zincirinin ne \u00f6l\u00e7\u00fcden \u2018\u00f6rg\u00fctsel\u2019 oldu\u011funu, bunun hukuken ne kadar \u2018kan\u0131tlanabilir\u2019 oldu\u011funu da bilmiyorum.<\/p>\n<p style=\"text-align: justify;\">Ancak tek bildi\u011fim, karar\u0131n kamuoyunda \u2018Devlet birilerini kolluyor\u2019 alg\u0131s\u0131n\u0131 g\u00fc\u00e7lendirdi\u011fi, olay\u0131n her taraf\u0131nda parmak izleri olan polis muhbiri Erhan Tuncel\u2019in de g\u00fcl\u00fcc\u00fckler sa\u00e7arak tahliye olmas\u0131n\u0131n vicdanlar\u0131 fena halde yaralad\u0131\u011f\u0131.<\/p>\n<p style=\"text-align: justify;\">\n<p style=\"text-align: justify;\">Yaralaman\u0131n da \u00f6tesinde, hepimizi \u2018devlet\u2019 denilen bu b\u00fcy\u00fck mekanizman\u0131n \u2018de\u011fi\u015febilirli\u011fi\u2019 konusunda y\u0131ld\u0131rd\u0131\u011f\u0131.<\/p>\n<p style=\"text-align: justify;\">\u0130nsan\u0131n hani nefes alam\u0131yor gibi, her \u015fey \u00fczerine geliyor gibi hissetti\u011fi anlar vard\u0131r ya, i\u015fte Orhan Dink\u2019i \u00f6yle bir an\u0131nda yakalam\u0131\u015ft\u0131m.<\/p>\n<p style=\"text-align: justify;\">\u201cNedim gibi bir adam \u00f6rg\u00fctten yarg\u0131larken, burada \u00f6rg\u00fct yokmu\u015f&#8230; Ne s\u00f6yleyebilirim\u201d dedi.<\/p>\n<p style=\"text-align: justify;\">Ben, yaln\u0131z olmad\u0131\u011f\u0131n\u0131, Dink ailesinin de yaln\u0131z olmad\u0131\u011f\u0131n\u0131, bug\u00fcn Taksim\u2019den Agos\u2019a yap\u0131lacak y\u00fcr\u00fcy\u00fc\u015fte muhtemelen bir\u00e7ok ki\u015finin olaca\u011f\u0131n\u0131 s\u00f6ylemeye \u00e7al\u0131\u015ft\u0131m. M\u0131r m\u0131r m\u0131r\u0131ldand\u0131m. Ama kendim de s\u00f6ylediklerime ne kadar inand\u0131m, bilemiyorum.<\/p>\n<p style=\"text-align: justify;\">Kapat\u0131rken Orhan Dink, \u201c23-24\u2019\u00fcn\u00fc bekliyorum\u201d dedi. S\u00f6z etti\u011fi, Nedim Ve Ahmet\u2019in yarg\u0131land\u0131\u011f\u0131 Oda TV davas\u0131n\u0131n bundan sonraki duru\u015fmas\u0131.<\/p>\n<p style=\"text-align: justify;\">\u201cBir abi kaybettim, in\u015fallah 23\u2019\u00fcnde karde\u015flerim \u00e7\u0131kar da sar\u0131l\u0131r\u0131z, birlikte bir yeme\u011fe gideriz&#8230;\u201d<\/p>\n<p style=\"text-align: justify;\">Ne diyece\u011fimi bilemedim. Bilemedim, bilemedim&#8230;<\/p>\n<p style=\"text-align: justify;\"><a href=\"http:\/\/www.cnnturk.com\/2012\/guncel\/01\/19\/orhan.dink.in.feryadi\/645443.0\/index.html\">Kaynak : CNN T\u00dcRK\u00a0<\/a><\/p>\n","protected":false},"excerpt":{"rendered":"<p style=\"text-align: justify;\">\n<p style=\"text-align: justify;\">Hrant Dink&#8217;in karde\u015fi Orhan Dink, mahkemeden \u00e7\u0131kan karara isyan etti: &#8220;Bizi aldatt\u0131lar, hepimizi aldatt\u0131lar. O kadar k\u00f6t\u00fcy\u00fcm ki. B\u0131rak can\u0131m\u0131z\u0131 almay\u0131, art\u0131k ruhumuzu da alacaklar. Nedim (\u015eener) gibi bir adam\u0131 \u00f6rg\u00fctten yarg\u0131larken, burada \u00f6rg\u00fct yokmu\u015f. Ne s\u00f6yleyebilirim. Bir abi kaybettim, in\u015fallah 23&#8217;\u00fcnde karde\u015flerim (Nedim&#8217;le Ahmet \u015e\u0131k) \u00e7\u0131kar da sar\u0131l\u0131r\u0131z birbirimize, <\/p>\n","protected":false},"author":1,"featured_media":0,"comment_status":"open","ping_status":"open","sticky":false,"template":"","format":"standard","meta":{"footnotes":""},"categories":[105],"tags":[],"class_list":["post-46867","post","type-post","status-publish","format-standard","hentry","category-gundem","odd"],"_links":{"self":[{"href":"http:\/\/www.korhanyilmaz.com\/index.php?rest_route=\/wp\/v2\/posts\/46867","targetHints":{"allow":["GET"]}}],"collection":[{"href":"http:\/\/www.korhanyilmaz.com\/index.php?rest_route=\/wp\/v2\/posts"}],"about":[{"href":"http:\/\/www.korhanyilmaz.com\/index.php?rest_route=\/wp\/v2\/types\/post"}],"author":[{"embeddable":true,"href":"http:\/\/www.korhanyilmaz.com\/index.php?rest_route=\/wp\/v2\/users\/1"}],"replies":[{"embeddable":true,"href":"http:\/\/www.korhanyilmaz.com\/index.php?rest_route=%2Fwp%2Fv2%2Fcomments&post=46867"}],"version-history":[{"count":0,"href":"http:\/\/www.korhanyilmaz.com\/index.php?rest_route=\/wp\/v2\/posts\/46867\/revisions"}],"wp:attachment":[{"href":"http:\/\/www.korhanyilmaz.com\/index.php?rest_route=%2Fwp%2Fv2%2Fmedia&parent=46867"}],"wp:term":[{"taxonomy":"category","embeddable":true,"href":"http:\/\/www.korhanyilmaz.com\/index.php?rest_route=%2Fwp%2Fv2%2Fcategories&post=46867"},{"taxonomy":"post_tag","embeddable":true,"href":"http:\/\/www.korhanyilmaz.com\/index.php?rest_route=%2Fwp%2Fv2%2Ftags&post=46867"}],"curies":[{"name":"wp","href":"https:\/\/api.w.org\/{rel}","templated":true}]}}