{"id":46863,"date":"2012-01-19T10:38:08","date_gmt":"2012-01-19T08:38:08","guid":{"rendered":"http:\/\/www.korhanyilmaz.com\/?p=46863"},"modified":"2012-01-19T15:45:54","modified_gmt":"2012-01-19T13:45:54","slug":"boyner-dink-karari-soke-etti","status":"publish","type":"post","link":"http:\/\/www.korhanyilmaz.com\/?p=46863","title":{"rendered":"Boyner: Dink karar\u0131 \u015foke etti"},"content":{"rendered":"<div id=\"attachment_46864\" style=\"width: 343px\" class=\"wp-caption aligncenter\"><a href=\"http:\/\/www.korhanyilmaz.com\/wp-content\/uploads\/2012\/01\/9288.jpg\"  class=\"lightview\"><img loading=\"lazy\" decoding=\"async\" aria-describedby=\"caption-attachment-46864\" class=\" wp-image-46864 \" src=\"http:\/\/www.korhanyilmaz.com\/wp-content\/uploads\/2012\/01\/9288.jpg\" alt=\"\" width=\"333\" height=\"191\" \/><\/a><p id=\"caption-attachment-46864\" class=\"wp-caption-text\">T\u00dcS\u0130AD Y\u00f6netim Kurulu Ba\u015fkan\u0131 \u00dcmit Boyner<\/p><\/div>\n<p style=\"text-align: justify;\">T\u00dcS\u0130AD Y\u00f6netim Kurulu Ba\u015fkan\u0131 \u00dcmit Boyner, Hrant Dink suikatiyle ilgili mahkeme karar\u0131n\u0131n duyarl\u0131 kamuoyunu \u015foka soktu\u011funu s\u00f6yledi.<\/p>\n<p style=\"text-align: justify;\">\u0130STANBUL &#8211; T\u00dcS\u0130AD Y\u00f6netim Kurulu Ba\u015fkan\u0131 \u00dcmit Boyner, &#8221;Bu topraklar\u0131n ve toplumun sevdal\u0131s\u0131 bir vatansever&#8221; olarak niteledi\u011fi Agos Gazetesi Genel Yay\u0131n Y\u00f6netmeni Hrant Dink&#8217;in 5 y\u0131l \u00f6nce bug\u00fcn katledildi\u011fini an\u0131msatt\u0131.\u00a0<!--more--><\/p>\n<p style=\"text-align: justify;\">\u00dcmit Boyner, s\u00f6zlerini \u015f\u00f6yle s\u00fcrd\u00fcrd\u00fc:<\/p>\n<p style=\"text-align: justify;\">&#8221;Aradan ge\u00e7en zaman zarf\u0131nda \u00f6rtbas etme \u00e7abalar\u0131 ortaya \u00e7\u0131kar\u0131lmas\u0131na, eldeki delillere ve bulunan ba\u011flant\u0131lara ra\u011fmen bu cinayetin gerisindeki as\u0131l sorumlulara eri\u015fmek m\u00fcmk\u00fcn olmad\u0131. \u0130ki g\u00fcn \u00f6nce a\u00e7\u0131klanan mahkeme kararlar\u0131 ise duyarl\u0131 kamuoyunu \u015foka soktu, vicdanlar\u0131 s\u0131zlatt\u0131. Bir yandan bu kararlara do\u011fru ilerlenirken, di\u011fer yandan cinayetin arka plan ba\u011flant\u0131lar\u0131n\u0131 baz\u0131 g\u00f6revlilerin cinayetin i\u015flenmesindeki ya da \u00f6nlenmemesindeki sorumluluklar\u0131n\u0131 ortaya \u00e7\u0131karan bir gazeteci, de\u015fifre etti\u011fini sand\u0131\u011f\u0131 yasa d\u0131\u015f\u0131 \u00f6rg\u00fctlenmenin par\u00e7as\u0131 oldu\u011fu iddias\u0131yla tutukland\u0131.&#8221;<\/p>\n<p style=\"text-align: justify;\">Hrant Dink davas\u0131n\u0131n, bir gazetecinin \u00f6ld\u00fcr\u00fclmesinden daha b\u00fcy\u00fck anlamlar ta\u015f\u0131yan, temsili bir olay oldu\u011funu ifade eden Boyner, bu davan\u0131n seyrinin, al\u0131nan kararlar\u0131n Dink&#8217;in avukatlar\u0131n\u0131n her a\u015famada ger\u00e7e\u011fe ula\u015fmak i\u00e7in di\u015fleriyle, t\u0131rnaklar\u0131yla m\u00fccadele etmek zorunda b\u0131rak\u0131lmas\u0131n\u0131n, davan\u0131n adil bir sonuca ula\u015fmas\u0131n\u0131 sa\u011flamak i\u00e7in getirdikleri taleplerin geri \u00e7evrilmesinin neredeyse sistematik denilebilecek \u00f6zellikler ta\u015f\u0131d\u0131\u011f\u0131n\u0131 s\u00f6yledi.<\/p>\n<p style=\"text-align: justify;\">Boyner, \u015fu g\u00f6r\u00fc\u015fleri payla\u015ft\u0131:<\/p>\n<p style=\"text-align: justify;\">&#8221;Bu davan\u0131n ak\u0131\u015f\u0131nda \u00f6n\u00fcm\u00fcze \u00e7\u0131kan \u015fey en somut haliyle T\u00fcrkiye&#8217;de adalete olan inanc\u0131n sars\u0131lmas\u0131, hukuk anlay\u0131\u015f\u0131m\u0131z\u0131n zaaflar\u0131d\u0131r. Dink cinayetine ve onun davas\u0131n\u0131n seyrine d\u00f6n\u00fcp g\u00f6z ucuyla bakmam\u0131\u015f olanlar bile, kamuoyunda dikkat \u00e7eken ba\u015fka bir\u00e7ok davada adalet mekanizmas\u0131n\u0131n i\u015fleyi\u015fini sorgulamak zorunda kald\u0131lar. Masumiyet karinesi, delillerin sa\u011flam dayanaklar\u0131 bulunmas\u0131, tutuklulu\u011fun istisnai bir hal say\u0131lmas\u0131 konular\u0131nda \u015fikayetler \u00e7\u0131\u011f gibi b\u00fcy\u00fcd\u00fc.<\/p>\n<p style=\"text-align: justify;\">Bir zamanlar &#8216;Olur b\u00f6yle \u015feyler, kurunun yan\u0131nda ya\u015f da yanabilir&#8217; diye d\u00fc\u015f\u00fcnenler ate\u015f oca\u011fa d\u00fc\u015ft\u00fc\u011f\u00fcnde, yarg\u0131da usul\u00fcn \u00f6nemini daha iyi kavramak zorunda kald\u0131lar. Bu olgular \u0131\u015f\u0131\u011f\u0131nda hukukun \u00fcst\u00fcnl\u00fc\u011f\u00fc, yarg\u0131n\u0131n i\u015fleyi\u015fi ve adalet duygusunun zedelenmemesi konular\u0131nda ciddi ad\u0131mlar atmam\u0131z gerekti\u011fine inan\u0131yorum. K\u0131ssadan hisse, \u00e7ok s\u0131radan da gelse hukukun hepimize gerekli oldu\u011fudur. E\u011fer T\u00fcrkiye kendi b\u00fcy\u00fck iddialar\u0131n\u0131n alt\u0131nda ezilmeyecekse, o zaman \u00f6n\u00fcndeki belki de en \u00f6nemli hedef ger\u00e7ek anlam\u0131yla bir hukuk devleti olmay\u0131 ba\u015farmakt\u0131r.&#8221;<\/p>\n<p style=\"text-align: justify;\"><a href=\"http:\/\/www.ntvmsnbc.com\/id\/25315120\/\" target=\"_blank\">Kaynak : NTVMSNBC<\/a><\/p>\n","protected":false},"excerpt":{"rendered":"<p id=\"caption-attachment-46864\" class=\"wp-caption-text\">T\u00dcS\u0130AD Y\u00f6netim Kurulu Ba\u015fkan\u0131 \u00dcmit Boyner<\/p>\n<p style=\"text-align: justify;\">T\u00dcS\u0130AD Y\u00f6netim Kurulu Ba\u015fkan\u0131 \u00dcmit Boyner, Hrant Dink suikatiyle ilgili mahkeme karar\u0131n\u0131n duyarl\u0131 kamuoyunu \u015foka soktu\u011funu s\u00f6yledi.<\/p>\n<p style=\"text-align: justify;\">\u0130STANBUL &#8211; T\u00dcS\u0130AD Y\u00f6netim Kurulu Ba\u015fkan\u0131 \u00dcmit Boyner, &#8221;Bu topraklar\u0131n ve toplumun sevdal\u0131s\u0131 bir vatansever&#8221; olarak niteledi\u011fi Agos Gazetesi Genel Yay\u0131n Y\u00f6netmeni Hrant Dink&#8217;in 5 y\u0131l <\/p>\n","protected":false},"author":1,"featured_media":0,"comment_status":"open","ping_status":"open","sticky":false,"template":"","format":"standard","meta":{"footnotes":""},"categories":[105],"tags":[],"class_list":["post-46863","post","type-post","status-publish","format-standard","hentry","category-gundem","odd"],"_links":{"self":[{"href":"http:\/\/www.korhanyilmaz.com\/index.php?rest_route=\/wp\/v2\/posts\/46863","targetHints":{"allow":["GET"]}}],"collection":[{"href":"http:\/\/www.korhanyilmaz.com\/index.php?rest_route=\/wp\/v2\/posts"}],"about":[{"href":"http:\/\/www.korhanyilmaz.com\/index.php?rest_route=\/wp\/v2\/types\/post"}],"author":[{"embeddable":true,"href":"http:\/\/www.korhanyilmaz.com\/index.php?rest_route=\/wp\/v2\/users\/1"}],"replies":[{"embeddable":true,"href":"http:\/\/www.korhanyilmaz.com\/index.php?rest_route=%2Fwp%2Fv2%2Fcomments&post=46863"}],"version-history":[{"count":0,"href":"http:\/\/www.korhanyilmaz.com\/index.php?rest_route=\/wp\/v2\/posts\/46863\/revisions"}],"wp:attachment":[{"href":"http:\/\/www.korhanyilmaz.com\/index.php?rest_route=%2Fwp%2Fv2%2Fmedia&parent=46863"}],"wp:term":[{"taxonomy":"category","embeddable":true,"href":"http:\/\/www.korhanyilmaz.com\/index.php?rest_route=%2Fwp%2Fv2%2Fcategories&post=46863"},{"taxonomy":"post_tag","embeddable":true,"href":"http:\/\/www.korhanyilmaz.com\/index.php?rest_route=%2Fwp%2Fv2%2Ftags&post=46863"}],"curies":[{"name":"wp","href":"https:\/\/api.w.org\/{rel}","templated":true}]}}