{"id":46852,"date":"2012-01-19T15:35:01","date_gmt":"2012-01-19T13:35:01","guid":{"rendered":"http:\/\/www.korhanyilmaz.com\/?p=46852"},"modified":"2012-01-19T16:11:08","modified_gmt":"2012-01-19T14:11:08","slug":"binler-bu-dava-boyle-bitmesin-diye-yuruyor","status":"publish","type":"post","link":"http:\/\/www.korhanyilmaz.com\/?p=46852","title":{"rendered":"On binler hayk\u0131rd\u0131: Hrant Dink burada"},"content":{"rendered":"<p style=\"text-align: justify;\"><a href=\"http:\/\/www.korhanyilmaz.com\/wp-content\/uploads\/2012\/01\/9285.jpg\"  class=\"lightview\"><img loading=\"lazy\" decoding=\"async\" class=\"aligncenter  wp-image-46853\" src=\"http:\/\/www.korhanyilmaz.com\/wp-content\/uploads\/2012\/01\/9285.jpg\" alt=\"\" width=\"577\" height=\"162\" \/><\/a><\/p>\n<p style=\"text-align: justify;\">Gazeteci Hrant Dink, \u00f6ld\u00fcr\u00fcl\u00fc\u015f\u00fcn\u00fcn 5. y\u0131l\u0131nda an\u0131ld\u0131. Mahkeme karar\u0131n\u0131 protesto eden on binlerce ki\u015fi, Taksim Meydan\u0131&#8217;ndan Agos gazetesine do\u011fru y\u00fcr\u00fcd\u00fc. Burada bas\u0131n a\u00e7\u0131klamas\u0131n\u0131 okuyan Karaka\u015fl\u0131, T\u00fcrkiye\u2019de \u00f6ld\u00fcr\u00fclen Ermenilerin isimlerini okurken, toplanan kitle de \u2018Burada\u2019 diye kar\u015f\u0131l\u0131k verdi.<\/p>\n<p style=\"text-align: justify;\">\u0130STANBUL &#8211; 5 y\u0131l \u00f6nce Agos gazetesi \u00f6n\u00fcndeki silahl\u0131 sald\u0131r\u0131da \u00f6ld\u00fcr\u00fclen gazeteci Hrant Dink&#8217;i \u0130stanbul&#8217;da on binlerce ki\u015fi and\u0131.\u00a0<!--more--><\/p>\n<p style=\"text-align: justify;\">Taksim Meydan\u0131&#8217;nda toplanan ve y\u00fcr\u00fcy\u00fc\u015fe ge\u00e7en grup T\u00fcrk\u00e7e ve Ermenice olarak &#8216;Hepimiz Hrant&#8217;\u0131z, hepimiz Ermeniyiz&#8217; pankart ve d\u00f6vizleri ta\u015f\u0131d\u0131.<\/p>\n<p style=\"text-align: justify;\">Y\u00fcr\u00fcy\u00fc\u015fte, en \u00f6nde Hrant Dink&#8217;in e\u015fi Rakel Dink ve \u00e7ocuklar\u0131 yer ald\u0131. BDP E\u015f Ba\u015fkan\u0131 Selahattin Demirta\u015f, BDP \u0130stanbul Milletvekili S\u0131rr\u0131 S\u00fcreyya \u00d6nder, CHP milletvekilleri Sezgin Tanr\u0131kulu ve \u015eafak Pavey, sanat\u00e7\u0131lar, yazarlar, sivil toplum kurulu\u015fu temsilcileri ve Batman&#8217;da askerlik yaparken arkada\u015f\u0131n\u0131n t\u00fcfe\u011finden \u00e7\u0131kan kur\u015funla \u015fehit olan Ermeni as\u0131ll\u0131 asker Sevag \u015eahin Bal\u0131k\u00e7\u0131&#8217;n\u0131n ailesi de y\u00fcr\u00fcy\u00fc\u015fe kat\u0131ld\u0131.<\/p>\n<p style=\"text-align: justify;\">\n<p style=\"text-align: justify;\">Yazar Vedat T\u00fcrkali ise tekerlekli sandalyesiyle kortejin en \u00f6n\u00fcnde &#8220;Hepimiz Hrant&#8217;\u0131z, hepimiz Ermeniyiz&#8221; d\u00f6vizi ta\u015f\u0131d\u0131.<\/p>\n<p style=\"text-align: center;\"><a href=\"http:\/\/www.korhanyilmaz.com\/wp-content\/uploads\/2012\/01\/9286.jpg\"  class=\"lightview\"><img loading=\"lazy\" decoding=\"async\" class=\"aligncenter  wp-image-46857\" title=\"9286\" src=\"http:\/\/www.korhanyilmaz.com\/wp-content\/uploads\/2012\/01\/9286.jpg\" alt=\"\" width=\"577\" height=\"180\" \/><\/a><\/p>\n<p style=\"text-align: justify;\"><strong>&#8216;AYIPTIR, ZUL\u00dcMD\u00dcR, G\u00dcNAHTIR&#8217;<\/strong><\/p>\n<p style=\"text-align: justify;\">T\u00f6rende bas\u0131n a\u00e7\u0131klamas\u0131n\u0131 okuyan gazeteci ve yazar Karin Karaka\u015fl\u0131, &#8216;bu kepazeli\u011fe son verilmesini&#8217; isteyerek &#8216;Ay\u0131pt\u0131r, zul\u00fcmd\u00fcr, g\u00fcnaht\u0131r&#8217; dedi.<\/p>\n<p style=\"text-align: justify;\">\u201c19 Ocak bir anma g\u00fcn\u00fc de\u011fil. Hi\u00e7bir zaman olmad\u0131. Herkes ac\u0131s\u0131n\u0131n ya\u015fand\u0131\u011f\u0131 g\u00fcn bir ba\u015f\u0131na kahroldu&#8221; diyen Karaka\u015fl\u0131, &#8220;Sonra 23 Ocak geldi, T\u00fcrk d\u00fc\u015fman\u0131 ilan edilen bir Ermeni gazetecinin cenazesi hepimizi bulu\u015fturdu. Onu g\u00fcpeg\u00fcnd\u00fcz bu caddede s\u0131rt\u0131ndan vurdular hepimizi de g\u00f6rg\u00fc tan\u0131\u011f\u0131 k\u0131ld\u0131lar&#8221; \u015feklinde konu\u015ftu.<\/p>\n<p style=\"text-align: justify;\"><a href=\"http:\/\/www.korhanyilmaz.com\/wp-content\/uploads\/2012\/01\/9287.jpg\"  class=\"lightview\"><img loading=\"lazy\" decoding=\"async\" class=\"alignleft  wp-image-46861\" style=\"margin-left: 10px; margin-right: 10px;\" src=\"http:\/\/www.korhanyilmaz.com\/wp-content\/uploads\/2012\/01\/9287.jpg\" alt=\"\" width=\"238\" height=\"358\" \/><\/a>Karin Karaka\u015fl\u0131, konu\u015fmas\u0131n \u00f6zetle \u015funlar\u0131 s\u00f6yledi:<\/p>\n<p style=\"text-align: justify;\">\u201cT\u00fcrk d\u00fc\u015fman\u0131 ilan edilen bir Ermeni gazetecinin cenazesi hepimizi bulu\u015fturdu. \u00c7\u00fcnk\u00fc Hrant Dink, bu \u00fclkenin b\u00fct\u00fcn ac\u0131lar\u0131n\u0131n derman\u0131na talipti. Onu g\u00fcpeg\u00fcnd\u00fcz \u015fimdi durdu\u011fumuz bu kalabal\u0131k caddenin \u00fczerinde s\u0131rt\u0131ndan vurdular. hepimizi de o cinayetin g\u00f6rg\u00fc tan\u0131\u011f\u0131 k\u0131ld\u0131lar. O cenaze g\u00fcn\u00fcnde, 1915\u2019i, Dersim\u2019i, Mara\u015f\u2019\u0131, \u00c7orum\u2019u, Sivas\u2019\u0131 faili me\u00e7hulleri, ihtilalleri, ola\u011fan\u00fcst\u00fc halleri, bitmek bilmez darbe giri\u015fimlerini bulu\u015fturduk. Kompart\u0131man usul\u00fc ayr\u0131 ayr\u0131 ya\u015famam\u0131z buyrulmu\u015f. Ne varsa bir k\u0131ld\u0131k; b\u00fcy\u00fck oyunu onun birle\u015ftirici ruhuyla bozduk. Onu bir kere \u00f6ld\u00fcrmediler sevgili canlar&#8230; \u0130stanbul Valili\u011fi\u2019nde M\u0130T mezunlar\u0131nca tehdit edilirken \u00f6ld\u00fcrd\u00fcler. Hrant Dink\u2019i bar\u0131\u015f yolunu g\u00f6steren yaz\u0131lardan \u00e7\u0131kma sat\u0131rlar ve c\u00fcmlelerle T\u00fcrk d\u00fc\u015fman\u0131 ilan ederek \u00f6ld\u00fcrd\u00fcler. Her yaz\u0131ya her s\u00f6yle\u015fiye nefes t\u00fcketirken kendini izaha mecbur hissederken \u00f6ld\u00fcrd\u00fcler.<\/p>\n<p style=\"text-align: justify;\">Kendisi yetmezmi\u015f gibi o\u011flunu \u00f6l\u00fcmle tehdit ederek ve kim bilir daha bizlere hi\u00e7 s\u00f6yleyemedi\u011fi neler neler ya\u015fatarak \u00f6ld\u00fcrd\u00fcler. Gerisi \u00e7orap s\u00f6k\u00fc\u011f\u00fc gibi geldi. Silinen telefon g\u00f6r\u00fc\u015fmeleri, karart\u0131lan deliller, gizlenen bilgiler, imha edilen raporlar, ba\u015flat\u0131lmayan ya da \u00fcst\u00fc kapat\u0131lan soru\u015fturmalar, zamana\u015f\u0131m\u0131ndan aklanan istihbarat memurlar\u0131, emniyet mensuplar\u0131 ve jandarmalar birbirini izledi.<\/p>\n<p style=\"text-align: justify;\">Ba\u015fta Veli K\u00fc\u00e7\u00fck ve Kemal Kerin\u00e7siz olmak \u00fczere \u2018Ergenekon\u2019 san\u0131\u011f\u0131 pek \u00e7ok ismin daha Hrant Dink sa\u011fken yarg\u0131 s\u00fcreci ve lin\u00e7 kampanyalar\u0131 haz\u0131rlad\u0131klar\u0131 biliniyordu. Derken \u2018Kafes Eylem Plan\u0131\u2019 da ortaya \u00e7\u0131kt\u0131. Gel g\u00f6r ki bu davan\u0131n \u2018Ergenekon\u2019la ba\u011flant\u0131s\u0131 bir t\u00fcrl\u00fc kurulamad\u0131.<\/p>\n<p style=\"text-align: justify;\">D\u00f6rt yan\u0131m\u0131zdan yalanlarla sard\u0131lar sarmalad\u0131lar bizi. Bu tam 5 y\u0131ld\u0131r b\u00f6yle. En sonunda da iki ki\u015fi verdiler elimize, \u2018Bununla yetinin, yeter de artar hepinize\u2019 dediler. Ortada zaten silahl\u0131 ter\u00f6r \u00f6rg\u00fct\u00fc olmad\u0131\u011f\u0131na g\u00f6re onun y\u00f6neticisi ve lideri de yok. Ve beraat eden Erhan Tuncel\u2019in hemen o ak\u015fam tahliyesi \u00f6yle b\u00fcy\u00fck bir aciliyet ki, tela\u015fla bir san\u0131kla ilgili h\u00fck\u00fcm koymay\u0131 da unutmu\u015flar. Tuncel \u015fimdi ilim irfana adanmak \u00fczere taze bir \u00fcniversite aday\u0131. B\u00f6yle g\u00f6z\u00fcm\u00fcze baka baka, hi\u00e7 s\u0131k\u0131lmadan, hi\u00e7 utanmadan yang\u0131ndan mal ka\u00e7\u0131r\u0131r gibi verdiler bu karar\u0131. Devlet \u2018\u00e7\u0131plak\u2019 dedik, devlet \u00e7\u0131plak!<\/p>\n<p style=\"text-align: justify;\">Bilir misiniz T\u00fcrk\u00e7e\u2019deki \u015fu iyelik eki \u00f6yle kolay kullan\u0131lm\u0131yor; buras\u0131 \u2018benim \u00fclkem\u2019. G\u00f6n\u00fcl rahatl\u0131\u011f\u0131yla bu devlete, \u2018Benim devletim\u2019 diyebilir miyim? Cumhurba\u015fkan\u0131m, ba\u015fbakan\u0131m, bakanlar\u0131m, h\u00fck\u00fcmetim, muhalefetim, Meclisim b\u00f6yle diyebilmek i\u00e7in benim tek bir se\u00e7ene\u011fim var; bu kepazeli\u011fe bir son verin art\u0131k. Yarg\u0131tay cinayete giden s\u00fcre\u00e7teki rol\u00fcne inat bir kez de adalet ad\u0131na temyiz mekan\u0131 olsun. Bunlar\u0131 yapmak bor\u00e7tur, y\u00fck\u00fcml\u00fcl\u00fckt\u00fcr, \u015fartt\u0131r. Bize ya\u015fat\u0131lan ay\u0131pt\u0131r, zul\u00fcmd\u00fcr, g\u00fcnaht\u0131r. Hrant Dink\u2019i hepimiz kaybettik ama biz Ermeniler i\u00e7in onun kayb\u0131 takdir edersiniz ki ba\u015fka bir yoksunluk. 1915\u2019te Ermeniler trenlere konup s\u00fcrg\u00fcne gitti. \u0130\u00e7lerinden sadece bir ka\u00e7\u0131 geri d\u00f6nebildi.\u201d<\/p>\n<p style=\"text-align: justify;\"><strong>&#8216;BURADA&#8217;<\/strong><\/p>\n<p style=\"text-align: justify;\">Karaka\u015fl\u0131, T\u00fcrkiye\u2019de \u00f6ld\u00fcr\u00fclen Ermenilerin isimlerini okurken, toplanan kitle de hep bir a\u011f\u0131zdan \u2018Burada!\u2019 diye ba\u011f\u0131rd\u0131.<\/p>\n<p style=\"text-align: justify;\">Karaka\u015fl\u0131, en son Hrant Dink&#8217;in ad\u0131n\u0131 okudu. Binlerce ki\u015fi hep bir a\u011f\u0131zdan &#8220;Burada&#8221; diye ba\u011f\u0131rd\u0131.<\/p>\n<p style=\"text-align: justify;\"><strong>KALDIRIM TA\u015eI DE\u011e\u0130\u015eT\u0130R\u0130LD\u0130<\/strong><\/p>\n<p style=\"text-align: justify;\">\u00d6te yandan, \u015ei\u015fli Belediye Ba\u015fkan\u0131 Mustafa Sar\u0131g\u00fcl, 5 y\u0131l \u00f6nce katledilen Hrant Dink&#8217;in \u00f6ld\u00fcr\u00fcld\u00fc\u011f\u00fc yere Ermenice ve T\u00fcrk\u00e7e &#8220;Hrant Dink burada \u00f6ld\u00fcr\u00fcld\u00fc. 19 Ocak 2007 saat 15.05&#8221; yaz\u0131l\u0131 bir kald\u0131r\u0131m ta\u015f\u0131 d\u00f6\u015fetti.<\/p>\n<p style=\"text-align: justify;\">Sabah\u0131n erken saatlerinde Dink&#8217;in katledildi\u011fi yer olan Agos Gazetesi \u00f6n\u00fcnde de y\u00fczlerce ki\u015fi toplanmaya ba\u015flad\u0131. Gazete binas\u0131n\u0131n camlar\u0131na \u00fczerinde Dink&#8217;in foto\u011fraf\u0131n\u0131 bulundu\u011fu &#8220;5 y\u0131l de\u011fil 95 y\u0131l da ge\u00e7se bu dava b\u00f6yle bitmez&#8221; yaz\u0131l\u0131 pankart as\u0131ld\u0131.<\/p>\n<p style=\"text-align: justify;\">Dink&#8217;in katledildi\u011fi noktaya gelen yurtta\u015flar, buray\u0131 mumlarla \u00e7evirerek, karanfiller b\u0131rakt\u0131.<\/p>\n<p style=\"text-align: justify;\"><strong>\u00d6NDER: C\u0130NAYET\u0130 DEVLET \u00dcSTLENM\u0130\u015eT\u0130R, KAT\u0130L DEVLETT\u0130R<\/strong><\/p>\n<p style=\"text-align: justify;\">Y\u00fcr\u00fcy\u00fc\u015fe kat\u0131lan BDP \u0130stanbul milletvekillerinden S\u0131rr\u0131 S\u00fcreyya \u00d6nder, mahkemenin Dink davas\u0131 ile ilgili karar\u0131n\u0131 \u015fu s\u00f6zlerle ele\u015ftirdi:<\/p>\n<p style=\"text-align: justify;\">&#8221;Demokratik haklar\u0131n\u0131 savunmak i\u00e7in bir araya gelen \u00f6\u011frencilerden, do\u011fas\u0131na, kurduna ku\u015funa sahip \u00e7\u0131kan \u00e7evrecilere kadar herkesi bir \u00f6rg\u00fct torbas\u0131na koyma konusunda \u00e7ok mahir olan bu devlet, devletin gizli a\u00e7\u0131k b\u00fct\u00fcn yap\u0131lanmalar\u0131n\u0131n kol kola girip i\u015fledi\u011fi bir cinayet \u00f6rg\u00fct\u00fcn varl\u0131\u011f\u0131n\u0131 yans\u0131t\u0131yor. H\u00fck\u00fcmet kendini &#8216;bu yarg\u0131n\u0131n tasarrufudur&#8217; deyip bunun d\u0131\u015f\u0131na atamaz \u00e7\u00fcnk\u00fc soru\u015fturma izni h\u00fck\u00fcmetten istendi\u011finde mesela M\u0130T mensuplar\u0131 i\u00e7in vermedi. Bu stat\u00fckonun, bu zalimli\u011fin \u00f6nemli bir par\u00e7as\u0131. Bu dedi\u011fim \u015feylerden \u00f6rg\u00fct \u00e7\u0131karan devlet bundan \u00e7\u0131karm\u0131yorsa bu bir tek anlama gelir. Cinayeti devlet \u00fcstlenmi\u015ftir, katil de devlettir. Bundan sonraki temyiz s\u00fcrecinden bahsedilmesi hi\u00e7 \u00f6nemli de\u011fil art\u0131k. Bu halk\u0131n vicdan\u0131nda mahk\u00fbm olmu\u015ftur. Temyiz hi\u00e7 \u00f6nemli de\u011fil.&#8221;<\/p>\n<p style=\"text-align: justify;\"><strong>&#8216;DUYARLILIK DEVAM ED\u0130YOR&#8217;<\/strong><\/p>\n<p style=\"text-align: justify;\"><span style=\"text-decoration: underline;\">NTV yay\u0131n\u0131na kat\u0131lanlar ise \u015fu mesajlar\u0131 verdi<\/span>:<\/p>\n<p style=\"text-align: justify;\"><strong>Gazeteci Ahmet Hakan<\/strong>:<\/p>\n<p style=\"text-align: justify;\">\u201cSo\u011fuk havaya ra\u011fmen kat\u0131l\u0131m y\u00fcksek. Bu y\u00fcr\u00fcy\u00fc\u015f bir duyarl\u0131l\u0131\u011f\u0131n devam etti\u011fini g\u00f6steriyor. Bu cinayet milliyet\u00e7ilik duygusu kabarm\u0131\u015f iki \u00e7ocu\u011fun yapabilece\u011fi bir \u015fey de\u011fil. T\u00fcm olanlar \u00f6rg\u00fctsel bir yap\u0131ya i\u015faret ediyor.\u201d<\/p>\n<p style=\"text-align: justify;\"><strong>&#8216;T\u00dcRK\u0130YE\u2019N\u0130N V\u0130CDANLI \u0130NSANLARI&#8217;<\/strong><\/p>\n<p style=\"text-align: justify;\"><strong>Sanat\u00e7\u0131 Ahmet Kaya\u2019n\u0131n e\u015fi G\u00fclten Kaya<\/strong>:<\/p>\n<p style=\"text-align: justify;\">&#8220;Buradaki insan say\u0131s\u0131n\u0131n T\u00fcrkiye\u2019deki t\u00fcm vicdanl\u0131 insanlar\u0131 temsil etti\u011fini d\u00fc\u015f\u00fcn\u00fcyorum. T\u00fcrkiye bir k\u0131r\u0131lma noktas\u0131ndan ge\u00e7iyor. Buraya gelen insanlar, di\u011fer t\u00fcm kimliklerinden soyutlanarak bir karde\u015fleri \u00f6ld\u00fcr\u00fcld\u00fc\u011f\u00fc i\u00e7in buraya geliyor. Ben bunu \u00e7ok \u00f6nemsiyorum.&#8221;<\/p>\n<p style=\"text-align: justify;\"><strong>&#8216;T\u00dcRK\u0130YE HRANT \u0130\u00c7\u0130N B\u0130R ARAYA GELD\u0130&#8217;<\/strong><\/p>\n<p style=\"text-align: justify;\"><strong>Gazeteci Ayd\u0131n Engin<\/strong>:<\/p>\n<p style=\"text-align: justify;\">Biz bitti demeden bu dava b\u00f6yle bitmez. Bug\u00fcn\u00fcn en anlaml\u0131 slogan\u0131 ba\u015fka s\u00f6ze gerek b\u0131rakm\u0131yor. Bize \u2018Siz kimsiniz\u2019 diye soruyorlar. Biz i\u015fte bu alanda toplanan on binleriz. Bu sadece bir kuru kalabal\u0131k de\u011fil. Burada T\u00fcrkiye\u2019nin mozai\u011fi Hrant i\u00e7in bir araya geldi.<\/p>\n<p style=\"text-align: justify;\"><strong>&#8216;BU SESS\u0130Z B\u0130R \u00c7I\u011eLIK&#8217;<\/strong><\/p>\n<p style=\"text-align: justify;\">Binlerce ki\u015finin kat\u0131ld\u0131\u011f\u0131 y\u00fcr\u00fcy\u00fc\u015f i\u00e7in \u00e7a\u011fr\u0131 yapan Hrant\u2019\u0131n Arkada\u015flar\u0131, \u00e7a\u011fr\u0131 metninde duyarl\u0131 kesimlere \u015fu c\u00fcmleler ile seslenmi\u015fti:<\/p>\n<p style=\"text-align: justify;\">\u201cHrant Dink\u2019i yok ettikleri g\u00fcnden bu yana tam be\u015f y\u0131l ge\u00e7ti. Be\u015f y\u0131l \u00f6nce onu y\u00fcz binler \u0130stanbul caddelerinde akarak, milyonlar a\u011flayarak u\u011furlad\u0131. Be\u015finci y\u0131l\u0131nda o b\u00fcy\u00fck dayan\u0131\u015fmay\u0131, o sessiz \u00e7\u0131\u011fl\u0131\u011f\u0131, o \u00e7ok b\u00fcy\u00fck anlam ta\u015f\u0131yan demokratik \u00e7\u0131k\u0131\u015f\u0131 tekrarlamak dile\u011fi ve umudunday\u0131z. Be\u015f y\u0131l boyunca cinayetin yarg\u0131lanma s\u00fcrecini hepimiz i\u00e7imiz burkularak, \u00f6fkelenerek, isyan ederek izledik. Kar\u015f\u0131m\u0131za \u00fc\u00e7 be\u015f tetik\u00e7i \u00e7\u0131kard\u0131lar ve bununla yetinmemizi istediler.<\/p>\n<p style=\"text-align: justify;\">O y\u00fczden 19 Ocak 2012 Per\u015fembe g\u00fcn\u00fc Hrant Dink\u2019i olabildi\u011fince b\u00fcy\u00fck bir kitlenin kat\u0131l\u0131m\u0131yla anmak daha da bir anlam ve \u00f6nem kazan\u0131yor. Ama bunu olabildi\u011fince geni\u015f kesimlere duyurmakta ve kat\u0131l\u0131mlar\u0131n\u0131 \u00f6zendirmekte sizin yard\u0131m\u0131n\u0131za, deste\u011finize \u015fiddetle ihtiyac\u0131m\u0131z var. Katk\u0131lar\u0131n\u0131z olmadan bunu ba\u015faramay\u0131z.<\/p>\n<p style=\"text-align: justify;\">Taksim Meydan\u0131n\u0131n Elmada\u011f\u2019a olan y\u00f6n\u00fcnde toplanaca\u011f\u0131z ve AGOS\u2019un \u00f6n\u00fcne y\u00fcr\u00fcyece\u011fiz. Slogan yok. \u00d6rg\u00fctsel flama, bayrak yok. Bu sessiz bir \u00e7\u0131\u011fl\u0131k.\u201d<\/p>\n<p style=\"text-align: justify;\"><a href=\"http:\/\/www.ntvmsnbc.com\/id\/25315193\/\" target=\"_blank\">Kaynak : NTVMSNBC<\/a><\/p>\n","protected":false},"excerpt":{"rendered":"<p style=\"text-align: justify;\">\n<p style=\"text-align: justify;\">Gazeteci Hrant Dink, \u00f6ld\u00fcr\u00fcl\u00fc\u015f\u00fcn\u00fcn 5. y\u0131l\u0131nda an\u0131ld\u0131. Mahkeme karar\u0131n\u0131 protesto eden on binlerce ki\u015fi, Taksim Meydan\u0131&#8217;ndan Agos gazetesine do\u011fru y\u00fcr\u00fcd\u00fc. Burada bas\u0131n a\u00e7\u0131klamas\u0131n\u0131 okuyan Karaka\u015fl\u0131, T\u00fcrkiye\u2019de \u00f6ld\u00fcr\u00fclen Ermenilerin isimlerini okurken, toplanan kitle de \u2018Burada\u2019 diye kar\u015f\u0131l\u0131k verdi.<\/p>\n<p style=\"text-align: justify;\">\u0130STANBUL &#8211; 5 y\u0131l \u00f6nce Agos gazetesi \u00f6n\u00fcndeki silahl\u0131 sald\u0131r\u0131da \u00f6ld\u00fcr\u00fclen <\/p>\n","protected":false},"author":1,"featured_media":0,"comment_status":"open","ping_status":"open","sticky":false,"template":"","format":"standard","meta":{"footnotes":""},"categories":[105],"tags":[],"class_list":["post-46852","post","type-post","status-publish","format-standard","hentry","category-gundem","odd"],"_links":{"self":[{"href":"http:\/\/www.korhanyilmaz.com\/index.php?rest_route=\/wp\/v2\/posts\/46852","targetHints":{"allow":["GET"]}}],"collection":[{"href":"http:\/\/www.korhanyilmaz.com\/index.php?rest_route=\/wp\/v2\/posts"}],"about":[{"href":"http:\/\/www.korhanyilmaz.com\/index.php?rest_route=\/wp\/v2\/types\/post"}],"author":[{"embeddable":true,"href":"http:\/\/www.korhanyilmaz.com\/index.php?rest_route=\/wp\/v2\/users\/1"}],"replies":[{"embeddable":true,"href":"http:\/\/www.korhanyilmaz.com\/index.php?rest_route=%2Fwp%2Fv2%2Fcomments&post=46852"}],"version-history":[{"count":0,"href":"http:\/\/www.korhanyilmaz.com\/index.php?rest_route=\/wp\/v2\/posts\/46852\/revisions"}],"wp:attachment":[{"href":"http:\/\/www.korhanyilmaz.com\/index.php?rest_route=%2Fwp%2Fv2%2Fmedia&parent=46852"}],"wp:term":[{"taxonomy":"category","embeddable":true,"href":"http:\/\/www.korhanyilmaz.com\/index.php?rest_route=%2Fwp%2Fv2%2Fcategories&post=46852"},{"taxonomy":"post_tag","embeddable":true,"href":"http:\/\/www.korhanyilmaz.com\/index.php?rest_route=%2Fwp%2Fv2%2Ftags&post=46852"}],"curies":[{"name":"wp","href":"https:\/\/api.w.org\/{rel}","templated":true}]}}