{"id":46844,"date":"2012-01-19T13:45:29","date_gmt":"2012-01-19T11:45:29","guid":{"rendered":"http:\/\/www.korhanyilmaz.com\/?p=46844"},"modified":"2026-01-27T21:46:41","modified_gmt":"2026-01-27T18:46:41","slug":"hrant-dink-yabanci-uyruklu-yabanci-sirket","status":"publish","type":"post","link":"http:\/\/www.korhanyilmaz.com\/?p=46844","title":{"rendered":"&#8220;Hrant Dink, yabanc\u0131 uyruklu, yabanc\u0131 \u015firket&#8230;&#8221;"},"content":{"rendered":"<p style=\"text-align: center;\"><a href=\"http:\/\/www.korhanyilmaz.com\/wp-content\/uploads\/2012\/01\/9282.jpg\"  class=\"lightview\"><img loading=\"lazy\" decoding=\"async\" class=\"aligncenter wp-image-46845\" src=\"http:\/\/www.korhanyilmaz.com\/wp-content\/uploads\/2012\/01\/9282.jpg\" alt=\"\" width=\"347\" height=\"266\" \/><\/a><\/p>\n<p style=\"text-align: justify;\">Hrant Dink davas\u0131n\u0131n karar\u0131n\u0131 de\u011ferlendiren Cumhurba\u015fkan\u0131 Abdullah G\u00fcl&#8217;\u00fcn, &#8220;T\u00fcrkiye&#8217;de hukukun kar\u015f\u0131s\u0131nda herkesin e\u015fit oldu\u011funu, yabanc\u0131 \u015firketlere kar\u015f\u0131 da yabanc\u0131 uyruklu insanlara da hep e\u015fit davranm\u0131\u015f bir \u00fclke oldu\u011fumuzu g\u00f6stermemiz laz\u0131m&#8221; s\u00f6zleri hayret uyand\u0131rd\u0131.<\/p>\n<p style=\"text-align: justify;\">Bir dizi ziyaret i\u00e7in Aksaray&#8217;a gelen Cumhurba\u015fkan\u0131 Abdullah G\u00fcl, ilk ziyaretini Aksaray Valili\u011fi&#8217;ne ger\u00e7ekle\u015ftirdi. Vali Orhan Alimo\u011flu&#8217;nu ziyaret eden Cumhurba\u015fkan\u0131 G\u00fcl, burada gazetecilerin g\u00fcndeme ili\u015fkin sorular\u0131n\u0131 yan\u0131tlad\u0131.\u00a0<!--more--><\/p>\n<p style=\"text-align: justify;\"><strong>&#8220;Yabanc\u0131 uyruklu insanlara da&#8230;&#8221;\u00a0<\/strong><\/p>\n<p style=\"text-align: justify;\">Gazetecilerin Hrant Dink davas\u0131nda verilen ilk kararla ilgili sorusu \u00fczerine Cumhurba\u015fkan\u0131 G\u00fcl, \u015funlar\u0131 s\u00f6yledi:<\/p>\n<p style=\"text-align: justify;\">&#8220;B\u00f6yle bir cinayete T\u00fcrk halk\u0131 o zaman da zaten b\u00fcy\u00fck bir tepki vermi\u015fti. Hatta T\u00fcrkiye ile ilgili \u00f6nyarg\u0131lar\u0131 olanlar \u00e7ok hayret etmi\u015flerdi. Maalesef, \u00e7ok tabii ki \u00fcz\u00fcc\u00fc bir olayd\u0131. Mahkeme s\u00fcreci uzun s\u00fcrd\u00fc, devam etti, ilk karar \u00e7\u0131kt\u0131 ama hala mahkeme devam ediyor. Kesin karar bir an \u00f6nce \u00fcmit ederim ki \u00e7\u0131kar. Bu dava \u00f6nemli bir dava. T\u00fcrkiye&#8217;de hukukun kar\u015f\u0131s\u0131nda herkesin e\u015fit oldu\u011funu, yabanc\u0131 \u015firketlere kar\u015f\u0131 da yabanc\u0131 uyruklu insanlara da hep e\u015fit davranm\u0131\u015f bir \u00fclke oldu\u011fumuzu g\u00f6stermemiz laz\u0131m. Bu dava ayr\u0131 bir hassasiyet ta\u015f\u0131yordu. O bak\u0131mdan her t\u00fcrl\u00fc titizli\u011fi g\u00f6stermek, vatanda\u015flar\u0131m\u0131z aras\u0131nda yanl\u0131\u015f kanaatlerin olu\u015fmas\u0131na f\u0131rsat vermemek devlet olarak tabii ki bizim g\u00f6revimizdir. O bak\u0131mdan dava s\u00fcrecinin en \u015feffaf \u015fekilde, kanunlar\u0131m\u0131za yasalar\u0131m\u0131za en uygun \u015fekilde neticelenmesi bizim i\u00e7in \u00f6nemli bir s\u0131navd\u0131r. Bu sebeple yarg\u0131 i\u015fini y\u00fcr\u00fct\u00fcrken idari makamlarda her t\u00fcrl\u00fc kolayl\u0131\u011f\u0131 olay\u0131n tam ortaya \u00e7\u0131kmas\u0131 i\u00e7in muhakkak g\u00f6sterecektir&#8221; dedi.<\/p>\n<p style=\"text-align: justify;\">Fransa&#8217;n\u0131n s\u00f6zde Ermeni soyk\u0131r\u0131m\u0131n\u0131 inkar edenler i\u00e7in ceza \u00f6ng\u00f6ren yasa tasar\u0131s\u0131 hakk\u0131ndaki soru \u00fczerine ise Cumhurba\u015fkan\u0131 G\u00fcl, &#8220;Bu yasa Fransa gibi bir \u00fclkeye yak\u0131\u015fm\u0131yor. E\u011fer kabul edilirse ili\u015fkilerimiz g\u00f6lgelenmekle kalmaz darbe al\u0131r&#8221; \u015feklinde konu\u015ftu.<\/p>\n<p style=\"text-align: justify;\">19 May\u0131s Atat\u00fcrk&#8217;\u00fc Anma, Ge\u00e7lik ve Spor Bayram\u0131&#8217;yla ilgili genelgeyle ilgili ise Cumhurba\u015fkan\u0131 G\u00fcl, &#8220;O konuyla ilgili a\u00e7\u0131klamalar yap\u0131ld\u0131 ancak yanl\u0131\u015f anla\u015f\u0131lmalar oldu. Daha sonra yap\u0131lan a\u00e7\u0131klamalarla bu yanl\u0131\u015f anla\u015f\u0131lmalar d\u00fczeltildi. Bayramlar\u0131m\u0131z\u0131 kald\u0131r\u0131lmas\u0131 gibi bir \u015fey s\u00f6z konusu de\u011fil&#8221; \u015feklinde ifade etti.<\/p>\n<p style=\"text-align: justify;\">Ziyaret sonunda Vali Orhan Alimo\u011flu, ziyaretleri an\u0131s\u0131na Cumhurba\u015fkan\u0131 G\u00fcl&#8217;e el dokumas\u0131 hal\u0131 hediye etti.<\/p>\n<p style=\"text-align: justify;\"><a href=\"http:\/\/www.cnnturk.com\/2012\/turkiye\/01\/19\/hrant.dink.yabanci.uyruklu.yabanci.sirket\/645506.0\/index.html\" target=\"_blank\" rel=\"noopener\">Kaynak : CNN T\u00dcRK<\/a><\/p>\n","protected":false},"excerpt":{"rendered":"<p style=\"text-align: center;\">\n<p style=\"text-align: justify;\">Hrant Dink davas\u0131n\u0131n karar\u0131n\u0131 de\u011ferlendiren Cumhurba\u015fkan\u0131 Abdullah G\u00fcl&#8217;\u00fcn, &#8220;T\u00fcrkiye&#8217;de hukukun kar\u015f\u0131s\u0131nda herkesin e\u015fit oldu\u011funu, yabanc\u0131 \u015firketlere kar\u015f\u0131 da yabanc\u0131 uyruklu insanlara da hep e\u015fit davranm\u0131\u015f bir \u00fclke oldu\u011fumuzu g\u00f6stermemiz laz\u0131m&#8221; s\u00f6zleri hayret uyand\u0131rd\u0131.<\/p>\n<p style=\"text-align: justify;\">Bir dizi ziyaret i\u00e7in Aksaray&#8217;a gelen Cumhurba\u015fkan\u0131 Abdullah G\u00fcl, ilk ziyaretini Aksaray Valili\u011fi&#8217;ne ger\u00e7ekle\u015ftirdi. Vali <\/p>\n","protected":false},"author":1,"featured_media":0,"comment_status":"open","ping_status":"open","sticky":false,"template":"","format":"standard","meta":{"footnotes":""},"categories":[105],"tags":[],"class_list":["post-46844","post","type-post","status-publish","format-standard","hentry","category-gundem","odd"],"_links":{"self":[{"href":"http:\/\/www.korhanyilmaz.com\/index.php?rest_route=\/wp\/v2\/posts\/46844","targetHints":{"allow":["GET"]}}],"collection":[{"href":"http:\/\/www.korhanyilmaz.com\/index.php?rest_route=\/wp\/v2\/posts"}],"about":[{"href":"http:\/\/www.korhanyilmaz.com\/index.php?rest_route=\/wp\/v2\/types\/post"}],"author":[{"embeddable":true,"href":"http:\/\/www.korhanyilmaz.com\/index.php?rest_route=\/wp\/v2\/users\/1"}],"replies":[{"embeddable":true,"href":"http:\/\/www.korhanyilmaz.com\/index.php?rest_route=%2Fwp%2Fv2%2Fcomments&post=46844"}],"version-history":[{"count":0,"href":"http:\/\/www.korhanyilmaz.com\/index.php?rest_route=\/wp\/v2\/posts\/46844\/revisions"}],"wp:attachment":[{"href":"http:\/\/www.korhanyilmaz.com\/index.php?rest_route=%2Fwp%2Fv2%2Fmedia&parent=46844"}],"wp:term":[{"taxonomy":"category","embeddable":true,"href":"http:\/\/www.korhanyilmaz.com\/index.php?rest_route=%2Fwp%2Fv2%2Fcategories&post=46844"},{"taxonomy":"post_tag","embeddable":true,"href":"http:\/\/www.korhanyilmaz.com\/index.php?rest_route=%2Fwp%2Fv2%2Ftags&post=46844"}],"curies":[{"name":"wp","href":"https:\/\/api.w.org\/{rel}","templated":true}]}}