{"id":46841,"date":"2012-01-19T12:53:49","date_gmt":"2012-01-19T10:53:49","guid":{"rendered":"http:\/\/www.korhanyilmaz.com\/?p=46841"},"modified":"2012-01-19T14:28:43","modified_gmt":"2012-01-19T12:28:43","slug":"erdogani-da-tutuklayacak-misiniz","status":"publish","type":"post","link":"http:\/\/www.korhanyilmaz.com\/?p=46841","title":{"rendered":"&#8220;Erdo\u011fan&#8217;\u0131 da tutuklayacak m\u0131s\u0131n\u0131z?&#8221;"},"content":{"rendered":"<p style=\"text-align: center;\"><a href=\"http:\/\/www.korhanyilmaz.com\/wp-content\/uploads\/2012\/01\/9280.jpg\"  class=\"lightview\"><img loading=\"lazy\" decoding=\"async\" class=\"aligncenter  wp-image-46842\" src=\"http:\/\/www.korhanyilmaz.com\/wp-content\/uploads\/2012\/01\/9280.jpg\" alt=\"\" width=\"307\" height=\"236\" \/><\/a><\/p>\n<p style=\"text-align: justify;\">Guardian yazar\u0131 Timothy Garton Ash, Fransa&#8217;da 1915 olaylar\u0131n\u0131n &#8216;soyk\u0131r\u0131m oldu\u011funu inkar etmeyi&#8217; su\u00e7 sayan yasa tasar\u0131s\u0131n\u0131 ifade \u00f6zg\u00fcrl\u00fc\u011f\u00fcne bir sald\u0131r\u0131 olarak tan\u0131mlad\u0131. Yazar, &#8220;Peki T\u00fcrk Ba\u015fbakan\u0131 Recep Tayyip Erdo\u011fan Fransa&#8217;ya yapaca\u011f\u0131 bir sonraki resmi ziyaretinde b\u00f6yle bir minimize etme su\u00e7undan tutuklanmal\u0131 m\u0131?&#8221; diye sordu.\u00a0<!--more--><\/p>\n<p style=\"text-align: justify;\">Ash makalesinde, Fransa&#8217;da Senato&#8217;nun gelecek Pazartesi g\u00fcn\u00fc yap\u0131lacak oylamada, Ulusal Meclis&#8217;ten ge\u00e7en tasar\u0131y\u0131 ifade ve tarihi ara\u015ft\u0131rma \u00f6zg\u00fcrl\u00fc\u011f\u00fc ad\u0131na reddetmesi gerekti\u011fini s\u00f6yl\u00fcyor.<\/p>\n<p style=\"text-align: justify;\">Ash, Senato&#8217;nun tasar\u0131ya, 1789&#8217;daki Frans\u0131z Devrimi&#8217;nden sonra yay\u0131mlanan \u0130nsan ve Yurtta\u015f Haklar\u0131 Bildirgesi&#8217;nin &#8220;D\u00fc\u015f\u00fcncelerin ve inan\u00e7lar\u0131n serbest\u00e7e d\u0131\u015favurumu en de\u011ferli insan haklar\u0131ndan bir tanesidir&#8221; diyen 11&#8217;inci maddesi uyar\u0131nca da kar\u015f\u0131 \u00e7\u0131kmas\u0131 gerekti\u011fi g\u00f6r\u00fc\u015f\u00fcnde.<\/p>\n<p style=\"text-align: justify;\">&#8220;Burada mesele, Osmanl\u0131 \u0130mparatorlu\u011fu&#8217;nun son y\u0131llar\u0131nda Ermenilerin katlinin korkun\u00e7 olup olmad\u0131\u011f\u0131, ya da T\u00fcrk veya Avrupal\u0131lar\u0131n belle\u011finde kabullenilip, kabullenilmemesi gerekti\u011fi de\u011fil. Korkun\u00e7tu ve kabullenilmeli de&#8221; diyen yazar \u015f\u00f6yle devam ediyor:<\/p>\n<p style=\"text-align: justify;\">&#8220;Sorun \u015fu, bu korkun\u00e7 olaylar\u0131n uluslararas\u0131 hukukta yeri olan &#8220;soyk\u0131r\u0131m&#8221; ifadesiyle tan\u0131mlanmas\u0131na kar\u015f\u0131 \u00e7\u0131kmak Fransa&#8217;da, ya da ba\u015fka bir \u00fclkede su\u00e7 olmal\u0131 m\u0131? Me\u015fhur Osmanl\u0131 tarihi uzman\u0131 Bernard Lewis, Ermenilerin \u00e7ekti\u011fi ac\u0131lar\u0131 daha az g\u00f6stermeye \u00e7al\u0131\u015fmadan, tam da bu noktaya kar\u015f\u0131 \u00e7\u0131km\u0131\u015ft\u0131. Peki, Fransa Parlamentosu d\u00fcnya tarihi ve di\u011fer \u00fclkelerin ge\u00e7mi\u015fte yapt\u0131klar\u0131 \u00fczerine kararlar veren bir mahkeme gibi davranacak donan\u0131ma ve yetkiye sahip mi? Bu iki sorunun da yan\u0131t\u0131 hay\u0131r.&#8221;<\/p>\n<p style=\"text-align: justify;\"><strong>&#8220;Erdo\u011fan da tutuklanacak m\u0131?&#8221;<\/strong><\/p>\n<p style=\"text-align: justify;\">Tasar\u0131n\u0131n, sadece soyk\u0131r\u0131m\u0131 inkar etmeyi de\u011fil, soyk\u0131r\u0131m\u0131 &#8220;\u00f6l\u00e7\u00fcs\u00fczce minimize etmeyi&#8221; su\u00e7 sayd\u0131\u011f\u0131n\u0131 belirten yazar \u015fu \u00f6rnekle devam ediyor;<\/p>\n<p style=\"text-align: justify;\">&#8220;T\u00fcrklerin \u00f6len Ermeni tahmini 500 bin, Ermenilerin ise 1,5 milyonsa, ne minimize etmek say\u0131lacak? 547 bin mi? Peki T\u00fcrk Ba\u015fbakan\u0131 Recep Tayyip Erdo\u011fan Fransa&#8217;ya yapaca\u011f\u0131 bir sonraki resmi ziyaretinde b\u00f6yle bir minimize etme su\u00e7undan tutuklanmal\u0131 m\u0131?&#8221;<\/p>\n<p style=\"text-align: justify;\"><strong>Se\u00e7im hesab\u0131<\/strong><\/p>\n<p style=\"text-align: justify;\">Fransa Parlamentosu&#8217;nda bu t\u00fcr yasa tasar\u0131lar\u0131n\u0131n ortaya \u00e7\u0131kmas\u0131yla, 500 bin Ermeni k\u00f6kenli se\u00e7menin b\u00fcy\u00fck rol oynad\u0131\u011f\u0131 se\u00e7imlerin yakla\u015fmas\u0131 aras\u0131nda b\u00fcy\u00fck bir ilgi oldu\u011funu s\u00f6yleyen Timothy Garton Ash, &#8220;Aral\u0131k 2001&#8217;de olanlar\u0131 soyk\u0131r\u0131m olarak tan\u0131mlayan yasa, tam da parlamento ve cumhurba\u015fkanl\u0131\u011f\u0131 se\u00e7imlerinden \u00f6nce \u00e7\u0131km\u0131\u015ft\u0131. \u015eimdikine benzer bir tasar\u0131 da, 2006&#8217;da bir sonraki y\u0131l yap\u0131lacak se\u00e7imlere gidilirken parlamentonun alt kanad\u0131ndan ge\u00e7mi\u015f, ama Senato&#8217;da reddedilmi\u015fti. Bu y\u0131l ne olacak? Evet, se\u00e7imler&#8221; diyor.<\/p>\n<p style=\"text-align: justify;\">T\u00fcrk h\u00fck\u00fcmetinin tepkisinin beklendi\u011fi gibi sert oldu\u011funu s\u00f6yleyen Ash, Erdo\u011fan&#8217;\u0131n da Cezayir&#8217;de olanlar nedeniyle Fransa&#8217;y\u0131 soyk\u0131r\u0131mla su\u00e7lad\u0131\u011f\u0131n\u0131 hat\u0131rlat\u0131yor. Ash \u015f\u00f6yle devam ediyor;<\/p>\n<p style=\"text-align: justify;\"><strong>&#8220;Siyasi malzeme oldu&#8221;<\/strong><\/p>\n<p style=\"text-align: justify;\">B\u00f6ylece, vakur anma t\u00f6renlerinin ve eldeki kan\u0131tlara ters d\u00fc\u015fse de, en tutars\u0131z teorileri bile sakince test eden \u00f6zg\u00fcr bir tarih tart\u0131\u015fmas\u0131n\u0131n konusu olmas\u0131 gereken bir trajedi, siyasi manip\u00fclasyon ve siyaset\u00e7ilerin birbirine sata\u015fma malzemesine d\u00f6n\u00fc\u015ft\u00fc. D\u00fcn\u00fcn cesetlerinin say\u0131s\u0131, yar\u0131n\u0131n oy say\u0131s\u0131 i\u00e7in istismar edildi. \u0130\u015fler, &#8216;Sen beni soyk\u0131r\u0131mla su\u00e7larsan, ben de seni su\u00e7lar\u0131m&#8217;, noktas\u0131na geldi. Bu arada Nobel \u00f6d\u00fcll\u00fc Orhan Pamuk gibi cesurca Ermenilere yap\u0131lanlar\u0131n soyk\u0131r\u0131m oldu\u011funu s\u00f6yleyen entelekt\u00fceller de T\u00fcrkiye&#8217;de soru\u015fturmaya u\u011frad\u0131. Yani, Fransa&#8217;da devletin buyurdu\u011fu do\u011fru, T\u00fcrkiye&#8217;de devletin buyurdu\u011fu yanl\u0131\u015f oluyor. &#8221; (\u00a0BBC T\u00fcrk\u00e7e )<\/p>\n<p style=\"text-align: justify;\"><a href=\"http:\/\/www.cnnturk.com\/2012\/guncel\/01\/19\/erdogani.da.tutuklayacak.misiniz\/645507.0\/index.html\" target=\"_blank\">Kaynak : CNN T\u00dcRK<\/a><\/p>\n","protected":false},"excerpt":{"rendered":"<p style=\"text-align: center;\">\n<p style=\"text-align: justify;\">Guardian yazar\u0131 Timothy Garton Ash, Fransa&#8217;da 1915 olaylar\u0131n\u0131n &#8216;soyk\u0131r\u0131m oldu\u011funu inkar etmeyi&#8217; su\u00e7 sayan yasa tasar\u0131s\u0131n\u0131 ifade \u00f6zg\u00fcrl\u00fc\u011f\u00fcne bir sald\u0131r\u0131 olarak tan\u0131mlad\u0131. Yazar, &#8220;Peki T\u00fcrk Ba\u015fbakan\u0131 Recep Tayyip Erdo\u011fan Fransa&#8217;ya yapaca\u011f\u0131 bir sonraki resmi ziyaretinde b\u00f6yle bir minimize etme su\u00e7undan tutuklanmal\u0131 m\u0131?&#8221; diye sordu. <\/p>\n","protected":false},"author":1,"featured_media":0,"comment_status":"open","ping_status":"open","sticky":false,"template":"","format":"standard","meta":{"footnotes":""},"categories":[105],"tags":[],"class_list":["post-46841","post","type-post","status-publish","format-standard","hentry","category-gundem","odd"],"_links":{"self":[{"href":"http:\/\/www.korhanyilmaz.com\/index.php?rest_route=\/wp\/v2\/posts\/46841","targetHints":{"allow":["GET"]}}],"collection":[{"href":"http:\/\/www.korhanyilmaz.com\/index.php?rest_route=\/wp\/v2\/posts"}],"about":[{"href":"http:\/\/www.korhanyilmaz.com\/index.php?rest_route=\/wp\/v2\/types\/post"}],"author":[{"embeddable":true,"href":"http:\/\/www.korhanyilmaz.com\/index.php?rest_route=\/wp\/v2\/users\/1"}],"replies":[{"embeddable":true,"href":"http:\/\/www.korhanyilmaz.com\/index.php?rest_route=%2Fwp%2Fv2%2Fcomments&post=46841"}],"version-history":[{"count":0,"href":"http:\/\/www.korhanyilmaz.com\/index.php?rest_route=\/wp\/v2\/posts\/46841\/revisions"}],"wp:attachment":[{"href":"http:\/\/www.korhanyilmaz.com\/index.php?rest_route=%2Fwp%2Fv2%2Fmedia&parent=46841"}],"wp:term":[{"taxonomy":"category","embeddable":true,"href":"http:\/\/www.korhanyilmaz.com\/index.php?rest_route=%2Fwp%2Fv2%2Fcategories&post=46841"},{"taxonomy":"post_tag","embeddable":true,"href":"http:\/\/www.korhanyilmaz.com\/index.php?rest_route=%2Fwp%2Fv2%2Ftags&post=46841"}],"curies":[{"name":"wp","href":"https:\/\/api.w.org\/{rel}","templated":true}]}}