{"id":46829,"date":"2012-01-19T08:30:41","date_gmt":"2012-01-19T06:30:41","guid":{"rendered":"http:\/\/www.korhanyilmaz.com\/?p=46829"},"modified":"2012-01-19T13:45:36","modified_gmt":"2012-01-19T11:45:36","slug":"cerrah-ne-dediyse-o","status":"publish","type":"post","link":"http:\/\/www.korhanyilmaz.com\/?p=46829","title":{"rendered":"Cerrah ne dediyse o"},"content":{"rendered":"<p style=\"text-align: center;\"><a href=\"http:\/\/www.korhanyilmaz.com\/wp-content\/uploads\/2012\/01\/9277.jpg\"  class=\"lightview\"><img loading=\"lazy\" decoding=\"async\" class=\"aligncenter  wp-image-46830\" src=\"http:\/\/www.korhanyilmaz.com\/wp-content\/uploads\/2012\/01\/9277.jpg\" alt=\"\" width=\"350\" height=\"180\" \/><\/a><\/p>\n<p style=\"text-align: justify;\">\u015eu anda Osmaniye Valisi olan Celalettin Cerrah, Dink cinayetinin ertesi g\u00fcn\u00fc &#8220;\u00d6rg\u00fct yok bireysel cinayet&#8221; demi\u015fti. Mahkeme aynen \u00f6yle karar verdi.<\/p>\n<p style=\"text-align: justify;\">\u0130STANBUL &#8211; Hrant Dink&#8217;in \u00f6ld\u00fcr\u00fcld\u00fc\u011f\u00fc g\u00fcn\u00fcn ertesinde gazetecilere bir a\u00e7\u0131klama yapan d\u00f6nemin \u0130stanbul Emniyet M\u00fcd\u00fcr\u00fc Celalettin Cerrah, &#8220;\u00d6rg\u00fct ba\u011flant\u0131s\u0131 yok. \u015e\u00fcpheli milliyet\u00e7i duygularla su\u00e7 i\u015flemi\u015f&#8221; dedi. Ve 5 y\u0131l sonra suikast davas\u0131nda mahkeme karar\u0131n\u0131 a\u00e7\u0131klad\u0131: &#8220;\u00d6rg\u00fct yok! Adi cinayet&#8221;. \u00d6zel Yetkili 14. A\u011f\u0131r Ceza Mahkemesi&#8217;ndeki yarg\u0131lama sonunda, Dink&#8217;in \u00f6ld\u00fcr\u00fclmesinin 5&#8217;inci y\u0131ld\u00f6n\u00fcm\u00fcnde, tam da bug\u00fcn Osmaniye Valisi olan Cerrah&#8217;\u0131n a\u00e7\u0131klad\u0131\u011f\u0131 gibi, Dink&#8217;in \u00f6ld\u00fcr\u00fclmesinin adi bir cinayet oldu\u011fu ve \u00e7ete bir yana ter\u00f6r \u00f6rg\u00fct\u00fc de olmad\u0131\u011f\u0131 karar\u0131 verildi.<!--more--><\/p>\n<p style=\"text-align: justify;\"><strong>VAL\u0130 G\u00dcLER D\u00dcZELTM\u0130\u015eT\u0130<\/strong><\/p>\n<p style=\"text-align: justify;\">Dink&#8217;in \u00f6ld\u00fcr\u00fcld\u00fc\u011f\u00fc 19 Ocak 2007&#8217;den bir g\u00fcn sonra 20 Ocak&#8217;ta gazetecilerin sorular\u0131n\u0131 cevaplayan Cerrah, \u0130stanbul Ter\u00f6rle M\u00fccadele \u015eube M\u00fcd\u00fcrl\u00fc\u011f\u00fc&#8217;nde ifadesi al\u0131nan \u015f\u00fcpheli Og\u00fcn Samast&#8217;\u0131n, Trabzon&#8217;da 2004&#8217;te Mc Donald&#8217;s&#8217;\u0131n bombalanmas\u0131 olay\u0131na kar\u0131\u015fan Yasin Hayal ile ba\u011flant\u0131 i\u00e7inde oldu\u011funu ifade ederek &#8220;Cinayetin herhangi bir siyasi boyutu ve \u00f6rg\u00fct ba\u011flant\u0131s\u0131 yok. Zanl\u0131, milliyet\u00e7i duygularla cinayeti i\u015flemi\u015f. Arkada\u015f\u0131 Yasin Hayal&#8217;le de bu konuda g\u00f6r\u00fc\u015fmelerde bulunmu\u015f&#8221; demi\u015fti.<\/p>\n<p style=\"text-align: justify;\">Sabah&#8217;\u0131n haberine g\u00f6re, olay\u0131 t\u00fcm detaylar\u0131yla ortaya \u00e7\u0131karmas\u0131 gereken Cerrah&#8217;\u0131n daha ilk g\u00fcnden yapt\u0131\u011f\u0131 bu a\u00e7\u0131klama o d\u00f6nemde tepkilere neden olmu\u015ftu. Kamuoyundaki &#8220;\u00d6rg\u00fct olmad\u0131\u011f\u0131n\u0131 nereden biliyorsun?&#8221; tepkileri \u00fczerine bir a\u00e7\u0131klama yapan d\u00f6nemin \u0130stanbul Valisi Muammer G\u00fcler, Cerrah&#8217;\u0131n a\u00e7\u0131klamas\u0131n\u0131n d\u00fczeltildi\u011fini ve soru\u015fturmay\u0131 \u00f6rg\u00fctl\u00fc su\u00e7lara bakan savc\u0131lar\u0131n y\u00fcr\u00fctt\u00fc\u011f\u00fcn\u00fc ifade etmi\u015f, &#8220;Soru\u015fturma bitmeden olay\u0131n \u00f6rg\u00fct ya da siyasi ba\u011flant\u0131s\u0131n\u0131n olup olmad\u0131\u011f\u0131 konusunda kesin yarg\u0131da bulunmak m\u00fcmk\u00fcn de\u011fildir&#8221; demi\u015fti. \u015eu an Mardin milletvekili olan G\u00fcler, Cerrah&#8217;\u0131n &#8220;\u00d6rg\u00fct ba\u011flant\u0131s\u0131 yok&#8221; y\u00f6n\u00fcndeki a\u00e7\u0131klamas\u0131yla ilgili soruyu \u015f\u00f6yle yan\u0131tlam\u0131\u015ft\u0131: &#8220;&#8216;Bu resmi a\u00e7\u0131klama de\u011fil, d\u00fczeltme yap\u0131ld\u0131. Say\u0131n Cerrah, soru\u015fturma sona ermeden, &#8216;\u015eu ba\u011flant\u0131 vard\u0131r, bu ba\u011flant\u0131 yoktur \u00f6rg\u00fctt\u00fcr siyasidir&#8217; diyemez.&#8221;<\/p>\n<p style=\"text-align: justify;\"><a href=\"http:\/\/www.gazeteport.com.tr\/haber\/74404\/cerrah_ne_dediyse_o\" target=\"_blank\">Kaynak : GAZETEPORT<\/a><\/p>\n","protected":false},"excerpt":{"rendered":"<p style=\"text-align: center;\">\n<p style=\"text-align: justify;\">\u015eu anda Osmaniye Valisi olan Celalettin Cerrah, Dink cinayetinin ertesi g\u00fcn\u00fc &#8220;\u00d6rg\u00fct yok bireysel cinayet&#8221; demi\u015fti. Mahkeme aynen \u00f6yle karar verdi.<\/p>\n<p style=\"text-align: justify;\">\u0130STANBUL &#8211; Hrant Dink&#8217;in \u00f6ld\u00fcr\u00fcld\u00fc\u011f\u00fc g\u00fcn\u00fcn ertesinde gazetecilere bir a\u00e7\u0131klama yapan d\u00f6nemin \u0130stanbul Emniyet M\u00fcd\u00fcr\u00fc Celalettin Cerrah, &#8220;\u00d6rg\u00fct ba\u011flant\u0131s\u0131 yok. \u015e\u00fcpheli milliyet\u00e7i duygularla su\u00e7 i\u015flemi\u015f&#8221; dedi. Ve <\/p>\n","protected":false},"author":1,"featured_media":0,"comment_status":"open","ping_status":"open","sticky":false,"template":"","format":"standard","meta":{"footnotes":""},"categories":[105],"tags":[],"class_list":["post-46829","post","type-post","status-publish","format-standard","hentry","category-gundem","odd"],"_links":{"self":[{"href":"http:\/\/www.korhanyilmaz.com\/index.php?rest_route=\/wp\/v2\/posts\/46829","targetHints":{"allow":["GET"]}}],"collection":[{"href":"http:\/\/www.korhanyilmaz.com\/index.php?rest_route=\/wp\/v2\/posts"}],"about":[{"href":"http:\/\/www.korhanyilmaz.com\/index.php?rest_route=\/wp\/v2\/types\/post"}],"author":[{"embeddable":true,"href":"http:\/\/www.korhanyilmaz.com\/index.php?rest_route=\/wp\/v2\/users\/1"}],"replies":[{"embeddable":true,"href":"http:\/\/www.korhanyilmaz.com\/index.php?rest_route=%2Fwp%2Fv2%2Fcomments&post=46829"}],"version-history":[{"count":0,"href":"http:\/\/www.korhanyilmaz.com\/index.php?rest_route=\/wp\/v2\/posts\/46829\/revisions"}],"wp:attachment":[{"href":"http:\/\/www.korhanyilmaz.com\/index.php?rest_route=%2Fwp%2Fv2%2Fmedia&parent=46829"}],"wp:term":[{"taxonomy":"category","embeddable":true,"href":"http:\/\/www.korhanyilmaz.com\/index.php?rest_route=%2Fwp%2Fv2%2Fcategories&post=46829"},{"taxonomy":"post_tag","embeddable":true,"href":"http:\/\/www.korhanyilmaz.com\/index.php?rest_route=%2Fwp%2Fv2%2Ftags&post=46829"}],"curies":[{"name":"wp","href":"https:\/\/api.w.org\/{rel}","templated":true}]}}